{"id":4070,"date":"2026-06-12T10:46:59","date_gmt":"2026-06-12T13:46:59","guid":{"rendered":"https:\/\/blogs.correiobraziliense.com.br\/coletivo-filhas-da-mae\/?p=4070"},"modified":"2026-06-12T10:49:19","modified_gmt":"2026-06-12T13:49:19","slug":"quando-a-participacao-vence-o-apagamento-social","status":"publish","type":"post","link":"https:\/\/blogs.correiobraziliense.com.br\/coletivo-filhas-da-mae\/2026\/06\/12\/quando-a-participacao-vence-o-apagamento-social\/","title":{"rendered":"Quando a Participa\u00e7\u00e3o Vence o Apagamento Social"},"content":{"rendered":"<p>Cosette Castro<\/p>\n<p>Bras\u00edlia &#8211; O Brasil vive tempos de r\u00e1pido crescimento da popula\u00e7\u00e3o com 60 anos ou mais (60+). Ao mesmo tempo,\u00a0\u00a0convive com constantes tentativas de apagamento social das pessoas idosas.<\/p>\n<p>Somos 36 milh\u00f5es de pessoas 60+ (IBGE, 2026). Destes,\u00a0\u00a0cerca de 500 mil\u00a0\u00a0vivem no Distrito Federal (DF) e representam 14% da popula\u00e7\u00e3o local. Apesar disso, at\u00e9 hoje n\u00e3o existe no DF uma Secretaria\u00a0 da Pessoa Idosa nem recursos para essa popula\u00e7\u00e3o.<\/p>\n<p>N\u00e3o, n\u00e3o \u00e9 f\u00e1cil ser envelhecer no Brasil. Para al\u00e9m da nega\u00e7\u00e3o da velhice e do preconceito di\u00e1rio contra pessoas idosas, faltam pol\u00edticas p\u00fablicas, or\u00e7amento em n\u00edvel nacional e forma\u00e7\u00e3o de profissionais\u00a0\u00a0preparados para acolher a r\u00e1pida mudan\u00e7a demogr\u00e1fica que est\u00e1 ocorrendo.<\/p>\n<p>Ainda assim, os movimentos sociais seguem mostrando a sua for\u00e7a e estimulando a participa\u00e7\u00e3o das pessoas 60+. Ontem por exemplo,\u00a0\u00a0tive a oportunidade de coordenar o Eixo Desafios do Cuidado na Pr\u00e9-confer\u00eancia Livre dos Direitos das Pessoas Idosas do Distrito Federal.<\/p>\n<p>A Pr\u00e9-Confer\u00eancia aconteceu na Associa\u00e7\u00e3o Maria Concei\u00e7\u00e3o (ASMAC) do Gama e foi a terceira de quatro Pr\u00e9-confer\u00eancias nos territ\u00f3rios. As duas primeiras aconteceram na Ceil\u00e2ndia e no Parano\u00e1 e a quarta Pr\u00e9-Confer\u00eancia vai ocorrer na Associa\u00e7\u00e3o dos Idosos de Taguatinga, no dia 15\/06, a partir das 14h.<\/p>\n<p>O ponto alto das atividades ser\u00e1 a realiza\u00e7\u00e3o da 6a. Confer\u00eancia Livre dos Direitos das Pessoas Idosas do Distrito Federal na sexta-feira, 19\/06. Ela vai ocorrer\u00a0\u00a0na sede do Conselho Federal de Enfermagem (Coren) onde ser\u00e3o votadas as propostas aprovadas nos quatro encontros.<\/p>\n<p>A organiza\u00e7\u00e3o das Pr\u00e9-confer\u00eancias\u00a0\u00a0e da 6a. Confer\u00eancia Livre est\u00e1 a cargo do F\u00f3rum Distrital dos Direitos das Pessoas Idosas do qual o Coletivo Filhas da M\u00e3e \u00e9 parceiro desde 2020. Al\u00e9m do Eixo Desafios do Cuidado tamb\u00e9m est\u00e3o sendo debatidas propostas no Eixo Idadismo e no Eixo sobre Precariza\u00e7\u00e3o dos Servi\u00e7os no\u00a0\u00a0Distrito Federal.<\/p>\n<p>\u00c9 estimulante participar, ao lado de outros parceiros, de um espa\u00e7o vibrante de discuss\u00e3o sobre pol\u00edticas p\u00fablicas para o envelhecimento no territ\u00f3rio e sobre cuidado coletivo com pessoas que vivenciam a velhice sem ter medo ou vergonha da idade.<\/p>\n<p>Trata-se de um espa\u00e7o importante para que as pessoas idosas definam o futuro que desejam para o\u00a0\u00a0seu territ\u00f3rio e para o Distrito Federal.<\/p>\n<p>Nos relatos da Roda de Conversa de quinta-feira, 11\/06, as pessoas idosas, com idades entre 65 e 92 anos, falaram sobre a urg\u00eancia de transformar o Gama e as demais 34 Regi\u00f5es Administrativas do DF em cidades acess\u00edveis e inclusivas para as pessoas idosas. A maioria delas, assim como 42% dos brasileiros maiores de 60 anos,\u00a0\u00a0t\u00eam medo de cair na rua por causa da falta de manuten\u00e7\u00e3o das cal\u00e7adas ou mesmo pela inexist\u00eancia delas.<\/p>\n<p>A solid\u00e3o e o sofrimento mental tamb\u00e9m foram temas relatados durante a Pr\u00e9-Confer\u00eancia no Gama. E para combate-los, os participantes sugeriram o aumento de Centros de Conviv\u00eancia p\u00fablicos para evitar\u00a0\u00a0adoecimento. Tamb\u00e9m propuseram o aumento dos Centros de Atendimento Psicossocial (CAPS) e o aumento dos profissionais da \u00e1rea da sa\u00fade e da sa\u00fade mental para o atendimento da popula\u00e7\u00e3o 60+.<\/p>\n<p>A Pol\u00edtica Nacional de Cuidados foi discutida entre as pessoas idosas do Gama. Elas reconhecem a sua urg\u00eancia e apoiam a cria\u00e7\u00e3o da Secretaria de Cuidados do Distrito Federal, assim como a ades\u00e3o do DF ao Plano Nacional de Cuidados (PNC) . O\u00a0\u00a0Plano come\u00e7ou a ser implementado no pa\u00eds no come\u00e7o de 2026.<\/p>\n<p>No m\u00eas de conscientiza\u00e7\u00e3o sobre a viol\u00eancia contra as pessoas idosas, \u00e9 gratificante acompanhar as reflex\u00f5es e a experi\u00eancia das pessoas 60+,\u00a0\u00a0em sua maioria mulheres. Para elas e eles, cuidado \u00e9\u00a0\u00a0participa\u00e7\u00e3o, \u00e9 encontro e conviv\u00eancia.<\/p>\n<p>\u00c9 vida.<\/p>\n<p>PS: Este domingo, 14\/06, vamos participar do lan\u00e7amento do Dia das Trilhas Ecol\u00f3gicas\/DF no Parque \u00c1guas Claras em apoio ao parceiro Grupo Caminhadas Bras\u00edlia (GCB). Depois haver\u00e1 CAMINHADA e haver\u00e1 lanche compartilhado. Sairemos \u00e0s 8h de Brasilia. Ponto de encontro: entrada principal do Parque, em frente ao Col\u00e9gio Objetivo em \u00c1guas Claras.<\/p>\n<p>Aten\u00e7\u00e3o: A Caminhada em Defesa das Pessoas Idosas 2026 vai acontecer no pr\u00f3ximo domingo, dia 21\/06, depois da 6a. Confer\u00eancia Livre.<\/p>\n","protected":false},"excerpt":{"rendered":"<p>Cosette Castro Bras\u00edlia &#8211; O Brasil vive tempos de r\u00e1pido crescimento da popula\u00e7\u00e3o com 60 anos ou mais (60+). Ao mesmo tempo,\u00a0\u00a0convive com constantes tentativas de apagamento social das pessoas idosas. Somos 36 milh\u00f5es de pessoas 60+ (IBGE, 2026). Destes,\u00a0\u00a0cerca de 500 mil\u00a0\u00a0vivem no Distrito Federal (DF) e representam 14% da popula\u00e7\u00e3o local. Apesar disso, at\u00e9 hoje n\u00e3o existe no [&hellip;]<\/p>\n","protected":false},"author":126,"featured_media":0,"comment_status":"open","ping_status":"open","sticky":false,"template":"","format":"standard","meta":{"footnotes":""},"categories":[1938],"tags":[1945,2,1943,1942,1018,300,213,1941,1944],"class_list":["post-4070","post","type-post","status-publish","format-standard","hentry","category-pre-conferencias-livres-dos-direitos-das-pessoa-idosa-df","tag-6a-conferencia-livre-dos-direitos-das-pessoas-idosas","tag-cuidado","tag-envelhecimento-ativo-e-saudavel","tag-parque-aguas-claras","tag-pessoas-60","tag-pessoas-idosas","tag-politica-nacional-de-cuidado","tag-pre-conferencia-livre-dos-direitos-das-pessoas-idosas","tag-velhices"],"_links":{"self":[{"href":"https:\/\/blogs.correiobraziliense.com.br\/coletivo-filhas-da-mae\/wp-json\/wp\/v2\/posts\/4070","targetHints":{"allow":["GET"]}}],"collection":[{"href":"https:\/\/blogs.correiobraziliense.com.br\/coletivo-filhas-da-mae\/wp-json\/wp\/v2\/posts"}],"about":[{"href":"https:\/\/blogs.correiobraziliense.com.br\/coletivo-filhas-da-mae\/wp-json\/wp\/v2\/types\/post"}],"author":[{"embeddable":true,"href":"https:\/\/blogs.correiobraziliense.com.br\/coletivo-filhas-da-mae\/wp-json\/wp\/v2\/users\/126"}],"replies":[{"embeddable":true,"href":"https:\/\/blogs.correiobraziliense.com.br\/coletivo-filhas-da-mae\/wp-json\/wp\/v2\/comments?post=4070"}],"version-history":[{"count":3,"href":"https:\/\/blogs.correiobraziliense.com.br\/coletivo-filhas-da-mae\/wp-json\/wp\/v2\/posts\/4070\/revisions"}],"predecessor-version":[{"id":4073,"href":"https:\/\/blogs.correiobraziliense.com.br\/coletivo-filhas-da-mae\/wp-json\/wp\/v2\/posts\/4070\/revisions\/4073"}],"wp:attachment":[{"href":"https:\/\/blogs.correiobraziliense.com.br\/coletivo-filhas-da-mae\/wp-json\/wp\/v2\/media?parent=4070"}],"wp:term":[{"taxonomy":"category","embeddable":true,"href":"https:\/\/blogs.correiobraziliense.com.br\/coletivo-filhas-da-mae\/wp-json\/wp\/v2\/categories?post=4070"},{"taxonomy":"post_tag","embeddable":true,"href":"https:\/\/blogs.correiobraziliense.com.br\/coletivo-filhas-da-mae\/wp-json\/wp\/v2\/tags?post=4070"}],"curies":[{"name":"wp","href":"https:\/\/api.w.org\/{rel}","templated":true}]}}