{"id":4062,"date":"2026-06-08T08:35:20","date_gmt":"2026-06-08T11:35:20","guid":{"rendered":"https:\/\/blogs.correiobraziliense.com.br\/coletivo-filhas-da-mae\/?p=4062"},"modified":"2026-06-08T08:40:37","modified_gmt":"2026-06-08T11:40:37","slug":"lugar-de-pessoa-idosa-e-em-todo-lugar","status":"publish","type":"post","link":"https:\/\/blogs.correiobraziliense.com.br\/coletivo-filhas-da-mae\/2026\/06\/08\/lugar-de-pessoa-idosa-e-em-todo-lugar\/","title":{"rendered":"Lugar de Pessoa Idosa \u00e9 em Todo Lugar"},"content":{"rendered":"<p>Cosette Castro &amp; Vicente Faleiros<\/p>\n<p>Bras\u00edlia &#8211; No m\u00eas de conscientiza\u00e7\u00e3o sobre a viol\u00eancia contra as pessoas idosas o\u00a0 Blog\u00a0 do Coletivo Filhas da M\u00e3e recebe convidados para refletir coletivamente sobre o tema.<\/p>\n<p>Medo do envelhecimento, preconceito, apagamento social, desafios do mundo digital, cidades n\u00e3o acess\u00edveis e pouco amig\u00e1veis,\u00a0 falta de espa\u00e7os de conviv\u00eancia e acolhimento comunit\u00e1rios e solid\u00e3o. Essas s\u00e3o parte das viol\u00eancias cotidianas que as pessoas com 60 anos ou mais enfrentam.<\/p>\n<p>Ao mesmo tempo elas, que representam 23,2% do eleitorado, seguem acreditando na for\u00e7a da participa\u00e7\u00e3o social e na possibilidade de construir um mundo melhor. Entre elas est\u00e1 o professor\u00a0\u00a0em\u00e9rito da UnB, Vicente Faleiros, convidado de hoje do Blog.<\/p>\n<p>Vicente Faleiros &#8211; &#8221;\u00a0Pessoas 60+ s\u00e3o 16,18% da popula\u00e7\u00e3o brasileira, perto de 33 milh\u00f5es, que continuam a contribuir para a sociedade e o Estado. Sustentam filhos e netos, estimulam o consumo, ativam a economia do cuidado que chega a 12% do Produto Interno Bruto (PIB).<\/p>\n<p>Pessoas idosas pagam impostos diretos e\/ou indiretos, s\u00e3o cidad\u00e3os e cidad\u00e3s, fazem hist\u00f3ria.<\/p>\n<p>Aprenderam, na maioria, a usar de toda tecnologia do S\u00e9culo XX e, parte deles est\u00e3o ativos na era digital, conforme o perfil comum a toda popula\u00e7\u00e3o.<\/p>\n<p>S\u00e3o diversas as velhices, a depender da renda, da cor da pele, do g\u00eanero, da escolaridade, do acesso a aparelhos, do acesso a redes e de autonomia.<\/p>\n<p>O direito de envelhecer com dignidade, direitos e respeito \u00e9 cl\u00e1usula p\u00e9trea da Constitui\u00e7\u00e3o Federal e definido no Estatuto da Pessoa Idosa.<\/p>\n<p>A Seguridade Social (Sa\u00fade, Assist\u00eancia Social e Previd\u00eancia) \u00e9 fundamental para a cidadania. A Previd\u00eancia Social \u00e9 contributiva, portanto intoc\u00e1vel, n\u00e3o pode ser apropriada por sonega\u00e7\u00e3o e nem por governos para tapar buracos or\u00e7ament\u00e1rios.<\/p>\n<p>A informa\u00e7\u00e3o e o acesso a direitos n\u00e3o podem ficar condicionados ao bel prazer das manobras digitais. Essas manobras imp\u00f5em dispositivos aleat\u00f3rios e barreiras a cada surto arbitr\u00e1rio de tecnocratas de plant\u00e3o aliados do neoliberalismo e do idadismo que cortam direitos.<\/p>\n<p>\u00c9 direito das pessoas idosas ter cidadania assegurada, renda, sa\u00fade, assist\u00eancia, cuidado, dentre outros. A Previd\u00eancia Social n\u00e3o pode ser sugada, sendo necess\u00e1rio um novo pacto social para se envelhecer bem.<\/p>\n<p>As chamadas <em>bigtechs<\/em> e\u00a0as plataformas digitais governamentais precisam ser inclusivas, respeitando a \u00e9tica e direitos.<\/p>\n<p>Os governos federal, estaduais e municipais s\u00e3o obrigados ao atendimento presencial acess\u00edvel para a diversidade e heterogeneidade de uma sociedade desigual como a brasileira.<\/p>\n<p>H\u00e1 governos estaduais\/municipais que contratam \u201cdespachantes\u201d digitais paradoxalmente para o digital inacess\u00edvel para providenciar pagamentos ou direito. Muitos recebem recursos do governo e ainda cobram do cidad\u00e3o, configurando uma m\u00e1fia digital.<\/p>\n<p>Cidadania n\u00e3o \u00e9 ser ref\u00e9m. \u00c9 ter o servi\u00e7o e o direito que conv\u00e9m, que assegura a acessibilidade na democracia num contexto de desigualdades, diversidade e heterogeneidade do envelhecimento. Do contr\u00e1rio ca\u00edmos em um neonazismo do arb\u00edtrio do que \u00e9 a aplica\u00e7\u00e3o da lei.&#8221;<\/p>\n<p>Esta semana o Coletivo Filhas da M\u00e3e, em parceria com o F\u00f3rum Distrital dos Direitos das Pessoas Idosas, estar\u00e1 participando\u00a0 das pr\u00e9-confer\u00eancias preparat\u00f3rias para a 6a. Confer\u00eancia Livre dos Direitos das Pessoas Idosas (19\/06). O tema deste ano \u00e9 &#8220;Idadismo, Precariza\u00e7\u00e3o dos Servi\u00e7os e Desafios do Cuidado&#8221;.<\/p>\n<p>As pr\u00e9-confer\u00eancias v\u00e3o ocorrer nos seguintes locais:<\/p>\n<p>&#8211; Dia 09, das 9 \u00e0s 12h30, na Associa\u00e7\u00e3o de Idosos da Ceil\u00e2ndia (AIC);<\/p>\n<p>&#8211; Dia 10, das 13h30 \u00e0s 16h30, no Centro de Cultura e Desenvolvimento do Parano\u00e1 (CEDEP);<\/p>\n<p>&#8211; Dia 11, das 8 \u00e0s 10h30, na Associa\u00e7\u00e3o Maria Concei\u00e7\u00e3o (ASMAC) , no Gama.<\/p>\n<p>Participe! Esperamos voc\u00ea.<\/p>\n<p>&nbsp;<\/p>\n<p>&nbsp;<\/p>\n<p>&nbsp;<\/p>\n","protected":false},"excerpt":{"rendered":"<p>Cosette Castro &amp; Vicente Faleiros Bras\u00edlia &#8211; No m\u00eas de conscientiza\u00e7\u00e3o sobre a viol\u00eancia contra as pessoas idosas o\u00a0 Blog\u00a0 do Coletivo Filhas da M\u00e3e recebe convidados para refletir coletivamente sobre o tema. Medo do envelhecimento, preconceito, apagamento social, desafios do mundo digital, cidades n\u00e3o acess\u00edveis e pouco amig\u00e1veis,\u00a0 falta de espa\u00e7os de conviv\u00eancia e acolhimento comunit\u00e1rios e solid\u00e3o. Essas [&hellip;]<\/p>\n","protected":false},"author":126,"featured_media":0,"comment_status":"open","ping_status":"open","sticky":false,"template":"","format":"standard","meta":{"footnotes":""},"categories":[1938],"tags":[2,924,5,106,1018,300,1939,345],"class_list":["post-4062","post","type-post","status-publish","format-standard","hentry","category-pre-conferencias-livres-dos-direitos-das-pessoa-idosa-df","tag-cuidado","tag-cuidado-coletivo","tag-envelhecimento","tag-idadismo","tag-pessoas-60","tag-pessoas-idosas","tag-pre-conferencias-livres-dos-direitos-das-pessoa-idosa-df-1a-conferencia-livre","tag-vicente-faleiros"],"_links":{"self":[{"href":"https:\/\/blogs.correiobraziliense.com.br\/coletivo-filhas-da-mae\/wp-json\/wp\/v2\/posts\/4062","targetHints":{"allow":["GET"]}}],"collection":[{"href":"https:\/\/blogs.correiobraziliense.com.br\/coletivo-filhas-da-mae\/wp-json\/wp\/v2\/posts"}],"about":[{"href":"https:\/\/blogs.correiobraziliense.com.br\/coletivo-filhas-da-mae\/wp-json\/wp\/v2\/types\/post"}],"author":[{"embeddable":true,"href":"https:\/\/blogs.correiobraziliense.com.br\/coletivo-filhas-da-mae\/wp-json\/wp\/v2\/users\/126"}],"replies":[{"embeddable":true,"href":"https:\/\/blogs.correiobraziliense.com.br\/coletivo-filhas-da-mae\/wp-json\/wp\/v2\/comments?post=4062"}],"version-history":[{"count":4,"href":"https:\/\/blogs.correiobraziliense.com.br\/coletivo-filhas-da-mae\/wp-json\/wp\/v2\/posts\/4062\/revisions"}],"predecessor-version":[{"id":4066,"href":"https:\/\/blogs.correiobraziliense.com.br\/coletivo-filhas-da-mae\/wp-json\/wp\/v2\/posts\/4062\/revisions\/4066"}],"wp:attachment":[{"href":"https:\/\/blogs.correiobraziliense.com.br\/coletivo-filhas-da-mae\/wp-json\/wp\/v2\/media?parent=4062"}],"wp:term":[{"taxonomy":"category","embeddable":true,"href":"https:\/\/blogs.correiobraziliense.com.br\/coletivo-filhas-da-mae\/wp-json\/wp\/v2\/categories?post=4062"},{"taxonomy":"post_tag","embeddable":true,"href":"https:\/\/blogs.correiobraziliense.com.br\/coletivo-filhas-da-mae\/wp-json\/wp\/v2\/tags?post=4062"}],"curies":[{"name":"wp","href":"https:\/\/api.w.org\/{rel}","templated":true}]}}