{"id":4007,"date":"2026-05-11T09:51:35","date_gmt":"2026-05-11T12:51:35","guid":{"rendered":"https:\/\/blogs.correiobraziliense.com.br\/coletivo-filhas-da-mae\/?p=4007"},"modified":"2026-05-11T09:51:35","modified_gmt":"2026-05-11T12:51:35","slug":"precisamos-falar-sobre-trabalho-de-cuidado-gratuito","status":"publish","type":"post","link":"https:\/\/blogs.correiobraziliense.com.br\/coletivo-filhas-da-mae\/2026\/05\/11\/precisamos-falar-sobre-trabalho-de-cuidado-gratuito\/","title":{"rendered":"Precisamos Falar Sobre Trabalho de Cuidado Gratuito"},"content":{"rendered":"<p dir=\"auto\">Cosette Castro<\/p>\n<p dir=\"auto\">Bras\u00edlia &#8211; O dia depois do dia das m\u00e3es \u00e9 um bom momento para pensar sobre a romantiza\u00e7\u00e3o do trabalho gratuito de cuidado que as brasileiras realizam todos os dias.<\/p>\n<p dir=\"auto\">No domingo, 10 de maio, foi poss\u00edvel ler frases nas redes sociais digitais que seguem enaltecendo e naturalizando o cuidado gratuito de pessoas e o cuidado dom\u00e9stico sem remunera\u00e7\u00e3o. Entre elas havia uma &#8216;p\u00e9rola&#8217; que exemplifica a tentativa cotidiana de apagar a sobrecarga e o cansa\u00e7o das mulheres.<\/p>\n<p dir=\"auto\">&#8220;O cuidado por amor n\u00e3o pesa&#8221;.<\/p>\n<p dir=\"auto\">A frase foi escrita por um homem que cresceu sendo dispensado de realizar cuidado dom\u00e9stico e de cuidar de familiares, porque cuidado &#8216;n\u00e3o \u00e9 coisa de homem&#8217;. Enquanto isso, ele viu as irm\u00e3s tendo que &#8216;ajudar&#8217; a cuidar da casa e de outras pessoas, antes ou depois da aula.<\/p>\n<p dir=\"auto\">Ele, que passou a inf\u00e2ncia e adolesc\u00eancia sendo cuidado, considera &#8216;natural&#8217; seguir sendo cuidado na vida adulta. Ao mesmo tempo se considera uma pessoa moderna porque a mulher tamb\u00e9m est\u00e1 trabalhando no mercado para dividir os gastos da casa. Mas quando chega em casa ele descansa, enquanto a mulher segue realizando jornadas de cuidado gratuito.<\/p>\n<p dir=\"auto\">A frase &#8220;o cuidado por amor n\u00e3o pesa&#8221; vai muito al\u00e9m de um aparente elogio \u00e0s mulheres. Al\u00e9m de naturalizar o cuidado feminino e reduzir o peso do cuidado, \u00e9 um grande incentivo a que as mulheres &#8216;fortes&#8217; sigam cuidando de forma invis\u00edvel e gratuita ao longo da vida. \u00c9 tamb\u00e9m uma perversidade, pois trata-se de uma tentativa subliminar de gerar culpa nas mulheres que sentirem cansa\u00e7o f\u00edsico e emocional ao longo do dia de cuidados.<\/p>\n<p dir=\"auto\">Esse trabalho dom\u00e9stico invis\u00edvel come\u00e7a cedo para a maioria das meninas, em geral antes dos 10 anos (33%), ou logo ap\u00f3s os 10 anos (44%) e segue ao longo da vida. J\u00e1 o cuidado gratuito de familiares tem mais for\u00e7a a partir da adolesc\u00eancia, por volta dos 15 anos , crescendo na vida adulta e ap\u00f3s os 60 anos.\u00a0Esses dados aparecem na Pesquisa <strong>&#8220;Quem Cuida de Quem Cuida? &#8211; reflex\u00f5es sobre o trabalho de cuidado n\u00e3o remunerado entre mulheres banc\u00e1rias do Distrito Federal&#8221;<\/strong> que foi recentemente finalizada sob minha coordena\u00e7\u00e3o.<\/p>\n<p dir=\"auto\">De acordo com a pesquisa, 58,2% das participantes s\u00e3o chefes de fam\u00edlia e\u00a077,4% delas t\u00eam pessoas dependentes para cuidar. Isso faz com que as participantes do estudo tenham sobrecarga f\u00edsica e mental di\u00e1ria, sobrando pouco tempo para praticar autocuidado e para\u00a0 pensar ou calcular o tempo di\u00e1rio gasto no cuidado n\u00e3o remunerado.<\/p>\n<p dir=\"auto\">Apesar da aprova\u00e7\u00e3o da Pol\u00edtica Nacional de Cuidados (dez.,2024), 95% das participantes ainda n\u00e3o conhecem seus direitos.<\/p>\n<p dir=\"auto\">A pesquisa, que contou com a participa\u00e7\u00e3o de 150 mulheres,\u00a0 ser\u00e1 lan\u00e7ada no <strong>Semin\u00e1rio &#8220;Quem Cuida de Quem Cuida?&#8221;<\/strong> na <strong>sexta-feira, 15 de maio, \u00e0s 19h, no teatro do Sindicato dos Banc\u00e1rios DF<\/strong>, localizado na Entrequadra 314\/15 Sul, com entrada aberta para a comunidade. Esperamos voc\u00ea.<\/p>\n<div dir=\"auto\"><\/div>\n<p dir=\"auto\">\n<p class=\"yj6qo\">\n<p class=\"adL\" dir=\"auto\">\n<p class=\"adL\" dir=\"auto\">\n","protected":false},"excerpt":{"rendered":"<p>Cosette Castro Bras\u00edlia &#8211; O dia depois do dia das m\u00e3es \u00e9 um bom momento para pensar sobre a romantiza\u00e7\u00e3o do trabalho gratuito de cuidado que as brasileiras realizam todos os dias. No domingo, 10 de maio, foi poss\u00edvel ler frases nas redes sociais digitais que seguem enaltecendo e naturalizando o cuidado gratuito de pessoas e o cuidado dom\u00e9stico sem [&hellip;]<\/p>\n","protected":false},"author":126,"featured_media":0,"comment_status":"open","ping_status":"open","sticky":false,"template":"","format":"standard","meta":{"footnotes":""},"categories":[1902],"tags":[1911,1910,1909,1914,1912,1913],"class_list":["post-4007","post","type-post","status-publish","format-standard","hentry","category-cuidado-familiar-e-domestico","tag-cuidado-nao-remunerado","tag-mulheres-bancarias","tag-quem-cuida-de-quem-cuida-reflexoes-sobre-o-trabalho-de-cuidado-nao-remunerado-entre-mulheres-bancarias-do-distrito-federal","tag-sindicato-dos-bancarios-df","tag-sobrecarga-fisica","tag-sobrecarga-mental"],"_links":{"self":[{"href":"https:\/\/blogs.correiobraziliense.com.br\/coletivo-filhas-da-mae\/wp-json\/wp\/v2\/posts\/4007","targetHints":{"allow":["GET"]}}],"collection":[{"href":"https:\/\/blogs.correiobraziliense.com.br\/coletivo-filhas-da-mae\/wp-json\/wp\/v2\/posts"}],"about":[{"href":"https:\/\/blogs.correiobraziliense.com.br\/coletivo-filhas-da-mae\/wp-json\/wp\/v2\/types\/post"}],"author":[{"embeddable":true,"href":"https:\/\/blogs.correiobraziliense.com.br\/coletivo-filhas-da-mae\/wp-json\/wp\/v2\/users\/126"}],"replies":[{"embeddable":true,"href":"https:\/\/blogs.correiobraziliense.com.br\/coletivo-filhas-da-mae\/wp-json\/wp\/v2\/comments?post=4007"}],"version-history":[{"count":6,"href":"https:\/\/blogs.correiobraziliense.com.br\/coletivo-filhas-da-mae\/wp-json\/wp\/v2\/posts\/4007\/revisions"}],"predecessor-version":[{"id":4013,"href":"https:\/\/blogs.correiobraziliense.com.br\/coletivo-filhas-da-mae\/wp-json\/wp\/v2\/posts\/4007\/revisions\/4013"}],"wp:attachment":[{"href":"https:\/\/blogs.correiobraziliense.com.br\/coletivo-filhas-da-mae\/wp-json\/wp\/v2\/media?parent=4007"}],"wp:term":[{"taxonomy":"category","embeddable":true,"href":"https:\/\/blogs.correiobraziliense.com.br\/coletivo-filhas-da-mae\/wp-json\/wp\/v2\/categories?post=4007"},{"taxonomy":"post_tag","embeddable":true,"href":"https:\/\/blogs.correiobraziliense.com.br\/coletivo-filhas-da-mae\/wp-json\/wp\/v2\/tags?post=4007"}],"curies":[{"name":"wp","href":"https:\/\/api.w.org\/{rel}","templated":true}]}}