{"id":3993,"date":"2026-05-04T08:05:37","date_gmt":"2026-05-04T11:05:37","guid":{"rendered":"https:\/\/blogs.correiobraziliense.com.br\/coletivo-filhas-da-mae\/?p=3993"},"modified":"2026-05-04T09:22:27","modified_gmt":"2026-05-04T12:22:27","slug":"shakira-e-o-trabalho-de-cuidado-gratuito","status":"publish","type":"post","link":"https:\/\/blogs.correiobraziliense.com.br\/coletivo-filhas-da-mae\/2026\/05\/04\/shakira-e-o-trabalho-de-cuidado-gratuito\/","title":{"rendered":"Shakira e o Trabalho de Cuidado Gratuito"},"content":{"rendered":"<p>Cosette Castro<\/p>\n<p>Bras\u00edlia &#8211; O show de Shakira na noite de s\u00e1bado, 02\/05, foi mais do que um sucesso de p\u00fablico.<\/p>\n<p>Foi uma grande onda que tomou conta da orla de Copacabana no Rio de Janeiro reunindo mais de 2 milh\u00f5es de pessoas.<\/p>\n<p>Essa onda tamb\u00e9m entrou nas casas brasileiras pela televis\u00e3o, pelos celulares e computadores de todos os tipos e tamanhos. E se expandiu pelo mundo, reverberando at\u00e9 agora.<\/p>\n<p>Para al\u00e9m da performance da cantora colombiana, o show foi uma den\u00fancia em alto e bom tom sobre o trabalho invis\u00edvel de cuidado familiar e de cuidado dom\u00e9stico realizado pelas mulheres brasileiras todos os dias.<\/p>\n<p>Shakira se referiu especificamente \u00e0s 20 milh\u00f5es de m\u00e3es solo que sobrevivem diariamente realizando duplas e triplas jornadas de trabalho. Mas sua voz foi muito mais ampla.<\/p>\n<p>Ela falou sobre a realidade de todas as mulheres brasileiras que cuidam familiares gratuitamente. Entre elas crian\u00e7as, adolescentes,\u00a0 namorados e maridos, pa\u00eds e outros familiares sem remunera\u00e7\u00e3o. Shakira tamb\u00e9m falou sobre a invisibilidade do trabalho de cuidado dom\u00e9stico, repetitivo, realizado pelas mulheres dia ap\u00f3s dia ao longo da vida.<\/p>\n<p>No Brasil h\u00e1 20 milh\u00f5es de m\u00e3es solo que est\u00e3o sobrecarregadas f\u00edsica e mentalmente. E h\u00e1 20 milh\u00f5es, de pais abandonadores, muitos deles sem cumprir os deveres b\u00e1sicos de manuten\u00e7\u00e3o financeira, participa\u00e7\u00e3o e cuidado afetivo de seus filhos e filhas. Uma parte deles considera o filho\/a como um &#8216;gasto&#8217; .<\/p>\n<p>A voz de Shakira tem dimens\u00e3o mundial e segue repercutindo entre diferentes gera\u00e7\u00f5es. Particularmente as mais jovens.<\/p>\n<p>J\u00e1 o Portal da Transpar\u00eancia do Registro Civil chama os pais abandonadores de &#8216;pais ausentes&#8217;.<\/p>\n<p>Esse \u00e9 um conceito encontrado nos estudos da Sociologia da Fam\u00edlia e tamb\u00e9m na Psicologia. Mas ainda \u00e9 pouco. Os pais ausentes podem ser aqueles que, mesmo estando dentro de casa, n\u00e3o se fazem presentes nem tampouco acolhem os filhos e filhas.<\/p>\n<p>Pais abandonadores deixam marcas f\u00edsicas e emocionais do abandono ao longo da vida dos filhos e filhas. E s\u00e3o uma p\u00e9ssima refer\u00eancia sobre o que \u00e9 ser pai e sobre paternidade. Al\u00e9m de deixar as m\u00e3es constantemente sobrecarregadas, sob o risco do adoecimento f\u00edsico e mental.<\/p>\n<p>O abandono masculino n\u00e3o \u00e9 uma exce\u00e7\u00e3o. Ele n\u00e3o acontece apenas em rela\u00e7\u00e3o aos filhos e filhas. Se estende por quem necessita cuidados na fam\u00edlia, sejam os pais ou a pr\u00f3pria esposa\/ companheira.<\/p>\n<p>Dados da Sociedade Brasileira de Mastologia (2023), por exemplo, apontam que 70% das mulheres com c\u00e2ncer no Brasil s\u00e3o abandonadas pelos maridos\/companheiros. Logo eles que passam a vida sendo cuidados. Essa situa\u00e7\u00e3o se repete entre mulheres diagnosticadas com outras doen\u00e7as, entre elas o Alzheimer.<\/p>\n<p>Enquanto as mulheres foram educadas para serem cuidadoras invis\u00edveis e gratuitas, os homens foram educados para serem cuidados, sem retribui\u00e7\u00e3o. Por isso, muitos deles acham &#8216;natural&#8217; que n\u00e3o ocorra uma divis\u00e3o igualit\u00e1ria nos cuidados. Que mulheres ganhem menores sal\u00e1rios para as mesmas fun\u00e7\u00f5es no mercado e ainda cheguem em casa e sigam cuidando e trabalhando.<\/p>\n<p>Est\u00e1 mais do que na hora de que a corresponsabilidade do trabalho de cuidado n\u00e3o remunerado prevista na Pol\u00edtica Nacional de Cuidados (2024) passe a ocorrer na pr\u00e1tica com campanhas p\u00fablicas nacionais permanentes e com cursos de forma\u00e7\u00e3o sobre cuidado para os homens, etc.\u00a0 Para que o trabalho de cuidado de pessoas e dom\u00e9stico\u00a0 seja\u00a0repartido igualmente entre homens e mulheres dentro das fam\u00edlias.<\/p>\n<p>N\u00e3o \u00e9 favor. \u00c9 lei.<\/p>\n<p>\u00c9 cuidado familiar e coletivo.<\/p>\n<p>&nbsp;<\/p>\n<p>&nbsp;<\/p>\n","protected":false},"excerpt":{"rendered":"<p>Cosette Castro Bras\u00edlia &#8211; O show de Shakira na noite de s\u00e1bado, 02\/05, foi mais do que um sucesso de p\u00fablico. Foi uma grande onda que tomou conta da orla de Copacabana no Rio de Janeiro reunindo mais de 2 milh\u00f5es de pessoas. Essa onda tamb\u00e9m entrou nas casas brasileiras pela televis\u00e3o, pelos celulares e computadores de todos os tipos [&hellip;]<\/p>\n","protected":false},"author":126,"featured_media":0,"comment_status":"open","ping_status":"open","sticky":false,"template":"","format":"standard","meta":{"footnotes":""},"categories":[1902],"tags":[1548,420,1904,1246,1908,1907,1905,1906,1903],"class_list":["post-3993","post","type-post","status-publish","format-standard","hentry","category-cuidado-familiar-e-domestico","tag-cuidado-domestico","tag-cuidado-familiar","tag-cuidado-gratuito","tag-cuidado-sem-remuneracao","tag-maes-solo","tag-mulheres-que-cuidam","tag-pais-abandonadores","tag-pais-ausentes","tag-shakira"],"_links":{"self":[{"href":"https:\/\/blogs.correiobraziliense.com.br\/coletivo-filhas-da-mae\/wp-json\/wp\/v2\/posts\/3993","targetHints":{"allow":["GET"]}}],"collection":[{"href":"https:\/\/blogs.correiobraziliense.com.br\/coletivo-filhas-da-mae\/wp-json\/wp\/v2\/posts"}],"about":[{"href":"https:\/\/blogs.correiobraziliense.com.br\/coletivo-filhas-da-mae\/wp-json\/wp\/v2\/types\/post"}],"author":[{"embeddable":true,"href":"https:\/\/blogs.correiobraziliense.com.br\/coletivo-filhas-da-mae\/wp-json\/wp\/v2\/users\/126"}],"replies":[{"embeddable":true,"href":"https:\/\/blogs.correiobraziliense.com.br\/coletivo-filhas-da-mae\/wp-json\/wp\/v2\/comments?post=3993"}],"version-history":[{"count":4,"href":"https:\/\/blogs.correiobraziliense.com.br\/coletivo-filhas-da-mae\/wp-json\/wp\/v2\/posts\/3993\/revisions"}],"predecessor-version":[{"id":3997,"href":"https:\/\/blogs.correiobraziliense.com.br\/coletivo-filhas-da-mae\/wp-json\/wp\/v2\/posts\/3993\/revisions\/3997"}],"wp:attachment":[{"href":"https:\/\/blogs.correiobraziliense.com.br\/coletivo-filhas-da-mae\/wp-json\/wp\/v2\/media?parent=3993"}],"wp:term":[{"taxonomy":"category","embeddable":true,"href":"https:\/\/blogs.correiobraziliense.com.br\/coletivo-filhas-da-mae\/wp-json\/wp\/v2\/categories?post=3993"},{"taxonomy":"post_tag","embeddable":true,"href":"https:\/\/blogs.correiobraziliense.com.br\/coletivo-filhas-da-mae\/wp-json\/wp\/v2\/tags?post=3993"}],"curies":[{"name":"wp","href":"https:\/\/api.w.org\/{rel}","templated":true}]}}