{"id":3990,"date":"2026-05-01T10:51:50","date_gmt":"2026-05-01T13:51:50","guid":{"rendered":"https:\/\/blogs.correiobraziliense.com.br\/coletivo-filhas-da-mae\/?p=3990"},"modified":"2026-05-01T10:51:50","modified_gmt":"2026-05-01T13:51:50","slug":"um-1o-de-maio-para-chamar-de-seu","status":"publish","type":"post","link":"https:\/\/blogs.correiobraziliense.com.br\/coletivo-filhas-da-mae\/2026\/05\/01\/um-1o-de-maio-para-chamar-de-seu\/","title":{"rendered":"Um 1o. de Maio Para Chamar de Seu"},"content":{"rendered":"<p dir=\"auto\">Cosette Castro<\/p>\n<p dir=\"auto\">Bras\u00edlia &#8211; Este \u00e9 um primeiro de maio em que o Congresso Nacional, em especial o Senado, mais uma vez mostrou a sua cara. Ele n\u00e3o apenas \u00e9 conservador.<\/p>\n<p dir=\"auto\">Ele \u00e9 golpista e coloca interesses pessoais e pol\u00edticos acima da popula\u00e7\u00e3o. Seu presidente, Davi Alcolumbre (Uni\u00e3o &#8211; AP) se posiciona descaradamente contra o governo federal e contra o judici\u00e1rio.<\/p>\n<p dir=\"auto\">Ele e seu partido s\u00e3o apoiadores do ex- presidente Bolsonaro. Ao derrubar o veto do Presidente Lula ao PL da Dosimetria, esta semana Alcolumbre derrubou, na pr\u00e1tica, o Projeto Antifac\u00e7\u00e3o recentemente aprovado. Isto \u00e9, favoreceu fac\u00e7\u00f5es criminosas, assim como condenados por crimes hediondos, por tr\u00e1fico de drogas, por estrupo e pedofilia que poder\u00e3o deixar a pris\u00e3o mais cedo.<\/p>\n<p dir=\"auto\">Em ano de elei\u00e7\u00e3o, Alcolumbre e seus apoiadores mandam mensagens claras de golpismo. Eles n\u00e3o se preocupam com a popula\u00e7\u00e3o nem com as consequ\u00eancias dos seus atos.<\/p>\n<p dir=\"auto\">Mas o que h\u00e1 por tr\u00e1s das decis\u00f5es dos dias 29 e 30 de abril no Senado, para al\u00e9m do conservadorismo?<\/p>\n<p dir=\"auto\">A rejei\u00e7\u00e3o do Advogado Geral da Uni\u00e3o Jorge Messias ao cargo de Ministro do Supremo, cujo curr\u00edculo \u00e9 impec\u00e1vel, foi uma mensagem clara. Tanto para o judici\u00e1rio quanto para o governo Lula, que indicou o nome do advogado.<\/p>\n<p dir=\"auto\">Alcolumbre e seus apoiadores t\u00eam medo do poder do Supremo Tribunal Federal. O STF segue investigando e prendendo os golpistas de 08 de janeiro, inclusive generais.<\/p>\n<p dir=\"auto\">Eles t\u00eam medo. T\u00eam medo das investiga\u00e7\u00f5es e julgamentos que o Supremo Tribunal Federal vem fazendo.<\/p>\n<p dir=\"auto\">Inclusive a investiga\u00e7\u00e3o sobre o caso Master, o maior rombo financeiro dos \u00faltimos anos, onde h\u00e1 ind\u00edcios de que v\u00e1rios pol\u00edticos conservadores foram beneficiados. Entre eles, os do Distrito Federal, que colocaram em risco, inclusive, o banco p\u00fablico, o BRB.<\/p>\n<p dir=\"auto\">Mas, principalmente, Alcolumbre e seus apoiadores t\u00eam medo de mais um mandato do governo Lula.<\/p>\n<p dir=\"auto\">Ele tem avers\u00e3o a um governo popular que pretende acabar com a escala 6&#215;1, beneficiando milh\u00f5es de trabalhadoras e trabalhadores no Brasil. Algo que eles nunca teriam a iniciativa de fazer, j\u00e1 que defendem as empresas, nacionais e tamb\u00e9m as internacionais. Ele aposta em manter os privil\u00e9gios de quem j\u00e1 \u00e9 privilegiado.<\/p>\n<p dir=\"auto\">O presidente do Senado sabe que a escala de trabalho 6&#215;1 adoece as pessoas e separa as fam\u00edlias. Em especial \u00e0s mulheres que vivem exaustas, obrigadas a fazer duplas e triplas jornadas. Elas s\u00e3o respons\u00e1veis pelo cuidado familiar e pelos afazeres dom\u00e9sticos depois de chegar do trabalho remunerado. Mas n\u00e3o se importa em fazer uma amea\u00e7a velada ao projeto.<\/p>\n<p dir=\"auto\">Alcolumbre tirou a m\u00e1scara de &#8220;negociador&#8221; para tentar barrar o \u00eaxito do governo e os benef\u00edcios que Lula vem trazendo \u00e0 popula\u00e7\u00e3o. Afinal, faltam poucos meses para as elei\u00e7\u00f5es. Ele, seu partido e apoiadores querem passar a imagem de que &#8220;o governo federal est\u00e1 fraco&#8221;.<\/p>\n<p dir=\"auto\">N\u00e3o \u00e9 por acaso que os partidos conservadores t\u00eam medo e avers\u00e3o. T\u00eam medo do Novo Desenrola Brasil, que a partir de maio vai ajudar brasileiros e brasileiras a sa\u00edrem do sufoco financeiro.<\/p>\n<p dir=\"auto\">T\u00eam medo do fim do Imposto de Renda para quem ganha at\u00e9 5 mil reais e redu\u00e7\u00e3o para quem ganha at\u00e9 7.500 reais, cujo or\u00e7amento deixou de ser t\u00e3o apertado.<\/p>\n<p dir=\"auto\">E, em especial, t\u00eam medo do que o Presidente Lula representa: um pa\u00eds soberano que n\u00e3o aceita ser quintal de outro pa\u00eds, criando alternativas sociais e econ\u00f4micas para o Brasil.<\/p>\n<p dir=\"auto\">Neste 1o. de maio temos, sim, o que comemorar e ir \u00e0s ruas para defender a escala 6&#215;1 e uma vida digna para toda popula\u00e7\u00e3o. Ningu\u00e9m solta a m\u00e3o de ningu\u00e9m!<\/p>\n<p dir=\"auto\">PS: No domingo tem <strong>Caminhada no Parque Olhos d&#8217;\u00c1gua,<\/strong> localizado na SQN 413\/14. Depois da caminhada haver\u00e1 lanche compartilhado (lembre de levar algo para repartir) e, em seguida, tem chorinho com o grupo Caf\u00e9 com Chorinho. Encontro \u00e0s 8h30 na entrada do Parque, logo ap\u00f3s os banheiros. Aberta \u00e0 comunidade.<\/p>\n","protected":false},"excerpt":{"rendered":"<p>Cosette Castro Bras\u00edlia &#8211; Este \u00e9 um primeiro de maio em que o Congresso Nacional, em especial o Senado, mais uma vez mostrou a sua cara. Ele n\u00e3o apenas \u00e9 conservador. Ele \u00e9 golpista e coloca interesses pessoais e pol\u00edticos acima da popula\u00e7\u00e3o. Seu presidente, Davi Alcolumbre (Uni\u00e3o &#8211; AP) se posiciona descaradamente contra o governo federal e contra o [&hellip;]<\/p>\n","protected":false},"author":126,"featured_media":0,"comment_status":"open","ping_status":"open","sticky":false,"template":"","format":"standard","meta":{"footnotes":""},"categories":[1898],"tags":[1899,1879,2,1900,1901,803],"class_list":["post-3990","post","type-post","status-publish","format-standard","hentry","category-1o-de-maio","tag-1o-de-maio","tag-caminhada-no-parque-olhos-dagua","tag-cuidado","tag-jorge-messias","tag-novo-desenrola-brasil","tag-senado-federal"],"_links":{"self":[{"href":"https:\/\/blogs.correiobraziliense.com.br\/coletivo-filhas-da-mae\/wp-json\/wp\/v2\/posts\/3990","targetHints":{"allow":["GET"]}}],"collection":[{"href":"https:\/\/blogs.correiobraziliense.com.br\/coletivo-filhas-da-mae\/wp-json\/wp\/v2\/posts"}],"about":[{"href":"https:\/\/blogs.correiobraziliense.com.br\/coletivo-filhas-da-mae\/wp-json\/wp\/v2\/types\/post"}],"author":[{"embeddable":true,"href":"https:\/\/blogs.correiobraziliense.com.br\/coletivo-filhas-da-mae\/wp-json\/wp\/v2\/users\/126"}],"replies":[{"embeddable":true,"href":"https:\/\/blogs.correiobraziliense.com.br\/coletivo-filhas-da-mae\/wp-json\/wp\/v2\/comments?post=3990"}],"version-history":[{"count":2,"href":"https:\/\/blogs.correiobraziliense.com.br\/coletivo-filhas-da-mae\/wp-json\/wp\/v2\/posts\/3990\/revisions"}],"predecessor-version":[{"id":3992,"href":"https:\/\/blogs.correiobraziliense.com.br\/coletivo-filhas-da-mae\/wp-json\/wp\/v2\/posts\/3990\/revisions\/3992"}],"wp:attachment":[{"href":"https:\/\/blogs.correiobraziliense.com.br\/coletivo-filhas-da-mae\/wp-json\/wp\/v2\/media?parent=3990"}],"wp:term":[{"taxonomy":"category","embeddable":true,"href":"https:\/\/blogs.correiobraziliense.com.br\/coletivo-filhas-da-mae\/wp-json\/wp\/v2\/categories?post=3990"},{"taxonomy":"post_tag","embeddable":true,"href":"https:\/\/blogs.correiobraziliense.com.br\/coletivo-filhas-da-mae\/wp-json\/wp\/v2\/tags?post=3990"}],"curies":[{"name":"wp","href":"https:\/\/api.w.org\/{rel}","templated":true}]}}