{"id":3906,"date":"2026-03-27T08:00:42","date_gmt":"2026-03-27T11:00:42","guid":{"rendered":"https:\/\/blogs.correiobraziliense.com.br\/coletivo-filhas-da-mae\/?p=3906"},"modified":"2026-03-27T09:36:34","modified_gmt":"2026-03-27T12:36:34","slug":"vamos-falar-sobre-misoginia","status":"publish","type":"post","link":"https:\/\/blogs.correiobraziliense.com.br\/coletivo-filhas-da-mae\/2026\/03\/27\/vamos-falar-sobre-misoginia\/","title":{"rendered":"Vamos Falar Sobre Misoginia?"},"content":{"rendered":"<div class=\"tVu25\">\n<div class=\"nH\">\n<div class=\"nH\">\n<div class=\"nH aqk aql bkL\">\n<div class=\"nH bkK\">\n<div class=\"nH\">\n<div class=\"nH ar4 z\">\n<div class=\"aeI\">\n<div class=\"AO\">\n<div id=\":3\" class=\"Tm aeJ cgjhk\">\n<div id=\":1\" class=\"aeF\">\n<div class=\"nH\">\n<div class=\"nH\" role=\"main\">\n<div class=\"nH g\">\n<div class=\"nH a98 iY\">\n<div class=\"nH\">\n<div class=\"aHU hx\">\n<div role=\"list\">\n<div class=\"h7 ie\" role=\"listitem\">\n<div class=\"Bk\">\n<div class=\"G3 G2\">\n<div id=\"avWBGd-6\">\n<div id=\"avWBGd-7\">\n<div class=\"adn ads\">\n<div class=\"gs\">\n<div class=\"\">\n<div id=\":o6\" class=\"ii gt\">\n<div id=\":o5\" class=\"a3s aiL\">\n<div id=\"avWBGd-23\">\n<div dir=\"auto\">\n<p dir=\"auto\">Cosette Castro<\/p>\n<p dir=\"auto\">Bras\u00edlia &#8211; Finalmente esta semana o Senado brasileiro aprovou o fim da misoginia no pa\u00eds.<\/p>\n<p dir=\"auto\">A\u00a0 misoginia, de acordo com o\u00a0 Projeto de Lei (PL) 896\/2023, \u00e9 toda conduta que exterioriza \u00f3dio, desprezo ou avers\u00e3o contra mulheres. Essa conduta est\u00e1 baseada na cren\u00e7a da supremacia dos homens.\u00a0 O projeto foi aprovado com 67 votos a favor e nenhum contra, com substitutivo apresentado pela senadora Soraya Thronicke (Podemos-MS).<\/p>\n<p dir=\"auto\">A misoginia n\u00e3o \u00e9 uma brincadeira com as mulheres nem &#8220;apenas opini\u00e3o&#8221;. Ela afeta a qualidade de vida e coloca em risco a seguran\u00e7a das mulheres brasileiras. Trata-se de um crime presencial e virtual\u00a0 que estimula todos os dias diferentes tipos de viol\u00eancia contra as meninas e mulheres. A misoginia foi equiparada ao crime de racismo. (Lei 7.716\/1989).<\/p>\n<p dir=\"auto\">Os homens autores de falas e atos mis\u00f3ginos que aconte\u00e7am na forma presencial ou virtual poder\u00e3o ser presos.\u00a0 O\u00a0PL 896\/2023 prev\u00ea pena de 02 a 05 anos de pris\u00e3o e multa, sendo inafian\u00e7\u00e1vel e imprescrit\u00edvel. Ou seja, independente de quando o crime aconteceu, o autor do ato de \u00f3dio, desprezo ou avers\u00e3o \u00e0s mulheres, poder\u00e1 ser preso e julgado.<\/p>\n<p dir=\"auto\">Este \u00e9 mais um passo para combater as diferentes formas de viol\u00eancia cotidiana contra as mulheres que assola o pa\u00eds. Essas viol\u00eancias t\u00eam como \u00e1pice o feminic\u00eddio. No Brasil, quatro mulheres s\u00e3o assassinadas por dia pelo fato de serem mulheres e por &#8220;ousarem&#8221; dizer n\u00e3o a um homem.<\/p>\n<p dir=\"auto\">O ciclo da viol\u00eancia contra as mulheres t\u00eam v\u00e1rias fases. No que diz respeito aos homens\u00a0 come\u00e7a nas conversas\u00a0 entre homens que se acostumaram a ver seus pais serem servidos e a serem servidos tamb\u00e9m. H\u00e1 homens que\u00a0 estimulam, em grupos fechados ou publicamente na internet, a submiss\u00e3o das mulheres\u00a0 para refor\u00e7ar a masculinidade deles e s\u00e3o contra a igualdade de g\u00eanero e de sal\u00e1rios.<\/p>\n<p dir=\"auto\">Esse &#8220;est\u00edmulo&#8221;\u00a0 \u00e0 masculinidade aparece na forma de desprezo, de avers\u00e3o, de \u00f3dio. E de incentivo \u00e0 viol\u00eancia, caso n\u00e3o haja &#8220;obedi\u00eancia&#8221; por parte das mulheres. Esses influenciadores se multiplicam em diferentes grupos online, inclusive entre adolescentes e jovens incentivados a provar que s\u00e3o &#8220;machos, corajosos e que s\u00e3o eles que mandam&#8221;.<\/p>\n<p dir=\"auto\">A misoginia inicia cedo. Est\u00e1 presente nas conversas de pais, tios, irm\u00e3os mais velhos que se vangloriam de mostrar sua &#8220;superioridade&#8221; atrav\u00e9s do desprezo e humilha\u00e7\u00e3o \u00e0s companheiras, filhas e irm\u00e3s. E se expande para os grupos de amigos, da academia,\u00a0 do trabalho. Tamb\u00e9m est\u00e1 presente nos espa\u00e7os religiosos mais conservadores.<\/p>\n<p dir=\"auto\">Da\u00ed a passar para a viol\u00eancia f\u00edsica, psic\u00f3loga, moral, sexual,\u00a0 financeira e\/ou patrimonial contra mulheres\u00a0 \u00e9 um passo. O Projeto de Lei da Misoginia de autoria da Senadora Ana Paula Lobato (PSB\/MA), que criminaliza o discurso de \u00f3dio e desprezo,\u00a0 segue\u00a0 para ser votado na C\u00e2mara dos Deputados.<\/p>\n<p dir=\"auto\">Vale lembrar que a vota\u00e7\u00e3o por unanimidade ocorre depois que o Senado assumiu, junto com o Legislativo e o Judici\u00e1rio, o Pacto pelo Fim da Viol\u00eancia Contra as Mulheres em fevereiro de 2026.\u00a0Mas o PL demorou tr\u00eas anos de longa tramita\u00e7\u00e3o nas Comiss\u00f5es em um\u00a0 Senado com 81 senadores, entre eles apenas 16 mulheres. E houve cinco meses de tentativas de obstru\u00e7\u00e3o por senadores e senadoras conservadoras.<\/p>\n<p dir=\"auto\">A aprova\u00e7\u00e3o no Senado veio acompanhada de \u00a0tentativas de desinforma\u00e7\u00e3o por parte de pol\u00edticos conservadores,\u00a0inclusive pol\u00edticas mulheres no Senado, como Damares (PL\/DF), e na C\u00e2mara, como Bia Kicis (PL\/DF).\u00a0 Elas e eles n\u00e3o apoiam a igualdade entre homens mulheres, nem mesmo a salarial. E defendem a submiss\u00e3o feminina.<\/p>\n<p dir=\"auto\">As elei\u00e7\u00f5es est\u00e3o chegando.\u00a0 Em 2026 \u00e9 hora de\u00a0aumentar a presen\u00e7a de mulheres na pol\u00edtica votando em quem defende a qualidade de vida, a seguran\u00e7a e o fim da viol\u00eancia contra as mulheres.<\/p>\n<p dir=\"auto\">PS: Domingo, dia 29\/03, estaremos no <strong>Parque do Sudoeste<\/strong> para mais uma caminhada.\u00a0 Encontro \u00e0s 8h30, em frente \u00e0 Administra\u00e7\u00e3o. Depois da caminhada e do lanche compartilhado (leve algo para compartilhar), vamos escutar chorinho no parque a partir das 10h. Aberto \u00e0 comunidade.<\/p>\n<p class=\"adL\" dir=\"auto\">\n<\/div>\n<p class=\"adL\">\n<\/div>\n<\/div>\n<\/div>\n<p id=\"avWBGd-24\" class=\"WhmR8e\">\n<\/div>\n<\/div>\n<p class=\"ajx\">\n<\/div>\n<div class=\"gB xu\">\n<div class=\"mVCoBd\"><\/div>\n<div class=\"ip iq\">\n<div class=\"pLw6bb\"><\/div>\n<div id=\"avWBGd-25\" class=\"bJvOmf\"><\/div>\n<\/div>\n<\/div>\n<\/div>\n<\/div>\n<\/div>\n<\/div>\n<\/div>\n<\/div>\n<p>&nbsp;<\/p>\n<\/div>\n<\/div>\n<div>\n<div>\n<div class=\"amr\">\n<div class=\"nr wR\">\n<div class=\"amn\">\n<div class=\"wrsVRe\"><\/div>\n<\/div>\n<\/div>\n<\/div>\n<\/div>\n<\/div>\n<div class=\"l2\"><\/div>\n<\/div>\n<\/div>\n<\/div>\n<\/div>\n<\/div>\n<\/div>\n<\/div>\n<\/div>\n<\/div>\n<\/div>\n<\/div>\n<div class=\"aUx\">\n<div class=\"bAw bcf tRcrsc\">\n<div class=\"brC-aT5-aOt-Jw\" role=\"complementary\">\n<div class=\"brC-aT5-aOt-bsf-Jw\">\n<div class=\"brC-bsf-aT5-aOt\" role=\"tablist\">\n<div id=\"gsc-gab-6\" class=\"bse-bvF-I aT5-aOt-I bse-bvF-aLp\" role=\"tab\"><\/div>\n<div id=\"gsc-gab-2\" class=\"bse-bvF-I aT5-aOt-I bse-bvF-a9p\" role=\"tab\"><\/div>\n<div id=\"gsc-gab-4\" class=\"bse-bvF-I aT5-aOt-I bse-bvF-aLp\" role=\"tab\"><\/div>\n<div id=\"gsc-gab-9\" class=\"bse-bvF-I aT5-aOt-I bse-bvF-aLp\" role=\"tab\"><\/div>\n<div id=\"qJTzr\" class=\"bse-bvF-I aT5-aOt-I\" role=\"tab\"><\/div>\n<\/div>\n<\/div>\n<\/div>\n<div class=\"brC-dA-I-Jw\"><\/div>\n<\/div>\n<\/div>\n<\/div>\n<\/div>\n<\/div>\n<\/div>\n<div><\/div>\n<div class=\"dw\">\n<div class=\"jvV5Me\">\n<div class=\"nH lFFILd\">\n<div class=\"nH\">\n<div class=\"no\"><\/div>\n<div class=\"dJ\"><\/div>\n<\/div>\n<\/div>\n<\/div>\n<div class=\"jAmAWb\"><\/div>\n<\/div>\n","protected":false},"excerpt":{"rendered":"<p>Cosette Castro Bras\u00edlia &#8211; Finalmente esta semana o Senado brasileiro aprovou o fim da misoginia no pa\u00eds. A\u00a0 misoginia, de acordo com o\u00a0 Projeto de Lei (PL) 896\/2023, \u00e9 toda conduta que exterioriza \u00f3dio, desprezo ou avers\u00e3o contra mulheres. Essa conduta est\u00e1 baseada na cren\u00e7a da supremacia dos homens.\u00a0 O projeto foi aprovado com 67 votos a favor e nenhum [&hellip;]<\/p>\n","protected":false},"author":126,"featured_media":0,"comment_status":"open","ping_status":"open","sticky":false,"template":"","format":"standard","meta":{"footnotes":""},"categories":[1103],"tags":[1519,1867,1343,1868,1869,1866,1865,803],"class_list":["post-3906","post","type-post","status-publish","format-standard","hentry","category-violencia-contra-as-mulheres","tag-caminhada","tag-lei-7-716-1989","tag-misoginia","tag-odio-as-mulheres","tag-parque-do-sudoeste","tag-pl-896-2023","tag-pl-contra-misoginia","tag-senado-federal"],"_links":{"self":[{"href":"https:\/\/blogs.correiobraziliense.com.br\/coletivo-filhas-da-mae\/wp-json\/wp\/v2\/posts\/3906","targetHints":{"allow":["GET"]}}],"collection":[{"href":"https:\/\/blogs.correiobraziliense.com.br\/coletivo-filhas-da-mae\/wp-json\/wp\/v2\/posts"}],"about":[{"href":"https:\/\/blogs.correiobraziliense.com.br\/coletivo-filhas-da-mae\/wp-json\/wp\/v2\/types\/post"}],"author":[{"embeddable":true,"href":"https:\/\/blogs.correiobraziliense.com.br\/coletivo-filhas-da-mae\/wp-json\/wp\/v2\/users\/126"}],"replies":[{"embeddable":true,"href":"https:\/\/blogs.correiobraziliense.com.br\/coletivo-filhas-da-mae\/wp-json\/wp\/v2\/comments?post=3906"}],"version-history":[{"count":9,"href":"https:\/\/blogs.correiobraziliense.com.br\/coletivo-filhas-da-mae\/wp-json\/wp\/v2\/posts\/3906\/revisions"}],"predecessor-version":[{"id":3915,"href":"https:\/\/blogs.correiobraziliense.com.br\/coletivo-filhas-da-mae\/wp-json\/wp\/v2\/posts\/3906\/revisions\/3915"}],"wp:attachment":[{"href":"https:\/\/blogs.correiobraziliense.com.br\/coletivo-filhas-da-mae\/wp-json\/wp\/v2\/media?parent=3906"}],"wp:term":[{"taxonomy":"category","embeddable":true,"href":"https:\/\/blogs.correiobraziliense.com.br\/coletivo-filhas-da-mae\/wp-json\/wp\/v2\/categories?post=3906"},{"taxonomy":"post_tag","embeddable":true,"href":"https:\/\/blogs.correiobraziliense.com.br\/coletivo-filhas-da-mae\/wp-json\/wp\/v2\/tags?post=3906"}],"curies":[{"name":"wp","href":"https:\/\/api.w.org\/{rel}","templated":true}]}}