{"id":3880,"date":"2026-03-16T12:29:22","date_gmt":"2026-03-16T15:29:22","guid":{"rendered":"https:\/\/blogs.correiobraziliense.com.br\/coletivo-filhas-da-mae\/?p=3880"},"modified":"2026-03-16T12:55:45","modified_gmt":"2026-03-16T15:55:45","slug":"a-forca-do-encontro-e-o-cinema-brasileiro","status":"publish","type":"post","link":"https:\/\/blogs.correiobraziliense.com.br\/coletivo-filhas-da-mae\/2026\/03\/16\/a-forca-do-encontro-e-o-cinema-brasileiro\/","title":{"rendered":"A For\u00e7a do Encontro e o Cinema Brasileiro"},"content":{"rendered":"<p><span style=\"font-family: 'Aptos',sans-serif;color: black\">Cosette Castro &amp; Natalia Duarte<\/span><\/p>\n<p><span style=\"font-family: 'Aptos',sans-serif;color: black\">Bras\u00edlia \u2013 Fomos ensinadas a competir e a vencer. E aprendemos que vencer \u00e9 levar a ta\u00e7a, a estatueta, o pr\u00eamio, os holofotes. <\/span><span style=\"font-family: 'Aptos',sans-serif;color: black\">No entanto, h\u00e1 v\u00e1rias formas de vencer. <\/span><\/p>\n<p><span style=\"font-family: 'Aptos',sans-serif;color: black\">Antes das quatro indica\u00e7\u00f5es ao Oscar, o filme \u201cO Agente Secreto\u201d j\u00e1 havia conquistado mais de 70 pr\u00eamios internacionais, refor\u00e7ando o reconhecimento e respeito ao cinema brasileiro. <\/span><\/p>\n<p><span style=\"font-family: 'Aptos',sans-serif;color: black\">Mas a maior premia\u00e7\u00e3o veio da popula\u00e7\u00e3o: mais de 2 milh\u00f5es de pessoas sairam de casa para assistir o filme no escurinho do cinema at\u00e9 fevereiro. E no domingo a noite, o orgulho do nosso audiovisual mais uma vez se espalhou pelas casas, bares, cinemas e nas ruas do Brasil. <\/span><\/p>\n<p><span style=\"font-family: 'Aptos',sans-serif;color: black\">O Blog de hoje tamb\u00e9m faz refer\u00eancia ao cinema brasileiro e a situa\u00e7\u00e3o das mulheres no Brasil, em especial \u00e0s mulheres negras. O filme \u00e9 \u201cA Melhor M\u00e3e do Mundo\u201d, da diretora Anna Muylaert, a mesma que assinou em 2015, o filme \u201cQue Horas Ela Volta?\u201d. <\/span><\/p>\n<p><span style=\"font-family: 'Aptos',sans-serif;color: black\">Nesta edi\u00e7\u00e3o quem escreve sobre o tema, \u00e9 Natalia Duarte, uma das coordenadoras do Coletivo Filhas da M\u00e3e. Ela \u00e9 cuidadora familiar e professora da UnB.<\/span><\/p>\n<p><span style=\"font-family: 'Aptos',sans-serif;color: black\">Nat\u00e1lia Duarte \u2013 \u201cQueremos parabenizar e agradecer a atividade promovida pelo Conselho Regional de Psicologia (CRP\/DF), no dia 09\/03. Um acerto de p\u00fablico e prop\u00f3sito: uma exibi\u00e7\u00e3o sens\u00edvel do filme \u2018A Melhor M\u00e3e do Mundo\u2019, seguida de um debate que tocou fundo. <\/span><\/p>\n<p><span style=\"font-family: 'Aptos',sans-serif;color: black\">Representando o Coletivo, sa\u00ed emocionada e convicta de que iniciativas assim s\u00e3o essenciais para ampliar olhares e pol\u00edticas.<\/span><\/p>\n<p><span style=\"font-family: 'Aptos',sans-serif;color: black\">O filme acompanha Gal, uma m\u00e3e em situa\u00e7\u00e3o de rua que foge da viol\u00eancia dom\u00e9stica, express\u00e3o direta do patriarcado e da pobreza, e transforma sua luta em pequenas aventuras para os filhos. O filme mostra como a maternidade, mesmo nas condi\u00e7\u00f5es mais prec\u00e1rias, pode ser um motor de resist\u00eancia e imagina\u00e7\u00e3o. A narrativa evita o sensacionalismo e privilegia a dignidade das personagens.<\/span><\/p>\n<p><span style=\"font-family: 'Aptos',sans-serif;color: black\">A atua\u00e7\u00e3o de Shirley Cruz merece destaque: digna de Oscar, \u00e9 intensa, contida e visceral, uma interpreta\u00e7\u00e3o que atravessa o espectador. Ela encarna uma mulher no limite, perturbada, mas capaz de se empurrar para fora da opress\u00e3o.\u00a0<\/span><\/p>\n<p><span style=\"font-family: 'Aptos',sans-serif;color: black\">A presen\u00e7a da atriz no debate elevou o encontro. Suas falas sobre arte e transforma\u00e7\u00e3o mostram que o cinema pode ser ferramenta de mudan\u00e7a social.\u00a0<\/span><\/p>\n<p><span style=\"font-family: 'Aptos',sans-serif;color: black\">Um dos aspectos mais comoventes do filme \u00e9 a representa\u00e7\u00e3o da rede de prote\u00e7\u00e3o: sutil, fr\u00e1gil, mas real. <\/span><\/p>\n<p><span style=\"font-family: 'Aptos',sans-serif;color: black\">A rede est\u00e1 presente na\u00a0escola p\u00fablica onde os filhos e Gal se sentem acolhidos. Nas cooperativas de catadores que oferecem trabalho e pertencimento.\u00a0 Na prima que abre a casa, mesmo sobrecarregada cuidando do pai com Alzheimer. Na ocupa\u00e7\u00e3o do Movimento dos Trabalhadores Sem Teto (MTST) que traz esperan\u00e7a e abrigo.\u00a0<\/span><\/p>\n<p><span style=\"font-family: 'Aptos',sans-serif;color: black\">Esses pontos mostram que, apesar das lacunas, existem espa\u00e7os de solidariedade na vida real que precisam ser fortalecidos por pol\u00edticas p\u00fablicas.<\/span><\/p>\n<p><span style=\"font-family: 'Aptos',sans-serif;color: black\">A urg\u00eancia pol\u00edtica \u00e9 clara: superar o patriarcado, a viol\u00eancia e a pobreza exigem investimento em servi\u00e7os sociais, educa\u00e7\u00e3o p\u00fablica de qualidade, apoio \u00e0s cooperativas e pol\u00edticas de moradia. Fam\u00edlias como a de Gal e da prima dependem de uma rede de apoio robusta e cont\u00ednua. N\u00e3o apenas de gestos isolados.<\/span><\/p>\n<p><span style=\"font-family: 'Aptos',sans-serif;color: black\">O debate com Shirley Cruz foi o ponto alto do evento. Ela afirmou acreditar, junto com a diretora Anna Muylaert, na arte como forma de transforma\u00e7\u00e3o e lembrou que tem uma filha de quatro anos.\u00a0 \u2018Esse mundo vai ter que melhorar\u2019.\u00a0<\/span><\/p>\n<p><span style=\"font-family: 'Aptos',sans-serif;color: black\">Concordo com ela. Sou av\u00f3 do Ant\u00f4nio de 02 meses e tamb\u00e9m quero um mundo melhor para as pr\u00f3ximas gera\u00e7\u00f5es.\u201d <\/span><\/p>\n<p><span style=\"font-family: 'Aptos',sans-serif;color: black\">PS: Voc\u00ea leu a \u00faltima edi\u00e7\u00e3o do Blog no Correio Braziliense? Traz uma reflex\u00e3o sobre as elei\u00e7\u00f5es e a viol\u00eancia pol\u00edtica de g\u00eanero. Precisamos de mais mulheres na pol\u00edtica. <a href=\"https:\/\/blogs.correiobraziliense.com.br\/coletivo-filhas-da-mae\/2026\/03\/14\/as-eleicoes-e-o-cuidado-coletivo\/\">(Link aqui<\/a>)<\/span><\/p>\n<p>&nbsp;<\/p>\n","protected":false},"excerpt":{"rendered":"<p>Cosette Castro &amp; Natalia Duarte Bras\u00edlia \u2013 Fomos ensinadas a competir e a vencer. E aprendemos que vencer \u00e9 levar a ta\u00e7a, a estatueta, o pr\u00eamio, os holofotes. No entanto, h\u00e1 v\u00e1rias formas de vencer. Antes das quatro indica\u00e7\u00f5es ao Oscar, o filme \u201cO Agente Secreto\u201d j\u00e1 havia conquistado mais de 70 pr\u00eamios internacionais, refor\u00e7ando o reconhecimento e respeito ao [&hellip;]<\/p>\n","protected":false},"author":126,"featured_media":0,"comment_status":"open","ping_status":"open","sticky":false,"template":"","format":"standard","meta":{"footnotes":""},"categories":[1364],"tags":[1858,1857,1855,1861,870,1860,1856,1859],"class_list":["post-3880","post","type-post","status-publish","format-standard","hentry","category-cinema-nacional","tag-a-melhor-mae-do-mundo","tag-anna-muylaert","tag-cinema-nacional","tag-conselho-regional-de-psicologia-df","tag-natalia-duarte","tag-o-agente-secreto","tag-oscar-2026","tag-shirley-cruz"],"_links":{"self":[{"href":"https:\/\/blogs.correiobraziliense.com.br\/coletivo-filhas-da-mae\/wp-json\/wp\/v2\/posts\/3880","targetHints":{"allow":["GET"]}}],"collection":[{"href":"https:\/\/blogs.correiobraziliense.com.br\/coletivo-filhas-da-mae\/wp-json\/wp\/v2\/posts"}],"about":[{"href":"https:\/\/blogs.correiobraziliense.com.br\/coletivo-filhas-da-mae\/wp-json\/wp\/v2\/types\/post"}],"author":[{"embeddable":true,"href":"https:\/\/blogs.correiobraziliense.com.br\/coletivo-filhas-da-mae\/wp-json\/wp\/v2\/users\/126"}],"replies":[{"embeddable":true,"href":"https:\/\/blogs.correiobraziliense.com.br\/coletivo-filhas-da-mae\/wp-json\/wp\/v2\/comments?post=3880"}],"version-history":[{"count":5,"href":"https:\/\/blogs.correiobraziliense.com.br\/coletivo-filhas-da-mae\/wp-json\/wp\/v2\/posts\/3880\/revisions"}],"predecessor-version":[{"id":3886,"href":"https:\/\/blogs.correiobraziliense.com.br\/coletivo-filhas-da-mae\/wp-json\/wp\/v2\/posts\/3880\/revisions\/3886"}],"wp:attachment":[{"href":"https:\/\/blogs.correiobraziliense.com.br\/coletivo-filhas-da-mae\/wp-json\/wp\/v2\/media?parent=3880"}],"wp:term":[{"taxonomy":"category","embeddable":true,"href":"https:\/\/blogs.correiobraziliense.com.br\/coletivo-filhas-da-mae\/wp-json\/wp\/v2\/categories?post=3880"},{"taxonomy":"post_tag","embeddable":true,"href":"https:\/\/blogs.correiobraziliense.com.br\/coletivo-filhas-da-mae\/wp-json\/wp\/v2\/tags?post=3880"}],"curies":[{"name":"wp","href":"https:\/\/api.w.org\/{rel}","templated":true}]}}