{"id":3872,"date":"2026-03-14T14:30:20","date_gmt":"2026-03-14T17:30:20","guid":{"rendered":"https:\/\/blogs.correiobraziliense.com.br\/coletivo-filhas-da-mae\/?p=3872"},"modified":"2026-03-14T16:20:22","modified_gmt":"2026-03-14T19:20:22","slug":"as-eleicoes-e-o-cuidado-coletivo","status":"publish","type":"post","link":"https:\/\/blogs.correiobraziliense.com.br\/coletivo-filhas-da-mae\/2026\/03\/14\/as-eleicoes-e-o-cuidado-coletivo\/","title":{"rendered":"As Elei\u00e7\u00f5es e o Cuidado Coletivo"},"content":{"rendered":"<p>Cosette Castro<\/p>\n<p>Bras\u00edlia &#8211; No Brasil, a percentual entre mulheres e homens candidatos nas elei\u00e7\u00f5es ainda est\u00e1 distante da igualdade de g\u00eanero. Apenas\u00a0 20% das mulheres foram eleitas. Bem diferente do percentual\u00a0 de 50% definido pela ONU para garantir a democracia pol\u00edtica parit\u00e1ria nos pa\u00edses.<\/p>\n<p>A consequ\u00eancia da desigualdade pol\u00edtica de g\u00eanero no pa\u00eds \u00e9 o apagamento e a exclus\u00e3o das mulheres em locais de decis\u00e3o sobre o futuro delas e da na\u00e7\u00e3o. Mesmo que os partidos tenham obriga\u00e7\u00e3o legal de disponibilizar uma cota m\u00ednima de 30% para candidatas mulheres.<\/p>\n<p>Isso n\u00e3o ocorre por acaso. Os homens\u00a0 s\u00e3o\u00a0 maioria nos partidos pol\u00edticos,\u00a0 nos cargos de chefia e decis\u00e3o e na defini\u00e7\u00e3o de recursos . S\u00e3o maioria tamb\u00e9m no Legislativo, Executivo e Judici\u00e1rio, onde definem sobre a vida e o futuro das mulheres.<\/p>\n<p>Em um pa\u00eds onde elas s\u00e3o a maioria do eleitorado brasileiro \u00e9 contradit\u00f3rio que\u00a0 o n\u00famero de candidatas eleitas n\u00e3o chegue a 20%.<\/p>\n<p>Elas representam 53%\u202fdos 156,1 milh\u00f5es de eleitores. Ou seja, h\u00e1 82.5 milh\u00f5es de mulheres aptas a votar nas pr\u00f3ximas elei\u00e7\u00f5es. E a serem eleitas. Mas n\u00e3o s\u00e3o estimuladas a participar ativamente. Elas seguem na retaguarda, trabalhando e, muitas vezes, servindo de degrau para uma maioria de homens no poder.<\/p>\n<p>Apesar da Lei\u00a0\u00a0garantir a cota m\u00ednima de 30% de mulheres candidatas nos partidos,\u00a0 nem toda legenda obedece. Pior ainda. Alguns partidos e coaliz\u00f5es tentam fraudar as elei\u00e7\u00f5es apresentando candidatas fict\u00edcias (laranjas).<\/p>\n<p>Essa tamb\u00e9m \u00e9 uma viol\u00eancia pol\u00edtica de g\u00eanero. Mais do de apagar e excluir as mulheres, usa\u00a0 mulheres\u00a0 candidatas (muitas vezes idosas) como marionetes, para garantir fundos e apoios a candidatos homens.<\/p>\n<p>Mas as mulheres n\u00e3o est\u00e3o paradas. Mesmo com baixo or\u00e7amento para enfrentar caciques pol\u00edticos\u00a0 e experientes h\u00e1 anos instalados no poder, elas est\u00e3o se candidatando.<\/p>\n<p>Um dos desafios da elei\u00e7\u00e3o que ocorrer\u00e1 em 2026 \u00e9 o enfrentamento da viol\u00eancia\u00a0\u00a0pol\u00edtica de g\u00eanero. Isto \u00e9, da viol\u00eancia contra mulheres na disputa de cargos p\u00fablicos ou no exerc\u00edcio de um mandato.<\/p>\n<p>A viol\u00eancia\u00a0\u00a0pol\u00edtica continua nas campanhas, onde a prioridade e holofotes s\u00e3o dados aos homens. E segue\u00a0\u00a0com as candidatas mulheres sofrendo ataques morais, cal\u00fania, difama\u00e7\u00e3o, fake news. Em casos mais graves, h\u00e1 amea\u00e7as a ela e \u00e0 fam\u00edlia.<\/p>\n<p>Especialistas e \u00f3rg\u00e3os como o Tribunal Superior Eleitoral (TSE) t\u00eam combatido ataques mis\u00f3ginos e discursos de \u00f3dio para\u00a0 garantir um ambiente seguro para as candidatas.<\/p>\n<p>Uma das resolu\u00e7\u00f5es aprovadas pelo TSE, por exemplo,\u00a0 regulamenta a propaganda eleitoral para as Elei\u00e7\u00f5es 2026. E estabelece que \u00e9 proibido divulgar conte\u00fado de viol\u00eancia pol\u00edtica contra a mulher candidata. \u00c9 urgente que a misoginia e a viol\u00eancia pol\u00edtica de g\u00eanero sejam rigorosamente combatidas no mundo virtual e presencial.<\/p>\n<p>Ap\u00f3s as\u00a0 \u00faltimas elei\u00e7\u00f5es, a desigualdade de g\u00eanero na pol\u00edtica segue no Congresso Nacional. A maioria dos eleitos s\u00e3o homens brancos e conservadores que n\u00e3o conhecem as mulheres e suas necessidades. Tampouco se interessam por pautas que defendam e ap\u00f3iem as mulheres.<\/p>\n<p>Esses pol\u00edticos s\u00e3o os que mais atacam as colegas eleitas. Gritam, desrespeitam, assediam, amea\u00e7am e at\u00e9 agridem fisicamente as mulheres, como j\u00e1 foi observado em C\u00e2maras de Vereadores, nas Assembl\u00e9ias Legislativas e tamb\u00e9m no Congresso Nacional. Eles tamb\u00e9m desligam o microfone em reuni\u00f5es e vota\u00e7\u00f5es, impedindo que as mulheres se manifestem.<\/p>\n<p>Por outro lado, h\u00e1 mulheres que se orgulham em dizer que votam em mulheres, mas esquecem de acompanhar o hist\u00f3rico e a posi\u00e7\u00e3o da candidata ou pol\u00edtica eleita durante o mandato.<\/p>\n<p>Infelizmente ainda\u00a0 h\u00e1 mulheres eleitas\u00a0 que n\u00e3o defendem os direitos das pr\u00f3prias mulheres. Elas defendem a manuten\u00e7\u00e3o do poder e a l\u00f3gica\u00a0 masculina. Preferem que elas continuem submissas, ganhando menos e exaustas. N\u00e3o se posicionam frente \u00e0 viol\u00eancia sexual e os feminic\u00eddios no Brasil. E quando falam de pol\u00edtica de cuidados sequer defendem a corresponsabilidade masculina no cuidado familiar.<\/p>\n<p>No Coletivo Filhas da M\u00e3e acreditamos que lugar de mulher \u00e9 onde ela quiser. Principalmente na pol\u00edtica, escolhendo candidatas que defendam a vida com dignidade e o bem viver das mulheres de todas as idades.<\/p>\n<p>PS: Domingo, dia 15, vamos realizar caminhada fotogr\u00e1fica na Serrinha junto com Ver\u00f4nica Gurgel, parceira do GCB. Encontro \u00e0s 8h30 na Torre de TV Digital. Mais tarde (11h30) apoiaremos a manifesta\u00e7\u00e3o em defesa da Serrinha na quadra 208 do Eix\u00e3o Norte.<\/p>\n","protected":false},"excerpt":{"rendered":"<p>Cosette Castro Bras\u00edlia &#8211; No Brasil, a percentual entre mulheres e homens candidatos nas elei\u00e7\u00f5es ainda est\u00e1 distante da igualdade de g\u00eanero. Apenas\u00a0 20% das mulheres foram eleitas. Bem diferente do percentual\u00a0 de 50% definido pela ONU para garantir a democracia pol\u00edtica parit\u00e1ria nos pa\u00edses. A consequ\u00eancia da desigualdade pol\u00edtica de g\u00eanero no pa\u00eds \u00e9 o apagamento e a exclus\u00e3o [&hellip;]<\/p>\n","protected":false},"author":126,"featured_media":0,"comment_status":"open","ping_status":"open","sticky":false,"template":"","format":"standard","meta":{"footnotes":""},"categories":[1189],"tags":[924,1854,1853,1852,1851],"class_list":["post-3872","post","type-post","status-publish","format-standard","hentry","category-cuidado-coletivo","tag-cuidado-coletivo","tag-eleicoes-2026","tag-lugar-de-mulher-e-onde-ela-quiser","tag-mulheres-na-politica","tag-violencia-politica-de-genero"],"_links":{"self":[{"href":"https:\/\/blogs.correiobraziliense.com.br\/coletivo-filhas-da-mae\/wp-json\/wp\/v2\/posts\/3872","targetHints":{"allow":["GET"]}}],"collection":[{"href":"https:\/\/blogs.correiobraziliense.com.br\/coletivo-filhas-da-mae\/wp-json\/wp\/v2\/posts"}],"about":[{"href":"https:\/\/blogs.correiobraziliense.com.br\/coletivo-filhas-da-mae\/wp-json\/wp\/v2\/types\/post"}],"author":[{"embeddable":true,"href":"https:\/\/blogs.correiobraziliense.com.br\/coletivo-filhas-da-mae\/wp-json\/wp\/v2\/users\/126"}],"replies":[{"embeddable":true,"href":"https:\/\/blogs.correiobraziliense.com.br\/coletivo-filhas-da-mae\/wp-json\/wp\/v2\/comments?post=3872"}],"version-history":[{"count":6,"href":"https:\/\/blogs.correiobraziliense.com.br\/coletivo-filhas-da-mae\/wp-json\/wp\/v2\/posts\/3872\/revisions"}],"predecessor-version":[{"id":3878,"href":"https:\/\/blogs.correiobraziliense.com.br\/coletivo-filhas-da-mae\/wp-json\/wp\/v2\/posts\/3872\/revisions\/3878"}],"wp:attachment":[{"href":"https:\/\/blogs.correiobraziliense.com.br\/coletivo-filhas-da-mae\/wp-json\/wp\/v2\/media?parent=3872"}],"wp:term":[{"taxonomy":"category","embeddable":true,"href":"https:\/\/blogs.correiobraziliense.com.br\/coletivo-filhas-da-mae\/wp-json\/wp\/v2\/categories?post=3872"},{"taxonomy":"post_tag","embeddable":true,"href":"https:\/\/blogs.correiobraziliense.com.br\/coletivo-filhas-da-mae\/wp-json\/wp\/v2\/tags?post=3872"}],"curies":[{"name":"wp","href":"https:\/\/api.w.org\/{rel}","templated":true}]}}