{"id":3825,"date":"2026-02-20T12:30:02","date_gmt":"2026-02-20T15:30:02","guid":{"rendered":"https:\/\/blogs.correiobraziliense.com.br\/coletivo-filhas-da-mae\/?p=3825"},"modified":"2026-02-20T14:18:43","modified_gmt":"2026-02-20T17:18:43","slug":"quem-disse-que-o-carnaval-terminou-2","status":"publish","type":"post","link":"https:\/\/blogs.correiobraziliense.com.br\/coletivo-filhas-da-mae\/2026\/02\/20\/quem-disse-que-o-carnaval-terminou-2\/","title":{"rendered":"Quem Disse Que o Carnaval Terminou?"},"content":{"rendered":"<p style=\"text-align: left\">Cosette Castro<\/p>\n<p style=\"text-align: left\">Bras\u00edlia &#8211; Quem disse que o carnaval terminou? Neste domingo vai ter P\u00f3s-Carnaval na Capital da Rep\u00fablica.<\/p>\n<p style=\"text-align: left\">O P\u00f3s-Carnaval \u00e9 uma despedida importante porque refor\u00e7a o direito de todas as pessoas a brincar, pular e dan\u00e7ar mais um dia na cidade. \u00c9 uma grande festa coletiva gratuita em meio aos desafios da vida cotidiana.<\/p>\n<p style=\"text-align: left\">A festa re\u00fane diferentes gera\u00e7\u00f5es e ocupa a cidade come\u00e7ando com Esquenta P\u00f3s-Carnaval no Mimo Bar, situado na quadra 205 da Asa Norte, a partir das 10h30 com DJ e performance da Cia. Atravessa a Porta \u00e0s 12h. Mas antes disso, h\u00e1 muito trabalho e organiza\u00e7\u00e3o.<\/p>\n<p style=\"text-align: left\">O P\u00f3s-Carnaval 2026 marca o manifesto antimanicomial lan\u00e7ado pelo Bloco do RivoTrio (<a href=\"https:\/\/www.instagram.com\/p\/DU8rNEwiY5B\/?img_index=1\">link aqui<\/a>), parceiro e apoiador do Bloco Filhas da M\u00e3e desde a sua cria\u00e7\u00e3o, em dezembro de 2019. No Bloco Filhas da M\u00e3e, refor\u00e7a as campanhas pela visibilidade e reconhecimento de quem cuida familiares sem remunera\u00e7\u00e3o. E o direito das mulheres a uma vida sem viol\u00eancia e sem sobrecarga f\u00edsica e mental.<\/p>\n<p style=\"text-align: left\">O Esquenta P\u00f3s-Carnaval \u00e9 organizado pelo Bloco do RivoTrio com o Bloco Filhas da M\u00e3e e outros parceiros da sa\u00fade mental, assist\u00eancia social e da \u00e1rea cultural de Bras\u00edlia. Entre eles a fanfarra Capivareta Repercussiva, a Banda Lua El\u00e9trica Vermelha e a Banda Maluco Voador.<\/p>\n<p><img loading=\"lazy\" decoding=\"async\" class=\"alignnone size-medium wp-image-3829 aligncenter\" src=\"https:\/\/blogs.correiobraziliense.com.br\/coletivo-filhas-da-mae\/wp-content\/uploads\/sites\/60\/2026\/02\/IMG-20260219-WA0120.poscarnaval2026-240x300.jpg\" alt=\"\" width=\"240\" height=\"300\" srcset=\"https:\/\/blogs.correiobraziliense.com.br\/coletivo-filhas-da-mae\/wp-content\/uploads\/sites\/60\/2026\/02\/IMG-20260219-WA0120.poscarnaval2026-240x300.jpg 240w, https:\/\/blogs.correiobraziliense.com.br\/coletivo-filhas-da-mae\/wp-content\/uploads\/sites\/60\/2026\/02\/IMG-20260219-WA0120.poscarnaval2026-768x960.jpg 768w, https:\/\/blogs.correiobraziliense.com.br\/coletivo-filhas-da-mae\/wp-content\/uploads\/sites\/60\/2026\/02\/IMG-20260219-WA0120.poscarnaval2026-819x1024.jpg 819w, https:\/\/blogs.correiobraziliense.com.br\/coletivo-filhas-da-mae\/wp-content\/uploads\/sites\/60\/2026\/02\/IMG-20260219-WA0120.poscarnaval2026-800x1000.jpg 800w, https:\/\/blogs.correiobraziliense.com.br\/coletivo-filhas-da-mae\/wp-content\/uploads\/sites\/60\/2026\/02\/IMG-20260219-WA0120.poscarnaval2026-550x688.jpg 550w, https:\/\/blogs.correiobraziliense.com.br\/coletivo-filhas-da-mae\/wp-content\/uploads\/sites\/60\/2026\/02\/IMG-20260219-WA0120.poscarnaval2026-230x288.jpg 230w, https:\/\/blogs.correiobraziliense.com.br\/coletivo-filhas-da-mae\/wp-content\/uploads\/sites\/60\/2026\/02\/IMG-20260219-WA0120.poscarnaval2026.jpg 1080w\" sizes=\"auto, (max-width: 240px) 100vw, 240px\" \/><\/p>\n<p style=\"text-align: left\">O Bloco do RivoTrio \u00e9 o mais antigo bloco da sa\u00fade mental do Distrito Federal. Em 2026 completa 15 anos de atividades para incluir as pessoas com sofrimento ps\u00edquico na cidade.<\/p>\n<p style=\"text-align: left\">Outro parceiro que torna a festa poss\u00edvel \u00e9 o Mimo Bar. Desde 2023 ele acolhe o P\u00f3s-Carnaval do Coletivo de Blocos da Sa\u00fade Mental do qual o Bloco Filhas da M\u00e3e faz parte. O Mimo Bar oferece um espa\u00e7o com acessibilidade preparado para receber pessoas e\/ou fam\u00edlias de todas as idades com diferentes corpos e necessidades.<\/p>\n<p>Antes de sair em cortejo, o Bloco Filhas da M\u00e3e ter\u00e1 banca com venda de camisetas, tiaras e brincos, al\u00e9m de materiais de divulga\u00e7\u00e3o da Campanha &#8220;N\u00e3o \u00e9 N\u00e3o&#8221;, do Minist\u00e9rio das Mulheres. As vendas ajudam a pagar projetos do Coletivo Filhas da M\u00e3e.<\/p>\n<p style=\"text-align: left\">Depois das 14 horas haver\u00e1 cortejo com a Mestra Martinha do C\u00f4co em dire\u00e7\u00e3o ao Eix\u00e3o Norte com a participa\u00e7\u00e3o dos bonecos gigantes &#8220;O Louco do Tar\u00f4&#8221;, do Bloco Rivotrio, a dinossaura Cuidadina, do Bloco Filhas da M\u00e3e, e a Capivareta, da fanfarra Capivareta Repercussiva.<\/p>\n<p style=\"text-align: left\">No Eix\u00e3o Norte o cortejo vai para o Chorinho no Eixo, tamb\u00e9m parceiro no P\u00f3s-Carnaval. Desde fevereiro deste ano o Choro no Eixo mudou de lugar: agora est\u00e1 localizado na quadra 204 do Eix\u00e3o Norte.<\/p>\n<p>Marque na Agenda e convide fam\u00edlia,\u00a0 amigas e vizinhas e venha se despedir do carnaval 2026.<\/p>\n<p>PS: Mais uma vez o Carnaval de Bras\u00edlia foi marcado pela agress\u00e3o policial a carnavalescas e at\u00e9 a pol\u00edticos. Mesmo com testemunhas, a coordenadora do bloco Rebu, Dayse Hansa, foi presa no Setor Carnavalesco Sul (sem a presen\u00e7a de policiais mulheres) e foi levada na gaiola de uma viatura. J\u00e1 o deputado Distrital Fabio F\u00e9lix, que tentou mediar a a\u00e7\u00e3o policial, foi agredido com g\u00e1s de pimenta nos olhos. Quando os policiais do DF receber\u00e3o forma\u00e7\u00e3o humanit\u00e1ria para tratar com respeito a popula\u00e7\u00e3o?<\/p>\n","protected":false},"excerpt":{"rendered":"<p>Cosette Castro Bras\u00edlia &#8211; Quem disse que o carnaval terminou? Neste domingo vai ter P\u00f3s-Carnaval na Capital da Rep\u00fablica. O P\u00f3s-Carnaval \u00e9 uma despedida importante porque refor\u00e7a o direito de todas as pessoas a brincar, pular e dan\u00e7ar mais um dia na cidade. \u00c9 uma grande festa coletiva gratuita em meio aos desafios da vida cotidiana. A festa re\u00fane diferentes [&hellip;]<\/p>\n","protected":false},"author":126,"featured_media":0,"comment_status":"open","ping_status":"open","sticky":false,"template":"","format":"standard","meta":{"footnotes":""},"categories":[1842],"tags":[129,331,1060,1845,924,1479,1065,1844,1843],"class_list":["post-3825","post","type-post","status-publish","format-standard","hentry","category-pos-carnaval-2026","tag-bloco-de-carnaval-filhas-da-mae","tag-bloco-do-rivotrio","tag-choro-no-eixo","tag-cortejo","tag-cuidado-coletivo","tag-intergeracionalidade","tag-mimo-bar","tag-ocupacao-da-cidade","tag-pos-carnaval-2026"],"_links":{"self":[{"href":"https:\/\/blogs.correiobraziliense.com.br\/coletivo-filhas-da-mae\/wp-json\/wp\/v2\/posts\/3825","targetHints":{"allow":["GET"]}}],"collection":[{"href":"https:\/\/blogs.correiobraziliense.com.br\/coletivo-filhas-da-mae\/wp-json\/wp\/v2\/posts"}],"about":[{"href":"https:\/\/blogs.correiobraziliense.com.br\/coletivo-filhas-da-mae\/wp-json\/wp\/v2\/types\/post"}],"author":[{"embeddable":true,"href":"https:\/\/blogs.correiobraziliense.com.br\/coletivo-filhas-da-mae\/wp-json\/wp\/v2\/users\/126"}],"replies":[{"embeddable":true,"href":"https:\/\/blogs.correiobraziliense.com.br\/coletivo-filhas-da-mae\/wp-json\/wp\/v2\/comments?post=3825"}],"version-history":[{"count":6,"href":"https:\/\/blogs.correiobraziliense.com.br\/coletivo-filhas-da-mae\/wp-json\/wp\/v2\/posts\/3825\/revisions"}],"predecessor-version":[{"id":3832,"href":"https:\/\/blogs.correiobraziliense.com.br\/coletivo-filhas-da-mae\/wp-json\/wp\/v2\/posts\/3825\/revisions\/3832"}],"wp:attachment":[{"href":"https:\/\/blogs.correiobraziliense.com.br\/coletivo-filhas-da-mae\/wp-json\/wp\/v2\/media?parent=3825"}],"wp:term":[{"taxonomy":"category","embeddable":true,"href":"https:\/\/blogs.correiobraziliense.com.br\/coletivo-filhas-da-mae\/wp-json\/wp\/v2\/categories?post=3825"},{"taxonomy":"post_tag","embeddable":true,"href":"https:\/\/blogs.correiobraziliense.com.br\/coletivo-filhas-da-mae\/wp-json\/wp\/v2\/tags?post=3825"}],"curies":[{"name":"wp","href":"https:\/\/api.w.org\/{rel}","templated":true}]}}