{"id":3814,"date":"2026-02-13T13:15:28","date_gmt":"2026-02-13T16:15:28","guid":{"rendered":"https:\/\/blogs.correiobraziliense.com.br\/coletivo-filhas-da-mae\/?p=3814"},"modified":"2026-02-13T14:09:26","modified_gmt":"2026-02-13T17:09:26","slug":"nao-e-nao-e-o-cuidado-coletivo","status":"publish","type":"post","link":"https:\/\/blogs.correiobraziliense.com.br\/coletivo-filhas-da-mae\/2026\/02\/13\/nao-e-nao-e-o-cuidado-coletivo\/","title":{"rendered":"N\u00e3o \u00e9 N\u00e3o e o Cuidado Coletivo"},"content":{"rendered":"<p>Cosette Castro<\/p>\n<p>Bras\u00edlia \u2013 Enquanto o Brasil se prepara para brincar o carnaval 2026, aumentam as campanhas e mat\u00e9rias nas redes sociais digitais para incentivar a brincadeira e conter os diferentes tipos de ass\u00e9dio e viol\u00eancia contra mulheres de todas as idades.<\/p>\n<p>Carnaval \u00e9 espa\u00e7o de ocupa\u00e7\u00e3o da cidade, de alegria, de encontro, de paquera, de flerte e at\u00e9 de novos amores que duram o tempo do carnaval. Mas a aproxima\u00e7\u00e3o e o contato f\u00edsico s\u00f3 podem acontecer quando h\u00e1 consentimento da mulher. N\u00c3O \u00c9 N\u00c3O.<\/p>\n<p>N\u00e2o vale encostar de forma maliciosa, passar a m\u00e3o, obrigar a dar beijo, abra\u00e7o ou obrigar a manter rela\u00e7\u00f5es sexuais. \u00c9 crime previsto em lei e todas as pessoas que presenciem constrangimentos, amea\u00e7as ou tentativas de abuso t\u00eam o direito e o dever de ligar no 180 ou 190.<\/p>\n<p>O <strong>180 <\/strong>\u00e9 a Central de Atendimento \u00e0 Mulher para orienta\u00e7\u00e3o e den\u00fancia de qualquer tipo de viol\u00eancia (psicol\u00f3gica, moral, patrimonial, f\u00edsica, sexual). A Central funciona 24h para acolhimento e encaminhamento, sem\u00a0acionamento imediato da pol\u00edcia.<\/p>\n<p>O<strong> 190 <\/strong>\u00e9 utilizado para emerg\u00eancias imediatas (Pol\u00edcia Militar), como ass\u00e9dio e\/ou agress\u00f5es acontecendo agora, no momento. Serve para interven\u00e7\u00e3o no local.<\/p>\n<p>Tampouco vale o homem ser grosseiro ou dar como desculpa a roupa da mulher. Afinal, os homens h\u00e1 d\u00e9cadas se vestem de mulheres no carnaval, andam quase nus nas ruas e nem por isso s\u00e3o atacados ou desrespeitados.<\/p>\n<p>Mesmo que voc\u00ea n\u00e3o conhe\u00e7a a pessoa, seja solid\u00e1rio\/ solid\u00e1ria e apoie a v\u00edtima. Somente assim, abusadores e assediadores ser\u00e3o contidos no carnaval e na vida cotidiana. Somente assim as mulheres de todas as idades se sentir\u00e3o mais seguras para sair \u00e0s ruas e brincar o carnaval.<\/p>\n<p>Desde sua cria\u00e7\u00e3o, em dezembro de 2019, o Coletivo Filhas da M\u00e3e apoia campanhas como &#8220;N\u00e3o \u00e9 N\u00e3o&#8221;, &#8220;Folia com Respeito&#8221; e &#8220;Levante Mulheres Vivas&#8221; em defesa da vida em seguran\u00e7a de todas as mulheres.<\/p>\n<p><strong>Dicas de Seguran\u00e7a do Bloco Filhas da M\u00e3e<\/strong><\/p>\n<p>H\u00e1 06 anos o Coletivo Filhas da M\u00e3e criou o Bloco Filhas da M\u00e3e, um espa\u00e7o para as cuidadoras familiares de pessoas com dem\u00eancias, entre elas o Alzheimer, sa\u00edrem \u00e0s ruas, aproveitando a alegria do Carnaval. \u00c9 tamb\u00e9m uma forma de dar visibilidade ao trabalho gratuito de cuidado que adoece f\u00edsica e mentalmente as mulheres brasileiras.<\/p>\n<p>Diferente de outros blocos de carnaval, o Filhas da M\u00e3e sai duas vezes ao ano nas ruas da Capital Federal. No domingo pr\u00e9-carnaval (<a href=\"https:\/\/photos.app.goo.gl\/sU7gVJAuxFeyYvA19\">veja aqui as fotos e v\u00eddeos do Esquenta 2026<\/a>) e no domingo P\u00f3s-Carnaval, dia 22\/02, na Asa Norte, em parceria com o Bloco do RivoTrio e demais blocos da sa\u00fade mental do Distrito Federal.<\/p>\n<p>Sabemos que, durante o Carnaval, \u00e9 mais dif\u00edcil para as pessoas que cuidam familiares conseguirem garantir a presen\u00e7a de cuidadoras profissionais ou de outros familiares apoiadores. Tamb\u00e9m \u00e9 mais dif\u00edcil conseguir se deslocar nesses dias. Por isso, escolhemos dias alternativos, assim como locais acolhedores e inclusivos para quem cuida e tamb\u00e9m para quem est\u00e1 em processo inicial da doen\u00e7a e ainda gosta de brincar.<\/p>\n<p>Durante o carnaval, sugerimos \u00e0s mulheres de todas as idades: 1. sair em grupo ou em dupla, 2. levar \u00e1gua, 3. leque 4. protetor solar, 5. bon\u00e9 ou chap\u00e9u, 6. manter o celular carregado, 7.informar as amigas e\/ou familiares em qual bloco vai sair, 8. manter atualizada a localiza\u00e7\u00e3o em que se encontra. Em caso de utilizar transporte por aplicativo, 9. avisar o nome do motorista, marca e placa do carro que vai usar, 10. no metr\u00f4, d\u00ea prefer\u00eancia ao vag\u00e3o para mulheres e 11. se beber n\u00e3o aceite bebidas abertas sem que voc\u00ea veja a origem.<\/p>\n<p>Aproveite o Carnaval e se divirta.<\/p>\n<p>PS: Lembre que brincadeiras de carnaval com pessoas com dem\u00eancia n\u00e3o devem ter barulho demais nem m\u00fasica muito alta, levando em conta a sensibilidade auditiva de cada paciente e o est\u00e1gio da doen\u00e7a.<\/p>\n<p>&nbsp;<\/p>\n<p>&nbsp;<\/p>\n","protected":false},"excerpt":{"rendered":"<p>Cosette Castro Bras\u00edlia \u2013 Enquanto o Brasil se prepara para brincar o carnaval 2026, aumentam as campanhas e mat\u00e9rias nas redes sociais digitais para incentivar a brincadeira e conter os diferentes tipos de ass\u00e9dio e viol\u00eancia contra mulheres de todas as idades. Carnaval \u00e9 espa\u00e7o de ocupa\u00e7\u00e3o da cidade, de alegria, de encontro, de paquera, de flerte e at\u00e9 de [&hellip;]<\/p>\n","protected":false},"author":126,"featured_media":0,"comment_status":"open","ping_status":"open","sticky":false,"template":"","format":"standard","meta":{"footnotes":""},"categories":[1823],"tags":[3,696,1839,1484,1822,924,119,20,1838,4],"class_list":["post-3814","post","type-post","status-publish","format-standard","hentry","category-carnaval-2026","tag-autocuidado","tag-bloco-filhas-da-mae","tag-campanha-levante-mulheres-vivas","tag-campanha-nao-e-nao","tag-carnaval-2026","tag-cuidado-coletivo","tag-cuidado-e-autocuidado","tag-cuidadoras-familiares","tag-folia-com-respeito","tag-mulheres"],"_links":{"self":[{"href":"https:\/\/blogs.correiobraziliense.com.br\/coletivo-filhas-da-mae\/wp-json\/wp\/v2\/posts\/3814","targetHints":{"allow":["GET"]}}],"collection":[{"href":"https:\/\/blogs.correiobraziliense.com.br\/coletivo-filhas-da-mae\/wp-json\/wp\/v2\/posts"}],"about":[{"href":"https:\/\/blogs.correiobraziliense.com.br\/coletivo-filhas-da-mae\/wp-json\/wp\/v2\/types\/post"}],"author":[{"embeddable":true,"href":"https:\/\/blogs.correiobraziliense.com.br\/coletivo-filhas-da-mae\/wp-json\/wp\/v2\/users\/126"}],"replies":[{"embeddable":true,"href":"https:\/\/blogs.correiobraziliense.com.br\/coletivo-filhas-da-mae\/wp-json\/wp\/v2\/comments?post=3814"}],"version-history":[{"count":6,"href":"https:\/\/blogs.correiobraziliense.com.br\/coletivo-filhas-da-mae\/wp-json\/wp\/v2\/posts\/3814\/revisions"}],"predecessor-version":[{"id":3820,"href":"https:\/\/blogs.correiobraziliense.com.br\/coletivo-filhas-da-mae\/wp-json\/wp\/v2\/posts\/3814\/revisions\/3820"}],"wp:attachment":[{"href":"https:\/\/blogs.correiobraziliense.com.br\/coletivo-filhas-da-mae\/wp-json\/wp\/v2\/media?parent=3814"}],"wp:term":[{"taxonomy":"category","embeddable":true,"href":"https:\/\/blogs.correiobraziliense.com.br\/coletivo-filhas-da-mae\/wp-json\/wp\/v2\/categories?post=3814"},{"taxonomy":"post_tag","embeddable":true,"href":"https:\/\/blogs.correiobraziliense.com.br\/coletivo-filhas-da-mae\/wp-json\/wp\/v2\/tags?post=3814"}],"curies":[{"name":"wp","href":"https:\/\/api.w.org\/{rel}","templated":true}]}}