{"id":3798,"date":"2026-02-06T15:04:05","date_gmt":"2026-02-06T18:04:05","guid":{"rendered":"https:\/\/blogs.correiobraziliense.com.br\/coletivo-filhas-da-mae\/?p=3798"},"modified":"2026-02-06T17:46:25","modified_gmt":"2026-02-06T20:46:25","slug":"domingo-tem-esquenta-carnaval","status":"publish","type":"post","link":"https:\/\/blogs.correiobraziliense.com.br\/coletivo-filhas-da-mae\/2026\/02\/06\/domingo-tem-esquenta-carnaval\/","title":{"rendered":"Domingo Tem Esquenta Carnaval"},"content":{"rendered":"<p>Cosette Castro<\/p>\n<p>Bras\u00edlia &#8211; Na mesma semana em que o Congresso Nacional comprovou mais uma vez que legisla em causa pr\u00f3pria, o Coletivo Filhas da M\u00e3e organiza os \u00faltimos preparativos para o Esquenta Carnaval 2026 na Capital Federal.<\/p>\n<p>O Congresso Nacional legisla em causa pr\u00f3pria e para os amigos quando aprova bilh\u00f5es em emendas sem transpar\u00eancia e sem prestar contas \u00e0 popula\u00e7\u00e3o. Foi o que ocorreu em 2025. E esta semana quando aprovou sal\u00e1rios e gratifica\u00e7\u00f5es que extrapolam o teto do funcionalismo p\u00fablico.<\/p>\n<p>J\u00e1 o Coletivo Filhas da M\u00e3e segue estimulando o autocuidado e o cuidado coletivo de quem cuida familiares sem remunera\u00e7\u00e3o, mesmo com parcos recursos.<\/p>\n<p>Quando foi criado h\u00e1 06 anos para apoiar e acolher cuidadoras familiares de pessoas com dem\u00eancia, entre elas o Alzheimer, um dos primeiros projetos do Coletivo Filhas da M\u00e3e foi criar um bloco de carnaval.<\/p>\n<p>\u00c9 o primeiro Bloco do pa\u00eds a chamar aten\u00e7\u00e3o sobre QUEM CUIDA DE CUIDA? Com as armas do riso, da brincadeira e da alegria o Bloco d\u00e1 visibilidade \u00e0 sobrecarga f\u00edsica e emocional das pessoas que cuidam familiares com dem\u00eancias, em sua maioria mulheres. Tudo isso de forma leve e divertida.<\/p>\n<p>O Bloco Filhas da M\u00e3e\u00a0\u00a0ocupa as ruas do Distrito Federal duas vezes ao ano e tem uma\u00a0marchinha de carnaval intitulada &#8220;Ningu\u00e9m Solta a M\u00e3o de Ningu\u00e9m&#8221;. Ela foi criada pelo m\u00fasico paulista Andr\u00e9 Barbosa Filho no come\u00e7o de 2020.<\/p>\n<p>Tamb\u00e9m tem uma mascote muito especial: a Cuidadina, uma dinossaura gigante que cuida familiares desde a pr\u00e9-hist\u00f3ria sem remunera\u00e7\u00e3o. A Cuidadina alegra crian\u00e7as e adultos desde 2025.<\/p>\n<p>Diferente de outros Blocos de Carnaval, o Filhas da M\u00e3e realiza anualmente uma atividade Pr\u00e9-Carnaval, o Esquenta Carnaval na Asa Sul\u00a0\u00a0(domingo, 08\/02), e um cortejo P\u00f3s-Carnaval na Asa Norte (domingo, 22\/02).<\/p>\n<p>Antes disso, entre janeiro e fevereiro reuniu mulheres cuidadoras familiares em encontros presenciais realizando oficinas gratuitas de Samba no P\u00e9, confec\u00e7\u00e3o de adere\u00e7os de carnaval e oficina de atualiza\u00e7\u00e3o de estandarte e cria\u00e7\u00e3o de bandeiras de Carnaval.<\/p>\n<p>Em 2026, pela primeira vez em 06 anos, dois homens cuidadores familiares participaram da Oficina de Samba no P\u00e9. As oficinas s\u00e3o espa\u00e7os de encontro, brincadeira e riso em meio ao desafio di\u00e1rio de cuidar um familiar com dem\u00eancia ou outras doen\u00e7as.<\/p>\n<p><strong>Marque na Agenda<\/strong><\/p>\n<p>O\u00a0\u00a0ESQUENTA CARNAVAL do Bloco Filhas da M\u00e3e vai acontecer neste domingo, dia 08\/02, no Beco da Infinu, localizado na Quadra 506 da Asa Sul.<\/p>\n<p>A brincadeira aberta para comunidade de todas as idades vai come\u00e7ar \u00e0s 14h com Oficina gratuita de Flores de Papel com mensagens sobre a urg\u00eancia de criar uma Sociedade do Cuidado e em defesa da vida das\u00a0\u00a0mulheres.<\/p>\n<p>A partir\u00a0\u00a0das 14h30 contar\u00e1 com a participa\u00e7\u00e3o das fanfarras:<\/p>\n<p>&#8211; Me Chame pelo Nome<\/p>\n<p>E<\/p>\n<p>&#8211; Capivareta Repercussiva<\/p>\n<p>No Beco da Infinu haver\u00e1 banca com venda de tiaras, brincos e presilhas de cabelo produzidas por cuidadoras fam\u00edliares. E ainda camisetas do Coletivo Filhas da M\u00e3e. Al\u00e9m de divulgar o Coletivo, as vendas ajudam o Coletivo Filhas da M\u00e3e, cujas atividades s\u00e3o realizadas por volunt\u00e1rias,\u00a0 a pagar os custos de alguns dos seus projetos.<\/p>\n<p>No Coletivo Filhas da M\u00e3e acreditamos que brincar no carnaval \u00e9 autocuidado e cuidado coletivo. Para quem cuida sem remunera\u00e7\u00e3o e de forma invis\u00edvel, brincar\u00a0\u00a0\u00e9 um ato de resist\u00eancia e est\u00edmulo \u00e0 vida saud\u00e1vel.<\/p>\n<p>PS: No Carnaval apoiamos as campanhas &#8220;Folia com Respeito&#8221;, &#8220;N\u00e3o \u00c9 N\u00e3o&#8221; e seguimos apoiando campanhas em defesa da vida em seguran\u00e7a das mulheres, como a campanha pelo fim do feminic\u00eddio do\u00a0 Levante Mulheres Vivas, e Todos por TODAS, do governo federal.<\/p>\n","protected":false},"excerpt":{"rendered":"<p>Cosette Castro Bras\u00edlia &#8211; Na mesma semana em que o Congresso Nacional comprovou mais uma vez que legisla em causa pr\u00f3pria, o Coletivo Filhas da M\u00e3e organiza os \u00faltimos preparativos para o Esquenta Carnaval 2026 na Capital Federal. O Congresso Nacional legisla em causa pr\u00f3pria e para os amigos quando aprova bilh\u00f5es em emendas sem transpar\u00eancia e sem prestar contas [&hellip;]<\/p>\n","protected":false},"author":126,"featured_media":0,"comment_status":"open","ping_status":"open","sticky":false,"template":"","format":"standard","meta":{"footnotes":""},"categories":[1837],"tags":[8,1468,2,924,20,7,5,1825],"class_list":["post-3798","post","type-post","status-publish","format-standard","hentry","category-esquenta-carnaval-2026","tag-alzheimer","tag-beco-da-infinu","tag-cuidado","tag-cuidado-coletivo","tag-cuidadoras-familiares","tag-demencias","tag-envelhecimento","tag-esquenta-carnaval-2026"],"_links":{"self":[{"href":"https:\/\/blogs.correiobraziliense.com.br\/coletivo-filhas-da-mae\/wp-json\/wp\/v2\/posts\/3798","targetHints":{"allow":["GET"]}}],"collection":[{"href":"https:\/\/blogs.correiobraziliense.com.br\/coletivo-filhas-da-mae\/wp-json\/wp\/v2\/posts"}],"about":[{"href":"https:\/\/blogs.correiobraziliense.com.br\/coletivo-filhas-da-mae\/wp-json\/wp\/v2\/types\/post"}],"author":[{"embeddable":true,"href":"https:\/\/blogs.correiobraziliense.com.br\/coletivo-filhas-da-mae\/wp-json\/wp\/v2\/users\/126"}],"replies":[{"embeddable":true,"href":"https:\/\/blogs.correiobraziliense.com.br\/coletivo-filhas-da-mae\/wp-json\/wp\/v2\/comments?post=3798"}],"version-history":[{"count":4,"href":"https:\/\/blogs.correiobraziliense.com.br\/coletivo-filhas-da-mae\/wp-json\/wp\/v2\/posts\/3798\/revisions"}],"predecessor-version":[{"id":3802,"href":"https:\/\/blogs.correiobraziliense.com.br\/coletivo-filhas-da-mae\/wp-json\/wp\/v2\/posts\/3798\/revisions\/3802"}],"wp:attachment":[{"href":"https:\/\/blogs.correiobraziliense.com.br\/coletivo-filhas-da-mae\/wp-json\/wp\/v2\/media?parent=3798"}],"wp:term":[{"taxonomy":"category","embeddable":true,"href":"https:\/\/blogs.correiobraziliense.com.br\/coletivo-filhas-da-mae\/wp-json\/wp\/v2\/categories?post=3798"},{"taxonomy":"post_tag","embeddable":true,"href":"https:\/\/blogs.correiobraziliense.com.br\/coletivo-filhas-da-mae\/wp-json\/wp\/v2\/tags?post=3798"}],"curies":[{"name":"wp","href":"https:\/\/api.w.org\/{rel}","templated":true}]}}