{"id":3762,"date":"2026-01-19T19:04:12","date_gmt":"2026-01-19T22:04:12","guid":{"rendered":"https:\/\/blogs.correiobraziliense.com.br\/coletivo-filhas-da-mae\/?p=3762"},"modified":"2026-01-19T19:04:12","modified_gmt":"2026-01-19T22:04:12","slug":"por-um-carnaval-sem-violencias","status":"publish","type":"post","link":"https:\/\/blogs.correiobraziliense.com.br\/coletivo-filhas-da-mae\/2026\/01\/19\/por-um-carnaval-sem-violencias\/","title":{"rendered":"Por um Carnaval Sem Viol\u00eancias"},"content":{"rendered":"<div class=\"adn ads\">\n<div class=\"gs\">\n<div class=\"\">\n<div id=\":oj\" class=\"ii gt\">\n<div id=\":oi\" class=\"a3s aiL\">\n<div id=\"avWBGd-17\">\n<div dir=\"auto\">\n<p dir=\"auto\">Cosette Castro<\/p>\n<p dir=\"auto\">Bras\u00edlia &#8211; Hoje acordei com a boca cheia de perguntas. Essas perguntas dizem respeito \u00e0 viol\u00eancia contra \u00e0s meninas e mulheres que seguem ocorrendo.<\/p>\n<p dir=\"auto\">As perguntas ocorrem na semana seguinte \u00e0 lavagem da Bas\u00edlica de N. Sr. do Bonfim, na Bahia, onde ocorreu ampla campanha para combater\u00a0 a viol\u00eancia contra as mulheres.<\/p>\n<p dir=\"auto\">Enquanto isso,\u00a0 no Distrito Federal a viol\u00eancia contra as meninas e mulheres voltou a imperar.<\/p>\n<p dir=\"auto\">Neste fim de semana, um homem foi denunciado e preso por tentar estuprar e\u00a0 por matar estrangulada a enteada de 14 anos. O feminic\u00eddio aconteceu no domingo (18\/01) em um condom\u00ednio de Planaltina. (<a href=\"https:\/\/www.correiobraziliense.com.br\/cidades-df\/2026\/01\/amp\/7335602-suspeito-de-matar-enteada-tinha-passagens-por-estupro-contra-crianca-e-propria-mae.html\">Saiba mais aqui<\/a>).<\/p>\n<p dir=\"auto\">Este n\u00e3o \u00e9 o primeiro estupro do homem de 29 anos. \u00c9 o terceiro.\u00a0Em 2019 ele foi denunciado por estuprar uma menina de 11 anos. E, em 2023, por estuprar a pr\u00f3pria m\u00e3e.<\/p>\n<p dir=\"auto\">A pergunta que n\u00e3o quer calar \u00e9: por que o acusado, com esse hist\u00f3rico,\u00a0 \u00a0n\u00e3o estava preso, sem direito a sa\u00eddas e outras prerrogativas legais?<\/p>\n<p dir=\"auto\">No Brasil, o estupro \u00e9 considerado um crime hediondo, de acordo com a Lei n\u00ba. 8.072\/90. Isso implica penas mais severas, inafian\u00e7abilidade e restri\u00e7\u00e3o de benef\u00edcios penais.\u00a0O mesmo ocorre quando se trata de estupro contra vulner\u00e1veis que tamb\u00e9m \u00e9 crime hediondo e aparece no\u00a0Artigo 217-A do C\u00f3digo Penal.<\/p>\n<p dir=\"auto\">Mas como esse homem\u00a0 desfrutou do direito a estar nas ruas, se ele representa e um perigo \u00e0s meninas e mulheres e um insulto \u00e0s v\u00edtimas? Sigo com a boca cheia de perguntas.<\/p>\n<p dir=\"auto\">Enquanto isso, no Rio de Janeiro 803 blocos est\u00e3o oficialmente inscritos para o Carnaval 2026.\u00a0Eles contam com o apoio do governo do Rio de Janeiro para garantir a brincadeira pelas ruas da Capital carioca com respeito.\u00a0Entre as atividades em defesa das mulheres est\u00e1 a campanha contra o ass\u00e9dio, mais conhecida como &#8220;N\u00e3o \u00e9 N\u00e3o&#8221;, atrav\u00e9s de tatuagens tempor\u00e1rias e distribui\u00e7\u00e3o de leques.<\/p>\n<p dir=\"auto\">No Distrito Federal, ao contr\u00e1rio, o governador Ibaneis Rocha e sua vice, Celina Le\u00e3o, mais uma vez mostram que odeiam carnaval, como t\u00eam acontecido em anos anteriores. N\u00e3o respeitam os grupos carnavalescos nem quem gosta da folia e da alegria do carnaval.<\/p>\n<p dir=\"auto\">Apenas 73 blocos foram oficialmente selecionados para o Carnaval 2026 e a verba, como ocorreu no ano passado, quando \u00e9 liberada,\u00a0 demora a sair. Al\u00e9m disso, a pol\u00edtica de Carnaval no Distrito Federal \u00e9 voltada para cercear e engessar os blocos, impedidos de realizar brincadeiras pelas ruas.<\/p>\n<p dir=\"auto\">As dificuldades s\u00e3o tantas que um dos blocos mais tradicionais da Capital Federal, o Bloco Divinas Tetas, com 10 anos de exist\u00eancia, desistiu de sair \u00e0s ruas em 2026. Uma l\u00e1stima. Precisamos\u00a0 de todos os blocos, com suas diversidades, nas ruas da Capital e n\u00e3o presos em cercadinhos.<\/p>\n<p dir=\"auto\">J\u00e1 o Bloco Filhas da M\u00e3e segue na informalidade. Acreditamos que o carnaval \u00e9 um espa\u00e7o importante para estimular o direito \u00e0 alegria e \u00e0 brincadeira em meio aos desafios do cuidado.<\/p>\n<p dir=\"auto\">Neste momento est\u00e3o sendo\u00a0 organizadas cinco oficinas gratuitas de Samba no P\u00e9 que v\u00e3o ocorrer entre a \u00faltima semana de janeiro e na primeira semana de fevereiro no Centro Longeviver (Quadra 601 Sul).\u00a0E uma oficina de adere\u00e7os que vai acontecer nos s\u00e1bados dias 31\/01 e 07\/02 na loja colaborativa P\u00e9 de Meia (Quadra 411 Sul).<\/p>\n<p dir=\"auto\">Marque na agenda. Domingo, 08\/02, vai acontecer o Esquenta Carnaval das Filhas da M\u00e3e 2026 no Beco da\u00a0 Infinu (quadra 506 Sul), das 14 \u00e0s 17h, com a presen\u00e7a j\u00e1 confirmada da fanfarra Capivareta Repercussiva.<\/p>\n<\/div>\n<p class=\"yj6qo\">\n<p class=\"adL\">\n<\/div>\n<\/div>\n<\/div>\n<p id=\"avWBGd-18\" class=\"WhmR8e\">\n<\/div>\n<\/div>\n<p class=\"ajx\">\n<\/div>\n<div class=\"gA gt acV\">\n<div class=\"gB xu\">\n<p class=\"mVCoBd\">\n<div class=\"ip iq\">\n<p class=\"pLw6bb\">\n<\/div>\n<\/div>\n<\/div>\n","protected":false},"excerpt":{"rendered":"<p>Cosette Castro Bras\u00edlia &#8211; Hoje acordei com a boca cheia de perguntas. Essas perguntas dizem respeito \u00e0 viol\u00eancia contra \u00e0s meninas e mulheres que seguem ocorrendo. As perguntas ocorrem na semana seguinte \u00e0 lavagem da Bas\u00edlica de N. Sr. do Bonfim, na Bahia, onde ocorreu ampla campanha para combater\u00a0 a viol\u00eancia contra as mulheres. Enquanto isso,\u00a0 no Distrito Federal a [&hellip;]<\/p>\n","protected":false},"author":126,"featured_media":0,"comment_status":"open","ping_status":"open","sticky":false,"template":"","format":"standard","meta":{"footnotes":""},"categories":[1823],"tags":[1822,119,1825,1824],"class_list":["post-3762","post","type-post","status-publish","format-standard","hentry","category-carnaval-2026","tag-carnaval-2026","tag-cuidado-e-autocuidado","tag-esquenta-carnaval-2026","tag-pre-carnaval-2026"],"_links":{"self":[{"href":"https:\/\/blogs.correiobraziliense.com.br\/coletivo-filhas-da-mae\/wp-json\/wp\/v2\/posts\/3762","targetHints":{"allow":["GET"]}}],"collection":[{"href":"https:\/\/blogs.correiobraziliense.com.br\/coletivo-filhas-da-mae\/wp-json\/wp\/v2\/posts"}],"about":[{"href":"https:\/\/blogs.correiobraziliense.com.br\/coletivo-filhas-da-mae\/wp-json\/wp\/v2\/types\/post"}],"author":[{"embeddable":true,"href":"https:\/\/blogs.correiobraziliense.com.br\/coletivo-filhas-da-mae\/wp-json\/wp\/v2\/users\/126"}],"replies":[{"embeddable":true,"href":"https:\/\/blogs.correiobraziliense.com.br\/coletivo-filhas-da-mae\/wp-json\/wp\/v2\/comments?post=3762"}],"version-history":[{"count":5,"href":"https:\/\/blogs.correiobraziliense.com.br\/coletivo-filhas-da-mae\/wp-json\/wp\/v2\/posts\/3762\/revisions"}],"predecessor-version":[{"id":3767,"href":"https:\/\/blogs.correiobraziliense.com.br\/coletivo-filhas-da-mae\/wp-json\/wp\/v2\/posts\/3762\/revisions\/3767"}],"wp:attachment":[{"href":"https:\/\/blogs.correiobraziliense.com.br\/coletivo-filhas-da-mae\/wp-json\/wp\/v2\/media?parent=3762"}],"wp:term":[{"taxonomy":"category","embeddable":true,"href":"https:\/\/blogs.correiobraziliense.com.br\/coletivo-filhas-da-mae\/wp-json\/wp\/v2\/categories?post=3762"},{"taxonomy":"post_tag","embeddable":true,"href":"https:\/\/blogs.correiobraziliense.com.br\/coletivo-filhas-da-mae\/wp-json\/wp\/v2\/tags?post=3762"}],"curies":[{"name":"wp","href":"https:\/\/api.w.org\/{rel}","templated":true}]}}