{"id":3739,"date":"2026-01-09T08:00:27","date_gmt":"2026-01-09T11:00:27","guid":{"rendered":"https:\/\/blogs.correiobraziliense.com.br\/coletivo-filhas-da-mae\/?p=3739"},"modified":"2026-01-02T23:43:51","modified_gmt":"2026-01-03T02:43:51","slug":"nem-gerente-nem-malabarista-cuidadora-familiar","status":"publish","type":"post","link":"https:\/\/blogs.correiobraziliense.com.br\/coletivo-filhas-da-mae\/2026\/01\/09\/nem-gerente-nem-malabarista-cuidadora-familiar\/","title":{"rendered":"Nem Gerente, Nem Malabarista. Cuidadora Familiar"},"content":{"rendered":"<p>Cosette Castro<\/p>\n<p>Bras\u00edlia \u2013 Enquanto tiro uns dias para descansar, atualizo um dos primeiros textos sobre o trabalho de cuidado sem remunera\u00e7\u00e3o publicado por Ana Castro e eu em mar\u00e7o de 2021. Releio com carinho e observo como ainda \u00e9 atual.<\/p>\n<p>Uma executiva eficiente sem remunera\u00e7\u00e3o. Este \u00e9 o perfil que se espera de algu\u00e9m que vai cuidar de um familiar com dem\u00eancia, resolvendo demandas de toda ordem, mesmo sem experi\u00eancia anterior.<\/p>\n<p>Precisa ser malabarista para equilibrar o or\u00e7amento dom\u00e9stico, as atividades de casa, cuidar dos filhos e quem mais precisar de cuidados. E ainda levar cachorro para passear, caso tenha animais de estima\u00e7\u00e3o e more em apartamento. Se a pessoa trabalha fora, acaba assumindo o plant\u00e3o noturno do cuidado familiar, com preju\u00edzo para o sono e para a pr\u00f3pria sa\u00fade.<\/p>\n<p>Algumas mulheres ainda se dividem para cuidar de outros familiares, sejam filhos com s\u00edndrome de Down, no espectro autista, entre outras condi\u00e7\u00f5es. Outras s\u00e3o cuidadoras familiares mesmo tendo uma defici\u00eancia, o que aumenta ainda mais os desafios cotidianos.<\/p>\n<p>O cuidado vai muito al\u00e9m de estabelecer uma rotina di\u00e1ria para o familiar com dem\u00eancia, como garantir a alimenta\u00e7\u00e3o, medica\u00e7\u00e3o, que tome banho, escove os dentes e durma bem. \u00c9 preciso aten\u00e7\u00e3o redobrada \u00e0 higiene da casa e de quem nela circula para manter a sa\u00fade da pessoa que necessita cuidados e evitar infec\u00e7\u00f5es.<\/p>\n<p>Ou seja, tamb\u00e9m \u00e9 preciso desenvolver as habilidades de gerente durante os anos de cuidado familiar para pesquisar, negociar, adquirir e fazer controle de estoque de produtos. \u00c9 preciso computar como trabalho gratuito a busca por promo\u00e7\u00f5es e oferta de materiais de higiene pessoal e da casa, material de alimenta\u00e7\u00e3o e produtos m\u00e9dicos.<\/p>\n<p>Enquanto isso, a casa vai se transformando em\u00a0uma empresa, com presta\u00e7\u00e3o de contas, principalmente se a pessoa que cuida sem remunera\u00e7\u00e3o ficar respons\u00e1vel pela curatela do familiar.<\/p>\n<p>Outro desafio \u00e9 encontrar formas de comunica\u00e7\u00e3o entre cuidadoras familiares, cuidadoras profissionais \u2013 quando existem \u2013 e demais familiares. As paredes ganham nova decora\u00e7\u00e3o e passam a exibir quadros de aviso, recados, telefones \u00fateis e de urg\u00eancia. Agendas e aplicativos tamb\u00e9m ajudam a n\u00e3o esquecer tantas tarefas.<\/p>\n<p>Al\u00e9m de executiva e malabarista, a cuidadora\u00a0familiar tamb\u00e9m assume o papel de gerente sem treinamento pr\u00e9vio.<\/p>\n<p>Ela vai descobrindo que a rotina \u00e9 necess\u00e1ria para organizar a casa e a vida da pessoa com\u00a0Alzheimer, a mais frequente entre as dem\u00eancias. Mas quando resolve um problema, surge outro. Entre as pessoas com dem\u00eancia, as perdas f\u00edsicas e cognitivas seguem ocorrendo, reduzindo as condi\u00e7\u00f5es f\u00edsicas, mentais e emocionais de quem tem uma enfermidade neurodegenerativa progressiva e sem cura.<\/p>\n<p>At\u00e9 hoje as dem\u00eancias n\u00e3o t\u00eam cura ou revers\u00e3o do quadro. Apenas tratamento para melhorar a qualidade de vida do familiar. Enquanto isso, do lado da cuidadora, espera-se a capacidade de coordenar as atividades dos profissionais na agenda de consultas, exames, autoriza\u00e7\u00f5es de procedimentos e pedido de receitas controladas. E, sim, ainda hoje \u00e9 preciso esclarecer \u00e0s atendentes de cada empresa\/cl\u00ednica\/hospital as limita\u00e7\u00f5es de hor\u00e1rio ou de locomo\u00e7\u00e3o da pessoa com dem\u00eancia.<\/p>\n<p>Lidar com os planos de sa\u00fade \u00e9 outro desafio cotidiano para quem cuida sem remunera\u00e7\u00e3o que pode gerar estresse e horas de sono. \u00a0Seja pelos pre\u00e7os e aumentos praticados, seja pelas mudan\u00e7as na oferta de cl\u00ednicas, hospitais e profissionais. Ou ainda pela dificuldade em conseguir a libera\u00e7\u00e3o de exames ou cirurgias e pelo tempo de espera para tudo isso.<\/p>\n<p>Os primeiros passos j\u00e1 foram dados com a aprova\u00e7\u00e3o da Pol\u00edtica Nacional de Cuidados (dezembro\/2024) e do Plano Nacional de Cuidados (dezembro\/2025). Mas ainda temos uma longa jornada para que a Sociedade do Cuidado se torne uma realidade.<\/p>\n<p>&nbsp;<\/p>\n","protected":false},"excerpt":{"rendered":"<p>Cosette Castro Bras\u00edlia \u2013 Enquanto tiro uns dias para descansar, atualizo um dos primeiros textos sobre o trabalho de cuidado sem remunera\u00e7\u00e3o publicado por Ana Castro e eu em mar\u00e7o de 2021. Releio com carinho e observo como ainda \u00e9 atual. Uma executiva eficiente sem remunera\u00e7\u00e3o. Este \u00e9 o perfil que se espera de algu\u00e9m que vai cuidar de um [&hellip;]<\/p>\n","protected":false},"author":126,"featured_media":0,"comment_status":"open","ping_status":"open","sticky":false,"template":"","format":"standard","meta":{"footnotes":""},"categories":[10],"tags":[8,2,924,119,20,7,1653,1078],"class_list":["post-3739","post","type-post","status-publish","format-standard","hentry","category-cuidadoras-familiares","tag-alzheimer","tag-cuidado","tag-cuidado-coletivo","tag-cuidado-e-autocuidado","tag-cuidadoras-familiares","tag-demencias","tag-plano-nacional-de-cuidados","tag-politica-nacional-de-cuidados"],"_links":{"self":[{"href":"https:\/\/blogs.correiobraziliense.com.br\/coletivo-filhas-da-mae\/wp-json\/wp\/v2\/posts\/3739","targetHints":{"allow":["GET"]}}],"collection":[{"href":"https:\/\/blogs.correiobraziliense.com.br\/coletivo-filhas-da-mae\/wp-json\/wp\/v2\/posts"}],"about":[{"href":"https:\/\/blogs.correiobraziliense.com.br\/coletivo-filhas-da-mae\/wp-json\/wp\/v2\/types\/post"}],"author":[{"embeddable":true,"href":"https:\/\/blogs.correiobraziliense.com.br\/coletivo-filhas-da-mae\/wp-json\/wp\/v2\/users\/126"}],"replies":[{"embeddable":true,"href":"https:\/\/blogs.correiobraziliense.com.br\/coletivo-filhas-da-mae\/wp-json\/wp\/v2\/comments?post=3739"}],"version-history":[{"count":3,"href":"https:\/\/blogs.correiobraziliense.com.br\/coletivo-filhas-da-mae\/wp-json\/wp\/v2\/posts\/3739\/revisions"}],"predecessor-version":[{"id":3742,"href":"https:\/\/blogs.correiobraziliense.com.br\/coletivo-filhas-da-mae\/wp-json\/wp\/v2\/posts\/3739\/revisions\/3742"}],"wp:attachment":[{"href":"https:\/\/blogs.correiobraziliense.com.br\/coletivo-filhas-da-mae\/wp-json\/wp\/v2\/media?parent=3739"}],"wp:term":[{"taxonomy":"category","embeddable":true,"href":"https:\/\/blogs.correiobraziliense.com.br\/coletivo-filhas-da-mae\/wp-json\/wp\/v2\/categories?post=3739"},{"taxonomy":"post_tag","embeddable":true,"href":"https:\/\/blogs.correiobraziliense.com.br\/coletivo-filhas-da-mae\/wp-json\/wp\/v2\/tags?post=3739"}],"curies":[{"name":"wp","href":"https:\/\/api.w.org\/{rel}","templated":true}]}}