{"id":3720,"date":"2025-12-29T21:04:49","date_gmt":"2025-12-30T00:04:49","guid":{"rendered":"https:\/\/blogs.correiobraziliense.com.br\/coletivo-filhas-da-mae\/?p=3720"},"modified":"2025-12-30T12:41:31","modified_gmt":"2025-12-30T15:41:31","slug":"desejos-para-2026","status":"publish","type":"post","link":"https:\/\/blogs.correiobraziliense.com.br\/coletivo-filhas-da-mae\/2025\/12\/29\/desejos-para-2026\/","title":{"rendered":"Desejos para 2026"},"content":{"rendered":"<p>Cosette Castro<\/p>\n<p>Bras\u00edlia \u2013 Para muitos, logo ap\u00f3s a comemora\u00e7\u00e3o do fim do ano vem um dia de pregui\u00e7a. De n\u00e3o fazer nada. E at\u00e9 de imaginar que o tempo, por algumas horas, parou de existir. \u00c9 um dia de descanso.<\/p>\n<p>Mas n\u00e3o \u00e9 assim para todo mundo. Para cuidadoras familiares, porexemplo, pode ser o dia que ser\u00e1 necess\u00e1rio trabalhar mais, porque nem sempre a pessoa cuidadora contratada aparece. Pode ser que sequer haja or\u00e7amento para pagar uma cuidadora particular.<\/p>\n<p>Pode ocorrer que\u00a0 n\u00e3o haja fam\u00edlia na mesma cidade. Que ningu\u00e9m da fam\u00edlia tenha aparecido. Ou que ningu\u00e9m\u00a0 lembre de perguntar se a pessoa que cuida um familiar sem remunera\u00e7\u00e3o gostaria de come\u00e7ar o ano descansando um pouco.<\/p>\n<p>Assim como as cuidadoras familiares, h\u00e1 outras pessoas invis\u00edveis que garantem a organiza\u00e7\u00e3o e infraestrutura cotidiana da casa, do bairro, da comunidade. S\u00e3o pessoas como os lixeiros, porteiros, s\u00edndicos, empregadas dom\u00e9sticas, cuidadoras plantonistas de hospitais. Ou o pessoal de tele-entrega. Entregadores e entregadoras que garantem que o rem\u00e9dio que nem sempre deu para comprar chegue em casa a tempo.<\/p>\n<p>E, sim, h\u00e1 o pessoal do Uber, da 99, ou taxistas tradicionais que aproveitam as festas para trabalhar e conseguir entrar o ano com um pouco de dinheiro extra. Mas, diferente desses outros grupos, pessoas que cuidam seus familiares trabalham gratuitamente.<\/p>\n<p>Dia primeiro de janeiro deveria ser um dia de congelar as obriga\u00e7\u00f5es. Deveria, mas n\u00e3o \u00e9. Ainda assim n\u00e3o impede que cada uma de n\u00f3s renove a esperan\u00e7a em dias melhores, com mais sa\u00fade, dinheiro, projetos, amores e amizades. Um dia para que os sonhos, novos ou antigos, comecem a se realizar.<\/p>\n<p>A coordena\u00e7\u00e3o do Coletivo Filhas da M\u00e3e olha o futuro sem esquecer o passado recente. Por isso, neste finalizinho de ano, a exemplo do que foi feito em 2004,\u00a0 foram escolhidas algumas fotos de 2025 para\u00a0 compartilhar nossos desejos de um feliz 2026 com voc\u00ea. Ao seu lado. E com nossos parceiros.<\/p>\n<p>1. Desejamos muita m\u00fasica para voc\u00ea. A m\u00fasica \u00e9 a \u00faltima mem\u00f3ria que se perde<\/p>\n<p><img loading=\"lazy\" decoding=\"async\" class=\" wp-image-3723 aligncenter\" src=\"https:\/\/blogs.correiobraziliense.com.br\/coletivo-filhas-da-mae\/wp-content\/uploads\/sites\/60\/2025\/12\/grupo-caf\u00e9-com-chorinho2025-300x226.jpeg\" alt=\"\" width=\"395\" height=\"298\" srcset=\"https:\/\/blogs.correiobraziliense.com.br\/coletivo-filhas-da-mae\/wp-content\/uploads\/sites\/60\/2025\/12\/grupo-caf\u00e9-com-chorinho2025-300x226.jpeg 300w, https:\/\/blogs.correiobraziliense.com.br\/coletivo-filhas-da-mae\/wp-content\/uploads\/sites\/60\/2025\/12\/grupo-caf\u00e9-com-chorinho2025-768x578.jpeg 768w, https:\/\/blogs.correiobraziliense.com.br\/coletivo-filhas-da-mae\/wp-content\/uploads\/sites\/60\/2025\/12\/grupo-caf\u00e9-com-chorinho2025-1024x771.jpeg 1024w, https:\/\/blogs.correiobraziliense.com.br\/coletivo-filhas-da-mae\/wp-content\/uploads\/sites\/60\/2025\/12\/grupo-caf\u00e9-com-chorinho2025-1440x1084.jpeg 1440w, https:\/\/blogs.correiobraziliense.com.br\/coletivo-filhas-da-mae\/wp-content\/uploads\/sites\/60\/2025\/12\/grupo-caf\u00e9-com-chorinho2025-800x602.jpeg 800w, https:\/\/blogs.correiobraziliense.com.br\/coletivo-filhas-da-mae\/wp-content\/uploads\/sites\/60\/2025\/12\/grupo-caf\u00e9-com-chorinho2025-550x414.jpeg 550w, https:\/\/blogs.correiobraziliense.com.br\/coletivo-filhas-da-mae\/wp-content\/uploads\/sites\/60\/2025\/12\/grupo-caf\u00e9-com-chorinho2025-230x173.jpeg 230w, https:\/\/blogs.correiobraziliense.com.br\/coletivo-filhas-da-mae\/wp-content\/uploads\/sites\/60\/2025\/12\/grupo-caf\u00e9-com-chorinho2025.jpeg 1600w\" sizes=\"auto, (max-width: 395px) 100vw, 395px\" \/><\/p>\n<p style=\"text-align: center\">Parceiria com o grupo Caf\u00e9 com Chorinho. Parque Olhos D\u00b4\u00c1gua, Bras\u00edlia, no\u00a0 primeiro domingo do m\u00eas<\/p>\n<p>2. Desejamos que voc\u00ea possa contribuir para a constru\u00e7\u00e3o de uma Sociedade do Cuidado<\/p>\n<p><img loading=\"lazy\" decoding=\"async\" class=\"alignnone size-medium wp-image-3518\" src=\"https:\/\/blogs.correiobraziliense.com.br\/coletivo-filhas-da-mae\/wp-content\/uploads\/sites\/60\/2025\/10\/painelcomoconstruirumasociedadedo-cuidado2025-300x225.jpg\" alt=\"\" width=\"300\" height=\"225\" srcset=\"https:\/\/blogs.correiobraziliense.com.br\/coletivo-filhas-da-mae\/wp-content\/uploads\/sites\/60\/2025\/10\/painelcomoconstruirumasociedadedo-cuidado2025-300x225.jpg 300w, https:\/\/blogs.correiobraziliense.com.br\/coletivo-filhas-da-mae\/wp-content\/uploads\/sites\/60\/2025\/10\/painelcomoconstruirumasociedadedo-cuidado2025-768x576.jpg 768w, https:\/\/blogs.correiobraziliense.com.br\/coletivo-filhas-da-mae\/wp-content\/uploads\/sites\/60\/2025\/10\/painelcomoconstruirumasociedadedo-cuidado2025-1024x768.jpg 1024w, https:\/\/blogs.correiobraziliense.com.br\/coletivo-filhas-da-mae\/wp-content\/uploads\/sites\/60\/2025\/10\/painelcomoconstruirumasociedadedo-cuidado2025-1440x1080.jpg 1440w, https:\/\/blogs.correiobraziliense.com.br\/coletivo-filhas-da-mae\/wp-content\/uploads\/sites\/60\/2025\/10\/painelcomoconstruirumasociedadedo-cuidado2025-800x600.jpg 800w, https:\/\/blogs.correiobraziliense.com.br\/coletivo-filhas-da-mae\/wp-content\/uploads\/sites\/60\/2025\/10\/painelcomoconstruirumasociedadedo-cuidado2025-550x413.jpg 550w, https:\/\/blogs.correiobraziliense.com.br\/coletivo-filhas-da-mae\/wp-content\/uploads\/sites\/60\/2025\/10\/painelcomoconstruirumasociedadedo-cuidado2025-230x173.jpg 230w, https:\/\/blogs.correiobraziliense.com.br\/coletivo-filhas-da-mae\/wp-content\/uploads\/sites\/60\/2025\/10\/painelcomoconstruirumasociedadedo-cuidado2025.jpg 1600w\" sizes=\"auto, (max-width: 300px) 100vw, 300px\" \/><img loading=\"lazy\" decoding=\"async\" class=\"alignnone size-medium wp-image-3519\" src=\"https:\/\/blogs.correiobraziliense.com.br\/coletivo-filhas-da-mae\/wp-content\/uploads\/sites\/60\/2025\/10\/painelcomparticipa\u00e7\u00e3odasmulheres2025-300x226.jpg\" alt=\"\" width=\"300\" height=\"226\" srcset=\"https:\/\/blogs.correiobraziliense.com.br\/coletivo-filhas-da-mae\/wp-content\/uploads\/sites\/60\/2025\/10\/painelcomparticipa\u00e7\u00e3odasmulheres2025-300x226.jpg 300w, https:\/\/blogs.correiobraziliense.com.br\/coletivo-filhas-da-mae\/wp-content\/uploads\/sites\/60\/2025\/10\/painelcomparticipa\u00e7\u00e3odasmulheres2025-768x578.jpg 768w, https:\/\/blogs.correiobraziliense.com.br\/coletivo-filhas-da-mae\/wp-content\/uploads\/sites\/60\/2025\/10\/painelcomparticipa\u00e7\u00e3odasmulheres2025-1024x771.jpg 1024w, https:\/\/blogs.correiobraziliense.com.br\/coletivo-filhas-da-mae\/wp-content\/uploads\/sites\/60\/2025\/10\/painelcomparticipa\u00e7\u00e3odasmulheres2025-1440x1084.jpg 1440w, https:\/\/blogs.correiobraziliense.com.br\/coletivo-filhas-da-mae\/wp-content\/uploads\/sites\/60\/2025\/10\/painelcomparticipa\u00e7\u00e3odasmulheres2025-800x602.jpg 800w, https:\/\/blogs.correiobraziliense.com.br\/coletivo-filhas-da-mae\/wp-content\/uploads\/sites\/60\/2025\/10\/painelcomparticipa\u00e7\u00e3odasmulheres2025-550x414.jpg 550w, https:\/\/blogs.correiobraziliense.com.br\/coletivo-filhas-da-mae\/wp-content\/uploads\/sites\/60\/2025\/10\/painelcomparticipa\u00e7\u00e3odasmulheres2025-230x173.jpg 230w, https:\/\/blogs.correiobraziliense.com.br\/coletivo-filhas-da-mae\/wp-content\/uploads\/sites\/60\/2025\/10\/painelcomparticipa\u00e7\u00e3odasmulheres2025.jpg 1600w\" sizes=\"auto, (max-width: 300px) 100vw, 300px\" \/><\/p>\n<p>Painel doado pelo Coletivo Borda Lutas. Sugest\u00f5es da popula\u00e7\u00e3o para a Sociedade do Cuidado em 2025<\/p>\n<p>3. Desejamos muita arte na sua vida. A arte cura<\/p>\n<p><img loading=\"lazy\" decoding=\"async\" class=\"lazy wp-image-2058 lazy-loaded aligncenter\" src=\"https:\/\/blogs.correiobraziliense.com.br\/coletivo-filhas-da-mae\/wp-content\/uploads\/sites\/60\/2024\/01\/artenarua-300x157.jpg\" alt=\"\" width=\"426\" height=\"223\" srcset=\"https:\/\/blogs.correiobraziliense.com.br\/coletivo-filhas-da-mae\/wp-content\/uploads\/sites\/60\/2024\/01\/artenarua-300x157.jpg 300w, https:\/\/blogs.correiobraziliense.com.br\/coletivo-filhas-da-mae\/wp-content\/uploads\/sites\/60\/2024\/01\/artenarua-768x402.jpg 768w, https:\/\/blogs.correiobraziliense.com.br\/coletivo-filhas-da-mae\/wp-content\/uploads\/sites\/60\/2024\/01\/artenarua-1024x536.jpg 1024w, https:\/\/blogs.correiobraziliense.com.br\/coletivo-filhas-da-mae\/wp-content\/uploads\/sites\/60\/2024\/01\/artenarua-800x419.jpg 800w, https:\/\/blogs.correiobraziliense.com.br\/coletivo-filhas-da-mae\/wp-content\/uploads\/sites\/60\/2024\/01\/artenarua-550x288.jpg 550w, https:\/\/blogs.correiobraziliense.com.br\/coletivo-filhas-da-mae\/wp-content\/uploads\/sites\/60\/2024\/01\/artenarua-230x120.jpg 230w, https:\/\/blogs.correiobraziliense.com.br\/coletivo-filhas-da-mae\/wp-content\/uploads\/sites\/60\/2024\/01\/artenarua.jpg 1079w\" sizes=\"auto, (max-width: 426px) 100vw, 426px\" \/><\/p>\n<p style=\"text-align: center\">Em 2026, conha\u00e7a a arte de rua criada para o Coletivo Filhas da M\u00e3e sobre &#8220;Mem\u00f3ria e Intergeracionalidade&#8221; no Beco da Quadra 507 Sul, em Bras\u00edlia<\/p>\n<p>4. Desejamos a voc\u00ea novos encontros, alegrias e aprendizados, como as oficinas pr\u00e9-carnaval 2026<\/p>\n<p><img loading=\"lazy\" decoding=\"async\" class=\"alignnone size-medium wp-image-3028\" src=\"https:\/\/blogs.correiobraziliense.com.br\/coletivo-filhas-da-mae\/wp-content\/uploads\/sites\/60\/2025\/03\/Cuidadina.-P\u00f3s-Carnaval-2025-135x300.jpg\" alt=\"\" width=\"135\" height=\"300\" srcset=\"https:\/\/blogs.correiobraziliense.com.br\/coletivo-filhas-da-mae\/wp-content\/uploads\/sites\/60\/2025\/03\/Cuidadina.-P\u00f3s-Carnaval-2025-135x300.jpg 135w, https:\/\/blogs.correiobraziliense.com.br\/coletivo-filhas-da-mae\/wp-content\/uploads\/sites\/60\/2025\/03\/Cuidadina.-P\u00f3s-Carnaval-2025-461x1024.jpg 461w, https:\/\/blogs.correiobraziliense.com.br\/coletivo-filhas-da-mae\/wp-content\/uploads\/sites\/60\/2025\/03\/Cuidadina.-P\u00f3s-Carnaval-2025-550x1222.jpg 550w, https:\/\/blogs.correiobraziliense.com.br\/coletivo-filhas-da-mae\/wp-content\/uploads\/sites\/60\/2025\/03\/Cuidadina.-P\u00f3s-Carnaval-2025-230x511.jpg 230w, https:\/\/blogs.correiobraziliense.com.br\/coletivo-filhas-da-mae\/wp-content\/uploads\/sites\/60\/2025\/03\/Cuidadina.-P\u00f3s-Carnaval-2025.jpg 720w\" sizes=\"auto, (max-width: 135px) 100vw, 135px\" \/><img loading=\"lazy\" decoding=\"async\" class=\"alignnone wp-image-3722\" src=\"https:\/\/blogs.correiobraziliense.com.br\/coletivo-filhas-da-mae\/wp-content\/uploads\/sites\/60\/2025\/12\/oficina-estandarte-2025-300x202.jpeg\" alt=\"\" width=\"429\" height=\"288\" srcset=\"https:\/\/blogs.correiobraziliense.com.br\/coletivo-filhas-da-mae\/wp-content\/uploads\/sites\/60\/2025\/12\/oficina-estandarte-2025-300x202.jpeg 300w, https:\/\/blogs.correiobraziliense.com.br\/coletivo-filhas-da-mae\/wp-content\/uploads\/sites\/60\/2025\/12\/oficina-estandarte-2025-768x516.jpeg 768w, https:\/\/blogs.correiobraziliense.com.br\/coletivo-filhas-da-mae\/wp-content\/uploads\/sites\/60\/2025\/12\/oficina-estandarte-2025-1024x689.jpeg 1024w, https:\/\/blogs.correiobraziliense.com.br\/coletivo-filhas-da-mae\/wp-content\/uploads\/sites\/60\/2025\/12\/oficina-estandarte-2025-1440x968.jpeg 1440w, https:\/\/blogs.correiobraziliense.com.br\/coletivo-filhas-da-mae\/wp-content\/uploads\/sites\/60\/2025\/12\/oficina-estandarte-2025-800x538.jpeg 800w, https:\/\/blogs.correiobraziliense.com.br\/coletivo-filhas-da-mae\/wp-content\/uploads\/sites\/60\/2025\/12\/oficina-estandarte-2025-550x370.jpeg 550w, https:\/\/blogs.correiobraziliense.com.br\/coletivo-filhas-da-mae\/wp-content\/uploads\/sites\/60\/2025\/12\/oficina-estandarte-2025-230x155.jpeg 230w, https:\/\/blogs.correiobraziliense.com.br\/coletivo-filhas-da-mae\/wp-content\/uploads\/sites\/60\/2025\/12\/oficina-estandarte-2025.jpeg 1600w\" sizes=\"auto, (max-width: 429px) 100vw, 429px\" \/><\/p>\n<p>O Carnaval tem parceria com o Bloco do Rivotrio. Na foto \u00e0 esquerda, a dinossaura Cuidadina,\u00a0 mascote do Bloco Filhas da M\u00e3e desde 2025 e \u00e0 direita, oficina de estandarte<\/p>\n<p>5) Desejamos a voc\u00ea novas caminhadas nos parques e trilhas urbanas<\/p>\n<p><img loading=\"lazy\" decoding=\"async\" class=\" wp-image-3721 aligncenter\" src=\"https:\/\/blogs.correiobraziliense.com.br\/coletivo-filhas-da-mae\/wp-content\/uploads\/sites\/60\/2025\/12\/TrilhaurbanaOs-Caminhos-de-Athos-Bulc\u00e3o-na-Asa-Sul-2025-300x226.jpg\" alt=\"\" width=\"396\" height=\"298\" srcset=\"https:\/\/blogs.correiobraziliense.com.br\/coletivo-filhas-da-mae\/wp-content\/uploads\/sites\/60\/2025\/12\/TrilhaurbanaOs-Caminhos-de-Athos-Bulc\u00e3o-na-Asa-Sul-2025-300x226.jpg 300w, https:\/\/blogs.correiobraziliense.com.br\/coletivo-filhas-da-mae\/wp-content\/uploads\/sites\/60\/2025\/12\/TrilhaurbanaOs-Caminhos-de-Athos-Bulc\u00e3o-na-Asa-Sul-2025-768x578.jpg 768w, https:\/\/blogs.correiobraziliense.com.br\/coletivo-filhas-da-mae\/wp-content\/uploads\/sites\/60\/2025\/12\/TrilhaurbanaOs-Caminhos-de-Athos-Bulc\u00e3o-na-Asa-Sul-2025-1024x771.jpg 1024w, https:\/\/blogs.correiobraziliense.com.br\/coletivo-filhas-da-mae\/wp-content\/uploads\/sites\/60\/2025\/12\/TrilhaurbanaOs-Caminhos-de-Athos-Bulc\u00e3o-na-Asa-Sul-2025-1440x1084.jpg 1440w, https:\/\/blogs.correiobraziliense.com.br\/coletivo-filhas-da-mae\/wp-content\/uploads\/sites\/60\/2025\/12\/TrilhaurbanaOs-Caminhos-de-Athos-Bulc\u00e3o-na-Asa-Sul-2025-800x602.jpg 800w, https:\/\/blogs.correiobraziliense.com.br\/coletivo-filhas-da-mae\/wp-content\/uploads\/sites\/60\/2025\/12\/TrilhaurbanaOs-Caminhos-de-Athos-Bulc\u00e3o-na-Asa-Sul-2025-550x414.jpg 550w, https:\/\/blogs.correiobraziliense.com.br\/coletivo-filhas-da-mae\/wp-content\/uploads\/sites\/60\/2025\/12\/TrilhaurbanaOs-Caminhos-de-Athos-Bulc\u00e3o-na-Asa-Sul-2025-230x173.jpg 230w\" sizes=\"auto, (max-width: 396px) 100vw, 396px\" \/><\/p>\n<p style=\"text-align: center\">Trilha Urbana os Caminhos de Athos Bulc\u00e3o na Asa Sul, 2025. Parceria com o Grupo de Caminhadas Bras\u00edlila<\/p>\n<p style=\"text-align: left\">E voc\u00ea o que deseja para 2026?<\/p>\n<p>PS: Originalmente este texto foi publicado no final de 2024 e adaptado para esta edi\u00e7\u00e3o.<\/p>\n","protected":false},"excerpt":{"rendered":"<p>Cosette Castro Bras\u00edlia \u2013 Para muitos, logo ap\u00f3s a comemora\u00e7\u00e3o do fim do ano vem um dia de pregui\u00e7a. De n\u00e3o fazer nada. E at\u00e9 de imaginar que o tempo, por algumas horas, parou de existir. \u00c9 um dia de descanso. Mas n\u00e3o \u00e9 assim para todo mundo. Para cuidadoras familiares, porexemplo, pode ser o dia que ser\u00e1 necess\u00e1rio trabalhar [&hellip;]<\/p>\n","protected":false},"author":126,"featured_media":0,"comment_status":"open","ping_status":"open","sticky":false,"template":"","format":"standard","meta":{"footnotes":""},"categories":[1821],"tags":[],"class_list":["post-3720","post","type-post","status-publish","format-standard","hentry","category-fim-de-ano"],"_links":{"self":[{"href":"https:\/\/blogs.correiobraziliense.com.br\/coletivo-filhas-da-mae\/wp-json\/wp\/v2\/posts\/3720","targetHints":{"allow":["GET"]}}],"collection":[{"href":"https:\/\/blogs.correiobraziliense.com.br\/coletivo-filhas-da-mae\/wp-json\/wp\/v2\/posts"}],"about":[{"href":"https:\/\/blogs.correiobraziliense.com.br\/coletivo-filhas-da-mae\/wp-json\/wp\/v2\/types\/post"}],"author":[{"embeddable":true,"href":"https:\/\/blogs.correiobraziliense.com.br\/coletivo-filhas-da-mae\/wp-json\/wp\/v2\/users\/126"}],"replies":[{"embeddable":true,"href":"https:\/\/blogs.correiobraziliense.com.br\/coletivo-filhas-da-mae\/wp-json\/wp\/v2\/comments?post=3720"}],"version-history":[{"count":6,"href":"https:\/\/blogs.correiobraziliense.com.br\/coletivo-filhas-da-mae\/wp-json\/wp\/v2\/posts\/3720\/revisions"}],"predecessor-version":[{"id":3729,"href":"https:\/\/blogs.correiobraziliense.com.br\/coletivo-filhas-da-mae\/wp-json\/wp\/v2\/posts\/3720\/revisions\/3729"}],"wp:attachment":[{"href":"https:\/\/blogs.correiobraziliense.com.br\/coletivo-filhas-da-mae\/wp-json\/wp\/v2\/media?parent=3720"}],"wp:term":[{"taxonomy":"category","embeddable":true,"href":"https:\/\/blogs.correiobraziliense.com.br\/coletivo-filhas-da-mae\/wp-json\/wp\/v2\/categories?post=3720"},{"taxonomy":"post_tag","embeddable":true,"href":"https:\/\/blogs.correiobraziliense.com.br\/coletivo-filhas-da-mae\/wp-json\/wp\/v2\/tags?post=3720"}],"curies":[{"name":"wp","href":"https:\/\/api.w.org\/{rel}","templated":true}]}}