{"id":3702,"date":"2025-12-19T17:18:59","date_gmt":"2025-12-19T20:18:59","guid":{"rendered":"https:\/\/blogs.correiobraziliense.com.br\/coletivo-filhas-da-mae\/?p=3702"},"modified":"2025-12-19T17:18:59","modified_gmt":"2025-12-19T20:18:59","slug":"um-comite-estrategico-para-o-cuidado-coletivo","status":"publish","type":"post","link":"https:\/\/blogs.correiobraziliense.com.br\/coletivo-filhas-da-mae\/2025\/12\/19\/um-comite-estrategico-para-o-cuidado-coletivo\/","title":{"rendered":"Um Comit\u00ea Estrat\u00e9gico para o Cuidado Coletivo\u00a0"},"content":{"rendered":"<div class=\"tVu25\">\n<div class=\"nH\">\n<div class=\"nH\">\n<div class=\"nH aqk aql bkL\">\n<div class=\"nH bkK\">\n<div class=\"nH\">\n<div class=\"nH ar4 z\">\n<div class=\"aeI\">\n<div class=\"AO\">\n<div id=\":3\" class=\"Tm aeJ cgjhk\">\n<div id=\":1\" class=\"aeF\">\n<div class=\"nH\">\n<div class=\"nH\" role=\"main\">\n<div class=\"nH g\">\n<div class=\"nH a98 iY\">\n<div class=\"nH\">\n<div class=\"aHU hx\">\n<div role=\"list\">\n<div class=\"h7 ie\" role=\"listitem\">\n<div class=\"Bk\">\n<div class=\"G3 G2\">\n<div id=\"avWBGd-0\">\n<div id=\"avWBGd-1\">\n<div class=\"adn ads\">\n<div class=\"gs\">\n<div class=\"\">\n<div id=\":oj\" class=\"ii gt\">\n<div id=\":oi\" class=\"a3s aiL\">\n<div id=\"avWBGd-24\">\n<div dir=\"auto\">\n<p dir=\"auto\">Cosette Castro<\/p>\n<p dir=\"auto\">Bras\u00edlia &#8211; Esta semana as organiza\u00e7\u00f5es da sociedade civil\u00a0 e as pessoas com\u00a0 60 anos ou mais deram exemplo de participa\u00e7\u00e3o social e vida democr\u00e1tica durante a 6a. Confer\u00eancia Nacional dos Direitos das Pessoas Idosas.<\/p>\n<p dir=\"auto\">Algo que a maior parte dos Deputados e Senadores da Rep\u00fablica n\u00e3o conhece ou nem lembra mais, pois est\u00e3o de costas para a popula\u00e7\u00e3o desde que foram eleitos.<\/p>\n<p dir=\"auto\">Na mesma semana, o Senado aprovou o Projeto da Desiometria sem levar em conta as manifesta\u00e7\u00f5es populares em todo o pa\u00eds contra a anistia aos golpistas. Nem as mais de um milh\u00e3o de assinaturas contra projetos similares de anistia em 2025 que podem ser encontrados na p\u00e1gina web do Senado.<\/p>\n<p dir=\"auto\">Ou seja, esta n\u00e3o foi a primeira vez este ano que a maioria conservadora de deputados e senadores tentou defender os interesses de amigos e partid\u00e1rios em detrimento da popula\u00e7\u00e3o.<\/p>\n<p dir=\"auto\">Ao mesmo tempo, na segunda-feira, dia 15, o pa\u00eds viveu um momento hist\u00f3rico.<\/p>\n<p dir=\"auto\">Desde dezembro de 2024, o Brasil criou a Pol\u00edtica Nacional de Cuidados (<a href=\"https:\/\/www.planalto.gov.br\/ccivil_03\/_ato2023-2026\/2024\/lei\/L15069.htm\">leia aqui<\/a>). E agora, um ano depois, tamb\u00e9m tem um Plano Nacional de Cuidados para executar essa pol\u00edtica (<a href=\"https:\/\/www.gov.br\/mds\/pt-br\/acoes-e-programas\/brasil-que-cuida\/plano#:~:text=O%20Plano%20Nacional%20de%20Cuidados,de%2011%2F12%2F2025.\">conhe\u00e7a aqui<\/a>).<\/p>\n<p dir=\"auto\">O Plano que protege quem cuida e quem necessita cuidados chega \u00e0 popula\u00e7\u00e3o com 05 Eixos, onde est\u00e3o os p\u00fablicos priorit\u00e1rios da pol\u00edtica p\u00fablica, e or\u00e7amento de 25 bilh\u00f5es de reais para 2026 e 2027. Ele tem 79 a\u00e7\u00f5es e 247 projetos com a proposta de que alcancem os estados e munic\u00edpios brasileiros que aderirem ao Plano Nacional de Cuidados (<a href=\"https:\/\/www.gov.br\/mds\/pt-br\/acoes-e-programas\/brasil-que-cuida\/adesao\">veja como seu munic\u00edpio pode aderir<\/a>).<\/p>\n<p dir=\"auto\">Esta \u00e9 uma pol\u00edtica p\u00fablica in\u00e9dita em v\u00e1rios sentidos.<\/p>\n<p dir=\"auto\">\u00c9 o resultado de um trabalho interministerial que reuniu 19 minist\u00e9rios mais institui\u00e7\u00f5es como o Instituto Brasileiro de Geografia e Estat\u00edstica (IBGE), a Funda\u00e7\u00e3o Oswaldo Cruz (Fiocruz) e o Instituto de Pesquisa Econ\u00f4mica Aplicada (IPEA). Al\u00e9m disso, os projetos s\u00e3o pensados transversalmente, articulando SUS (sa\u00fade), SUAS (assist\u00eancia social), Minist\u00e9rio da Educa\u00e7\u00e3o e outras \u00e1reas de governo.<\/p>\n<p dir=\"auto\">A conquista\u00a0 de um Plano Nacional de Cuidados n\u00e3o come\u00e7ou hoje.\u00a0 E \u00e9 importante contextualizar e lembrar, porque um pa\u00eds sem mem\u00f3ria \u00e9 um pa\u00eds sem hist\u00f3ria.<\/p>\n<p dir=\"auto\">H\u00e1 40 anos as feministas, inclusive as da Am\u00e9rica Latina,\u00a0 vinham lutando pelo reconhecimento do trabalho invis\u00edvel\u00a0 das mulheres cuidadoras familiares que tamb\u00e9m realizam trabalho dom\u00e9stico sem remunera\u00e7\u00e3o. E tamb\u00e9m pelo fim da precariedade do trabalho dom\u00e9stico e de cuidado de pessoas remunerado.<\/p>\n<p dir=\"auto\">Em novembro de 2022 foi assinada a Carta de Buenos Aires dentro da \u00a0Confer\u00eancia Regional sobre a Situa\u00e7\u00e3o das Mulheres\/Unesco, da qual o Brasil \u00e9 signat\u00e1rio. Ela\u00a0 espec\u00edfica o cuidado como um tema central na vida social, prop\u00f5e um novo modelo de desenvolvimento e convoca os Estados a criarem uma Sociedade do Cuidado. Ao assumir o governo em 2023, o presidente Lula priorizou a cria\u00e7\u00e3o da Pol\u00edtica Nacional de Cuidados<\/p>\n<p dir=\"auto\">Essa pol\u00edtica p\u00fablica foi constru\u00edda a partir de participa\u00e7\u00e3o dos movimentos sociais, das universidades e da popula\u00e7\u00e3o primeiro atrav\u00e9s de Consulta P\u00fablica online. E tamb\u00e9m a partir de reuni\u00f5es presenciais e online reunindo\u00a0 grupos tem\u00e1ticos em todo pa\u00eds.<\/p>\n<p dir=\"auto\">J\u00e1 o Plano Nacional de Cuidados foi elaborado a partir de um mix. Da compila\u00e7\u00e3o das propostas apresentadas nas inst\u00e2ncias anteriores, do resultado de pesquisas\u00a0 e tamb\u00e9m da busca de or\u00e7amento.<\/p>\n<p dir=\"auto\">O Plano tem dois Comit\u00eas. S\u00e3o eles: o Comit\u00ea Estrat\u00e9gico e o Comit\u00ea Gestor do Plano Nacional de Cuidados.\u00a0 Seus representantes foram empossados na segunda-feira e na ter\u00e7a, 16, se reuniram pela primeira vez\u00a0 para definir os primeiros passos e o calend\u00e1rio de atividades para o in\u00edcio de 2026.<\/p>\n<p dir=\"auto\">O Comit\u00ea Estrat\u00e9gico \u00e9 composto por 21 pessoas representantes de institui\u00e7\u00f5es da sociedade civil e 03 pessoas de Not\u00f3rio Saber. J\u00e1 o Comit\u00ea Gestor \u00e9 composto por 24 representantes dos diferentes minist\u00e9rios\u00a0 participantes do Plano Nacional de Cuidados.<\/p>\n<p dir=\"auto\">As pessoas que representam o Comit\u00ea Estrat\u00e9gico atuam nas \u00e1reas priorit\u00e1rias da Pol\u00edtica Nacional de Cuidados, com p\u00fablicos diferenciados.<\/p>\n<p dir=\"auto\">Apesar de ser um ano de elei\u00e7\u00e3o, 2026 promete!<\/p>\n<\/div>\n<p class=\"yj6qo\">\n<p class=\"adL\">\n<\/div>\n<\/div>\n<\/div>\n<p id=\"avWBGd-25\" class=\"WhmR8e\">\n<\/div>\n<\/div>\n<p class=\"ajx\">\n<\/div>\n<div class=\"gA gt acV\">\n<div class=\"gB xu\">\n<p class=\"mVCoBd\">\n<div class=\"ip iq\">\n<p class=\"pLw6bb\">\n<div id=\"avWBGd-26\" class=\"bJvOmf\"><\/div>\n<\/div>\n<\/div>\n<\/div>\n<\/div>\n<\/div>\n<\/div>\n<\/div>\n<\/div>\n<\/div>\n<div><\/div>\n<\/div>\n<\/div>\n<div class=\"nH btDi4d\">\n<div>\n<div>\n<div class=\"amr\">\n<div class=\"nr wR\">\n<div class=\"amn\">\n<div class=\"wrsVRe\"><\/div>\n<\/div>\n<\/div>\n<\/div>\n<\/div>\n<\/div>\n<\/div>\n<div class=\"nH\">\n<div class=\"l2\"><\/div>\n<\/div>\n<\/div>\n<\/div>\n<\/div>\n<\/div>\n<\/div>\n<\/div>\n<\/div>\n<\/div>\n<\/div>\n<\/div>\n<\/div>\n<div class=\"nH\">\n<div class=\"aUx\">\n<div class=\"bAw bcf it\">\n<div class=\"brC-dA-I-Jw\"><\/div>\n<\/div>\n<\/div>\n<\/div>\n<\/div>\n<\/div>\n<\/div>\n<\/div>\n<div class=\"vY nq\"><\/div>\n<div>\n<div><\/div>\n<\/div>\n<div id=\"lo-gmail-container\">\n<div id=\"main-loom-gmail-integration\">\n<div id=\"loom-main-dropdown-dump\"><\/div>\n<div id=\"loom-always-hidden-div\"><\/div>\n<\/div>\n<\/div>\n","protected":false},"excerpt":{"rendered":"<p>Cosette Castro Bras\u00edlia &#8211; Esta semana as organiza\u00e7\u00f5es da sociedade civil\u00a0 e as pessoas com\u00a0 60 anos ou mais deram exemplo de participa\u00e7\u00e3o social e vida democr\u00e1tica durante a 6a. Confer\u00eancia Nacional dos Direitos das Pessoas Idosas. Algo que a maior parte dos Deputados e Senadores da Rep\u00fablica n\u00e3o conhece ou nem lembra mais, pois est\u00e3o de costas para a [&hellip;]<\/p>\n","protected":false},"author":126,"featured_media":0,"comment_status":"open","ping_status":"open","sticky":false,"template":"","format":"standard","meta":{"footnotes":""},"categories":[1789],"tags":[1629,1790,1816,1078],"class_list":["post-3702","post","type-post","status-publish","format-standard","hentry","category-comite-estrategico-do-plano-nacional-de-cuidados","tag-6a-conferencia-nacional-dos-direitos-das-pessoas-idosas","tag-comite-estrategico-do-plano-nacional-de-cuidados","tag-plano-nacional-de-cuidadoss","tag-politica-nacional-de-cuidados"],"_links":{"self":[{"href":"https:\/\/blogs.correiobraziliense.com.br\/coletivo-filhas-da-mae\/wp-json\/wp\/v2\/posts\/3702","targetHints":{"allow":["GET"]}}],"collection":[{"href":"https:\/\/blogs.correiobraziliense.com.br\/coletivo-filhas-da-mae\/wp-json\/wp\/v2\/posts"}],"about":[{"href":"https:\/\/blogs.correiobraziliense.com.br\/coletivo-filhas-da-mae\/wp-json\/wp\/v2\/types\/post"}],"author":[{"embeddable":true,"href":"https:\/\/blogs.correiobraziliense.com.br\/coletivo-filhas-da-mae\/wp-json\/wp\/v2\/users\/126"}],"replies":[{"embeddable":true,"href":"https:\/\/blogs.correiobraziliense.com.br\/coletivo-filhas-da-mae\/wp-json\/wp\/v2\/comments?post=3702"}],"version-history":[{"count":5,"href":"https:\/\/blogs.correiobraziliense.com.br\/coletivo-filhas-da-mae\/wp-json\/wp\/v2\/posts\/3702\/revisions"}],"predecessor-version":[{"id":4044,"href":"https:\/\/blogs.correiobraziliense.com.br\/coletivo-filhas-da-mae\/wp-json\/wp\/v2\/posts\/3702\/revisions\/4044"}],"wp:attachment":[{"href":"https:\/\/blogs.correiobraziliense.com.br\/coletivo-filhas-da-mae\/wp-json\/wp\/v2\/media?parent=3702"}],"wp:term":[{"taxonomy":"category","embeddable":true,"href":"https:\/\/blogs.correiobraziliense.com.br\/coletivo-filhas-da-mae\/wp-json\/wp\/v2\/categories?post=3702"},{"taxonomy":"post_tag","embeddable":true,"href":"https:\/\/blogs.correiobraziliense.com.br\/coletivo-filhas-da-mae\/wp-json\/wp\/v2\/tags?post=3702"}],"curies":[{"name":"wp","href":"https:\/\/api.w.org\/{rel}","templated":true}]}}