{"id":3693,"date":"2025-12-15T08:15:52","date_gmt":"2025-12-15T11:15:52","guid":{"rendered":"https:\/\/blogs.correiobraziliense.com.br\/coletivo-filhas-da-mae\/?p=3693"},"modified":"2025-12-15T08:09:50","modified_gmt":"2025-12-15T11:09:50","slug":"uma-semana-de-cuidados","status":"publish","type":"post","link":"https:\/\/blogs.correiobraziliense.com.br\/coletivo-filhas-da-mae\/2025\/12\/15\/uma-semana-de-cuidados\/","title":{"rendered":"Uma Semana de Cuidados"},"content":{"rendered":"<p>Cosette Castro<\/p>\n<p>Bras\u00edlia &#8211; Um dia ap\u00f3s o ato nacional em defesa da democracia, contra a anista aos golpistas e contra o <a href=\"https:\/\/www12.senado.leg.br\/noticias\/materias\/2025\/12\/11\/pl-da-dosimetria-sera-analisado-na-ccj-na-quarta-feira\">Projeto de Lei da Dosimetria<\/a>, a semana come\u00e7a com agenda cheia no Coletivo Filhas da M\u00e3e voltada para quest\u00f5es relacionadas ao cuidado individual e coletivo.<\/p>\n<p>Nesta segunda-feira, dia 15, acontece a cerim\u00f4nia de posse\u00a0do Comit\u00ea Estrat\u00e9gico e Gestor do Plano Nacional de Cuidados das 9 \u00e0s 17h30,\u00a0no audit\u00f3rio do subsolo do Bloco A da Esplanada dos Minist\u00e9rios em Bras\u00edlia. Tamb\u00e9m ocorrer\u00e1 o\u00a0 lan\u00e7amento do Processo de Ades\u00e3o ao Plano Nacional de Cuidados Brasil que Cuida, com apresenta\u00e7\u00e3o de suas a\u00e7\u00f5es e realiza\u00e7\u00e3o de Semin\u00e1rio a tarde.<\/p>\n<p>Programa\u00e7\u00e3o (aberta \u00e0 popula\u00e7\u00e3o)<\/p>\n<p>09h \u00e0s 11h30 &#8211; Sess\u00e3o Solene, com Mesa de Abertura<\/p>\n<p>11h30 \u00e0s 12h30 &#8211; Ato de Posse:<br \/>\nPosse das entidades e pessoas de Not\u00f3rio Saber no Comit\u00ea Estrat\u00e9gico do Plano Brasil que Cuida<\/p>\n<p>14h30 \u00e0s 17h30 &#8211; Di\u00e1logo com a Sociedade, apresentando o\u00a0Plano Brasil que Cuida: a\u00e7\u00f5es, resultados iniciais e o processo de participa\u00e7\u00e3o social para sua constru\u00e7\u00e3o<\/p>\n<p>Quem mora fora da Capital Federal poder\u00e1 assistir as atividades <a href=\"https:\/\/youtube.com\/@mindesenvolvimento?si=H-ojbAvPOTSAC3pa\">aqui<\/a>.<\/p>\n<p>Na ter\u00e7a-feira, dia 16,\u00a0 acontece a reuni\u00e3o de Instala\u00e7\u00e3o da Governan\u00e7a do Plano Brasil que Cuida, com reuni\u00e3o de trabalho fechada das 09 \u00e0s 16h30.<\/p>\n<p><img loading=\"lazy\" decoding=\"async\" class=\"wp-image-3694 aligncenter\" src=\"https:\/\/blogs.correiobraziliense.com.br\/coletivo-filhas-da-mae\/wp-content\/uploads\/sites\/60\/2025\/12\/Monica-Carvalho-300x225.jpg\" alt=\"\" width=\"344\" height=\"258\" srcset=\"https:\/\/blogs.correiobraziliense.com.br\/coletivo-filhas-da-mae\/wp-content\/uploads\/sites\/60\/2025\/12\/Monica-Carvalho-300x225.jpg 300w, https:\/\/blogs.correiobraziliense.com.br\/coletivo-filhas-da-mae\/wp-content\/uploads\/sites\/60\/2025\/12\/Monica-Carvalho-768x576.jpg 768w, https:\/\/blogs.correiobraziliense.com.br\/coletivo-filhas-da-mae\/wp-content\/uploads\/sites\/60\/2025\/12\/Monica-Carvalho-1024x768.jpg 1024w, https:\/\/blogs.correiobraziliense.com.br\/coletivo-filhas-da-mae\/wp-content\/uploads\/sites\/60\/2025\/12\/Monica-Carvalho-1440x1080.jpg 1440w, https:\/\/blogs.correiobraziliense.com.br\/coletivo-filhas-da-mae\/wp-content\/uploads\/sites\/60\/2025\/12\/Monica-Carvalho-800x600.jpg 800w, https:\/\/blogs.correiobraziliense.com.br\/coletivo-filhas-da-mae\/wp-content\/uploads\/sites\/60\/2025\/12\/Monica-Carvalho-550x413.jpg 550w, https:\/\/blogs.correiobraziliense.com.br\/coletivo-filhas-da-mae\/wp-content\/uploads\/sites\/60\/2025\/12\/Monica-Carvalho-230x173.jpg 230w\" sizes=\"auto, (max-width: 344px) 100vw, 344px\" \/><\/p>\n<p style=\"text-align: center\">A jornalista M\u00f4nica Carvalho apresenta o \u00faltimo Programa Terceiras Inten\u00e7\u00f5es de 2025<\/p>\n<p>Na mesma ter\u00e7a-feira haver\u00e1 a abertura da 6a. Confer\u00eancia Nacional dos Direitos das Pessoas Idosas (Conadipi) que se reune at\u00e9 o dia 19, sexta-feira, no\u00a0Centro Internacional de Conven\u00e7\u00f5es do Brasil (CICB), na Capital Federal. O tema ser\u00e1 \u201cEnvelhecimento Multicultural e Democracia: Urg\u00eancia por Equidade, Direitos e Participa\u00e7\u00e3o\u201d.<\/p>\n<p>O Distrito Federal tem10 delegadas e delegados, entre eles a representa\u00e7\u00e3o do Coletivo Filhas da M\u00e3e. No dia 18, ao meio dia, na Tenda Paulo Freire, o Coletivo Filhas da M\u00e3e contribui com a Confer\u00eancia Nacional coordenando uma Oficina de Cuidado e Autocuidado por Nat\u00e1lia Duarte.<\/p>\n<p>Ainda na noite da ter\u00e7a-feira, das 19 \u00e0s 20h, ser\u00e1 realizada a \u00faltima edi\u00e7\u00e3o de 2025 do <strong>Programa de Entrevistas online Terceiras Inten\u00e7\u00f5es<\/strong>, com apresenta\u00e7\u00e3o da jornalista M\u00f4nica Carvalho.<\/p>\n<p>Na edi\u00e7\u00e3o de dezembro o tema ser\u00e1 &#8220;Mulheres e Dinheiro&#8221;, desde a perspectiva da economia do cuidado, e ter\u00e1 tr\u00eas entrevistadas especiais:\u00a0 Carla Antloga (UnB), Michella Cechinel (IBGE) e Maria Jos\u00e9 Ferr\u00e9s (Economista). O programa acontece ao vivo no Canal do Youtube Coletivo Filhas da M\u00e3e. Esperamos voc\u00eas.<\/p>\n<p>PS: Estou feliz em contribuir com o Comit\u00ea Estrat\u00e9gico do Plano Nacional de Cuidados ao lado de Cleuza Oliveira e Valdecir Nascimento na \u00e1rea de Not\u00f3rio Saber.<\/p>\n<p>&nbsp;<\/p>\n","protected":false},"excerpt":{"rendered":"<p>Cosette Castro Bras\u00edlia &#8211; Um dia ap\u00f3s o ato nacional em defesa da democracia, contra a anista aos golpistas e contra o Projeto de Lei da Dosimetria, a semana come\u00e7a com agenda cheia no Coletivo Filhas da M\u00e3e voltada para quest\u00f5es relacionadas ao cuidado individual e coletivo. Nesta segunda-feira, dia 15, acontece a cerim\u00f4nia de posse\u00a0do Comit\u00ea Estrat\u00e9gico e Gestor [&hellip;]<\/p>\n","protected":false},"author":126,"featured_media":0,"comment_status":"open","ping_status":"open","sticky":false,"template":"","format":"standard","meta":{"footnotes":""},"categories":[1789],"tags":[1810,3,1813,1790,1811,2,924,1815,1814,1236,1812],"class_list":["post-3693","post","type-post","status-publish","format-standard","hentry","category-comite-estrategico-do-plano-nacional-de-cuidados","tag-6a-conadipi","tag-autocuidado","tag-carla-antloga","tag-comite-estrategico-do-plano-nacional-de-cuidados","tag-conferencia-nacional-dos-direitos-da-pessoa-idosa","tag-cuidado","tag-cuidado-coletivo","tag-maria-jose-ferres","tag-michella-cechinel","tag-monica-carvalho","tag-programa-de-entrevistas-terceiras-intencoes"],"_links":{"self":[{"href":"https:\/\/blogs.correiobraziliense.com.br\/coletivo-filhas-da-mae\/wp-json\/wp\/v2\/posts\/3693","targetHints":{"allow":["GET"]}}],"collection":[{"href":"https:\/\/blogs.correiobraziliense.com.br\/coletivo-filhas-da-mae\/wp-json\/wp\/v2\/posts"}],"about":[{"href":"https:\/\/blogs.correiobraziliense.com.br\/coletivo-filhas-da-mae\/wp-json\/wp\/v2\/types\/post"}],"author":[{"embeddable":true,"href":"https:\/\/blogs.correiobraziliense.com.br\/coletivo-filhas-da-mae\/wp-json\/wp\/v2\/users\/126"}],"replies":[{"embeddable":true,"href":"https:\/\/blogs.correiobraziliense.com.br\/coletivo-filhas-da-mae\/wp-json\/wp\/v2\/comments?post=3693"}],"version-history":[{"count":7,"href":"https:\/\/blogs.correiobraziliense.com.br\/coletivo-filhas-da-mae\/wp-json\/wp\/v2\/posts\/3693\/revisions"}],"predecessor-version":[{"id":3701,"href":"https:\/\/blogs.correiobraziliense.com.br\/coletivo-filhas-da-mae\/wp-json\/wp\/v2\/posts\/3693\/revisions\/3701"}],"wp:attachment":[{"href":"https:\/\/blogs.correiobraziliense.com.br\/coletivo-filhas-da-mae\/wp-json\/wp\/v2\/media?parent=3693"}],"wp:term":[{"taxonomy":"category","embeddable":true,"href":"https:\/\/blogs.correiobraziliense.com.br\/coletivo-filhas-da-mae\/wp-json\/wp\/v2\/categories?post=3693"},{"taxonomy":"post_tag","embeddable":true,"href":"https:\/\/blogs.correiobraziliense.com.br\/coletivo-filhas-da-mae\/wp-json\/wp\/v2\/tags?post=3693"}],"curies":[{"name":"wp","href":"https:\/\/api.w.org\/{rel}","templated":true}]}}