{"id":3681,"date":"2025-12-08T18:05:05","date_gmt":"2025-12-08T21:05:05","guid":{"rendered":"https:\/\/blogs.correiobraziliense.com.br\/coletivo-filhas-da-mae\/?p=3681"},"modified":"2025-12-08T18:05:05","modified_gmt":"2025-12-08T21:05:05","slug":"campanha-homens-que-apoiam-e-defendem-as-mulheres","status":"publish","type":"post","link":"https:\/\/blogs.correiobraziliense.com.br\/coletivo-filhas-da-mae\/2025\/12\/08\/campanha-homens-que-apoiam-e-defendem-as-mulheres\/","title":{"rendered":"Campanha Homens que Ap\u00f3iam e Defendem as Mulheres"},"content":{"rendered":"<div class=\"tVu25\">\n<div class=\"nH\">\n<div class=\"nH\">\n<div class=\"nH aqk aql bkL\">\n<div class=\"nH bkK\">\n<div class=\"nH\">\n<div class=\"nH ar4 z\">\n<div class=\"aeI\">\n<div class=\"AO\">\n<div id=\":3\" class=\"Tm aeJ\">\n<div id=\":1\" class=\"aeF\">\n<div class=\"nH\">\n<div class=\"nH\" role=\"main\">\n<div class=\"nH g\">\n<div class=\"nH a98 iY\">\n<div class=\"nH\">\n<div class=\"aHU hx\">\n<div role=\"list\">\n<div class=\"h7 ie\" role=\"listitem\">\n<div class=\"Bk\">\n<div class=\"G3 G2\">\n<div id=\"avWBGd-0\">\n<div id=\"avWBGd-1\">\n<div class=\"adn ads\">\n<div class=\"gs\">\n<div class=\"\">\n<div id=\":xm\" class=\"ii gt\">\n<div id=\":xl\" class=\"a3s aiL\">\n<div id=\"avWBGd-16\">\n<p dir=\"auto\">Cosette Castro<\/p>\n<p dir=\"auto\">Bras\u00edlia &#8211; Ontem foi um dia de muita\u00a0\u00a0emo\u00e7\u00e3o no pa\u00eds. Pessoas de todas as idades foram \u00e0s ruas para defender a vida e a seguran\u00e7a das mulheres. Com ou sem chuva. N\u00e3o \u00e9 para menos. Os n\u00fameros s\u00e3o estarrecedores como \u00e9 poss\u00edvel acompanhar nas pesquisas e nos meios de comunica\u00e7\u00e3o.<\/p>\n<p dir=\"auto\">Na mesma semana em que o Ato Nacional Levante Mulheres Vivas estava sendo organizado, em Bras\u00edlia a 26a. mulher foi v\u00edtima de feminic\u00eddio.<\/p>\n<p dir=\"auto\">Aos 25 anos Maria de Lourdes Freire Matos foi assassinada. Isso ocorreu apenas cinco meses ap\u00f3s ingressar no Ex\u00e9rcito. Ela era Cabo e musicista e tinha toda vida pela frente.<\/p>\n<p dir=\"auto\">Maria de Lourdes sofreu feminic\u00eddio dentro do quartel na Capital Federal. Antes de colocar fogo nas instala\u00e7\u00f5es do Ex\u00e9rcito, o soldado Kelvin Barros da Silva, que n\u00e3o aceitava ser mandado por uma mulher, esfaqueou a v\u00edtima. Maria de Lourdes morreu carbonizada.<\/p>\n<p dir=\"auto\">Este \u00e9 um bom momento das For\u00e7as Armadas, a come\u00e7ar pelo Ex\u00e9rcito, mostrarem publicamente o seu rep\u00fadio \u00e0 viol\u00eancia de g\u00eanero. E de se unirem a convoca\u00e7\u00e3o do Presidente Lula, lan\u00e7ada na semana passada, em defesa da vida e da seguran\u00e7a das mulheres brasileiras.<\/p>\n<p dir=\"auto\">As For\u00e7as Armadas podem dar um outro passo urgente e essencial: realizar cursos de forma\u00e7\u00e3o em todo pa\u00eds pelo fim da desigualdade de g\u00eanero e pelo respeito \u00e0s mulheres dentro e fora de cada corpora\u00e7\u00e3o.<\/p>\n<p dir=\"auto\">Como em institui\u00e7\u00f5es hierarquizadas o exemplo deve vir de cima, os oficiais podem come\u00e7ar 1.coibindo frases, memes, piadas e coment\u00e1rios machistas, 2. proibindo &#8220;brincadeiras&#8221; ou m\u00fasicas que colocam as mulheres como seres inferiores, 3. estimulando comportamentos que incentivem a igualdade de g\u00eanero, como cursos de forma\u00e7\u00e3o.<\/p>\n<p dir=\"auto\">Essa viol\u00eancia toda, assustadora e cada vez mais perversa, n\u00e3o caiu do c\u00e9u. Recente estudo da revista N\u00famero e G\u00eanero (2025) sobre a Machosfera revela que n\u00e3o se trata de um lugar isolado na internet.<\/p>\n<p dir=\"auto\">A machosfera naturaliza discursos de \u00f3dio contra as mulheres e contra a popula\u00e7\u00e3o LGBTQIA+. Ou seja, contra tudo que n\u00e3o s\u00e3o os homens.<\/p>\n<p dir=\"auto\">Como mostra o Radar Antig\u00eanero da ONG,N\u00famero e G\u00eanero, em 2025 foram identificados no Brasil 5.332 v\u00eddeos contra as mulheres publicados na internet entre os anos 2018 e 2025. (<a href=\"https:\/\/radar.org.br\/\">Saiba\u00a0mais aqui<\/a>).<\/p>\n<p dir=\"auto\">Esses v\u00eddeos alimentam narrativas contra mulheres de todas as idades, inclusive meninas e adolescentes com acesso \u00e0 internet. Cada vez mais elas v\u00eam sendo perseguidas, importunadas, assediadas e amea\u00e7adas tamb\u00e9m no ambiente virtual.<\/p>\n<p dir=\"auto\">Esse ressentimento de homens e meninos no mundo virtual se manifesta na forma de viol\u00eancias no mundo real, seja nas escolas no caso de meninos e adolescentes, sejam nos ambientes de trabalho, como no caso das funcion\u00e1rias do Cefet\/RJ ou do Ex\u00e9rcito\/DF. Viol\u00eancias que, no mundo presencial, deixam marca nos corpos, impingindo medo n\u00e3o s\u00f3 \u00e0s mulheres, mas tamb\u00e9m em seus filhos e em toda fam\u00edlia.<\/p>\n<p dir=\"auto\">Pensando nisso a coordena\u00e7\u00e3o do Coletivo Filhas da M\u00e3e lan\u00e7ou a Campanha de v\u00eddeo<strong> &#8220;Homens que Ap\u00f3iam e Defendem as Mulheres&#8221;<\/strong> convidando homens de todas as idades e de diferentes lugares a enviar v\u00eddeos\u00a0 gravados na vertical com at\u00e9 um (01) minuto.<\/p>\n<p dir=\"auto\">Nos v\u00eddeos, que est\u00e3o sendo disponibilizados no Instagram (@blocofilhasdam\u00e3e) em grupos de Whatsapp e no Facebook\u00a0 (coletivo filhasda m\u00e3e) do Coletivo, os homens contam os seus motivos para defender as mulheres e tamb\u00e9m convidam outros homens a participar da campanha.<\/p>\n<p class=\"yj6qo\">\n<p class=\"adL\">\n<\/div>\n<\/div>\n<\/div>\n<p id=\"avWBGd-17\" class=\"WhmR8e\">\n<\/div>\n<\/div>\n<p class=\"ajx\">\n<\/div>\n<div class=\"gB xu\">\n<div class=\"mVCoBd\"><\/div>\n<div class=\"ip iq\">\n<div class=\"pLw6bb\"><\/div>\n<\/div>\n<\/div>\n<\/div>\n<\/div>\n<\/div>\n<\/div>\n<\/div>\n<\/div>\n<p>&nbsp;<\/p>\n<\/div>\n<\/div>\n<div class=\"l2\"><\/div>\n<\/div>\n<\/div>\n<\/div>\n<\/div>\n<\/div>\n<\/div>\n<\/div>\n<\/div>\n<\/div>\n<\/div>\n<\/div>\n<div class=\"aUx\">\n<div class=\"bAw bcf it\">\n<div class=\"brC-dA-I-Jw\"><\/div>\n<\/div>\n<\/div>\n<\/div>\n<\/div>\n<\/div>\n<\/div>\n<p class=\"vY nq\">\n<div><\/div>\n<div id=\"lo-gmail-container\">\n<div id=\"main-loom-gmail-integration\">\n<p id=\"loom-main-dropdown-dump\">\n<p id=\"loom-always-hidden-div\">\n<\/div>\n<\/div>\n","protected":false},"excerpt":{"rendered":"<p>Cosette Castro Bras\u00edlia &#8211; Ontem foi um dia de muita\u00a0\u00a0emo\u00e7\u00e3o no pa\u00eds. Pessoas de todas as idades foram \u00e0s ruas para defender a vida e a seguran\u00e7a das mulheres. Com ou sem chuva. N\u00e3o \u00e9 para menos. Os n\u00fameros s\u00e3o estarrecedores como \u00e9 poss\u00edvel acompanhar nas pesquisas e nos meios de comunica\u00e7\u00e3o. Na mesma semana em que o Ato Nacional [&hellip;]<\/p>\n","protected":false},"author":126,"featured_media":0,"comment_status":"open","ping_status":"open","sticky":false,"template":"","format":"standard","meta":{"footnotes":""},"categories":[1103],"tags":[1800,924,1801,1802,1803,1023],"class_list":["post-3681","post","type-post","status-publish","format-standard","hentry","category-violencia-contra-as-mulheres","tag-campanha-homens-que-apoiam-e-defendem-as-mulheres","tag-cuidado-coletivo","tag-machosfera","tag-numero-e-genero","tag-radar-antigenero","tag-violencia-contra-as-mulheres"],"_links":{"self":[{"href":"https:\/\/blogs.correiobraziliense.com.br\/coletivo-filhas-da-mae\/wp-json\/wp\/v2\/posts\/3681","targetHints":{"allow":["GET"]}}],"collection":[{"href":"https:\/\/blogs.correiobraziliense.com.br\/coletivo-filhas-da-mae\/wp-json\/wp\/v2\/posts"}],"about":[{"href":"https:\/\/blogs.correiobraziliense.com.br\/coletivo-filhas-da-mae\/wp-json\/wp\/v2\/types\/post"}],"author":[{"embeddable":true,"href":"https:\/\/blogs.correiobraziliense.com.br\/coletivo-filhas-da-mae\/wp-json\/wp\/v2\/users\/126"}],"replies":[{"embeddable":true,"href":"https:\/\/blogs.correiobraziliense.com.br\/coletivo-filhas-da-mae\/wp-json\/wp\/v2\/comments?post=3681"}],"version-history":[{"count":3,"href":"https:\/\/blogs.correiobraziliense.com.br\/coletivo-filhas-da-mae\/wp-json\/wp\/v2\/posts\/3681\/revisions"}],"predecessor-version":[{"id":3684,"href":"https:\/\/blogs.correiobraziliense.com.br\/coletivo-filhas-da-mae\/wp-json\/wp\/v2\/posts\/3681\/revisions\/3684"}],"wp:attachment":[{"href":"https:\/\/blogs.correiobraziliense.com.br\/coletivo-filhas-da-mae\/wp-json\/wp\/v2\/media?parent=3681"}],"wp:term":[{"taxonomy":"category","embeddable":true,"href":"https:\/\/blogs.correiobraziliense.com.br\/coletivo-filhas-da-mae\/wp-json\/wp\/v2\/categories?post=3681"},{"taxonomy":"post_tag","embeddable":true,"href":"https:\/\/blogs.correiobraziliense.com.br\/coletivo-filhas-da-mae\/wp-json\/wp\/v2\/tags?post=3681"}],"curies":[{"name":"wp","href":"https:\/\/api.w.org\/{rel}","templated":true}]}}