{"id":368,"date":"2021-08-06T07:00:03","date_gmt":"2021-08-06T10:00:03","guid":{"rendered":"https:\/\/blogs.correiobraziliense.com.br\/coletivo-filhas-da-mae\/?p=368"},"modified":"2021-08-05T23:27:26","modified_gmt":"2021-08-06T02:27:26","slug":"368-lei-do-alzheimer-chega-com-vetos","status":"publish","type":"post","link":"https:\/\/blogs.correiobraziliense.com.br\/coletivo-filhas-da-mae\/2021\/08\/06\/368-lei-do-alzheimer-chega-com-vetos\/","title":{"rendered":"Lei do Alzheimer Chega Com Vetos"},"content":{"rendered":"<p>Ana Castro &amp; Cosette Castro<\/p>\n<p>Bras\u00edlia &#8211;\u00a0\u00a0Em menos de dois anos de exist\u00eancia, o Coletivo Filhas da M\u00e3e acumula vit\u00f3rias e bons projetos.<br \/>\nEntre as vit\u00f3rias est\u00e1 a san\u00e7\u00e3o\u00a0 da<a href=\"https:\/\/drive.google.com\/file\/d\/1fT_pkkXKt2EutKUk9LAiU1zMHBAaJuDr\/view?usp=sharing\"> Lei 6926\/2021<\/a> pelo governador Ibaneis Rocha, do Distrito Federal esta semana.<br \/>\nA lei, in\u00e9dita no Brasil em n\u00edvel distrital\/estadual, institui a pol\u00edtica distrital para preven\u00e7\u00e3o, tratamento e apoio \u00e0s pessoas com doen\u00e7a de Alzheimer e outras dem\u00eancias.<\/p>\n<p>A inova\u00e7\u00e3o da Lei \u00e9 que ela vai al\u00e9m de focar na doen\u00e7a e tratar dos pacientes.\u00a0Pela primeira vez na hist\u00f3ria do pa\u00eds, os benef\u00edcios s\u00e3o extensivos\u00a0 aos\u00a0 familiares e a cuidadoras de todos os tipos.<\/p>\n<p>Ou seja, institui diretrizes de preven\u00e7\u00e3o, diagn\u00f3stico e tratamento pensando o presente e o futuro. E inclui toda fam\u00edlia, j\u00e1 que o adoecimento familiar por sobrecarga f\u00edsica e mental\u00a0 \u00e9 uma das consequ\u00eancias das dem\u00eancias.<\/p>\n<p>A Lei 6926\/2021trata tamb\u00e9m da forma\u00e7\u00e3o\u00a0 de novos profissionais da \u00e1rea da sa\u00fade, da forma\u00e7\u00e3o para cuidadoras e da oferta de\u00a0 informa\u00e7\u00f5es sobre dem\u00eancias para a popula\u00e7\u00e3o.<\/p>\n<p>Prev\u00ea a cria\u00e7\u00e3o de um centro de refer\u00eancia em dem\u00eancias no Distrito Federal. E ainda o est\u00edmulo \u00e0 pesquisa sobre dem\u00eancias em uma regi\u00e3o com 346 mil idosos, cuja popula\u00e7\u00e3o est\u00e1 em processo de envelhecimento.<\/p>\n<p>Mas a nova Lei sofreu vetos importantes, que trariam benef\u00edcios \u00e0 popula\u00e7\u00e3o, principalmente\u00a0 os mais fragilizados socialmente.<\/p>\n<p>O governador do Distrito Federal VETOU:<\/p>\n<p>1. O conceito de dem\u00eancias e a especifica\u00e7\u00e3o sobre os tipos de dem\u00eancias existentes;<\/p>\n<p>2.A cria\u00e7\u00e3o de centros dia p\u00fablicos que aliviaria a vida das fam\u00edlias por algumas horas do dia;<\/p>\n<p>3. A entrega de medicamentos gratuitos para pacientes com dem\u00eancias, entre elas o\u00a0 Alzheimer;<\/p>\n<p>4. A amplia\u00e7\u00e3o do n\u00famero de equipes da sa\u00fade p\u00fablica\u00a0 que fazem atendimento\u00a0 nas casas para monitorar enfermos;<\/p>\n<p>5. Subs\u00eddios para a cria\u00e7\u00e3o de habita\u00e7\u00f5es coletivas para idosos saud\u00e1veis, evitando a solid\u00e3o e o descuido;<\/p>\n<p>6. A destina\u00e7\u00e3o de recursos de publicidade para\u00a0 campanhas de esclarecimento sobre dem\u00eancias e Alzheimer<\/p>\n<p>7. A data do come\u00e7o do come\u00e7o da implementa\u00e7\u00e3o da lei a partir de 180 dias.<\/p>\n<p>Para conhecer mais detalhes, elaboramos um quadro comparativo entre o Substitutivo aprovado pela C\u00e2mara Distrital e a Lei sancionada com vetos (<a href=\"https:\/\/drive.google.com\/file\/d\/15soV0J8z5EvOCdBkGpqHPJiv-GovGjme\/view?usp=sharing\">clique aqui)<\/a>.<\/p>\n<p>Constru\u00edmos <a href=\"https:\/\/blogs.correiobraziliense.com.br\/coletivo-filhas-da-mae\/2021\/07\/02\/politicas-publicas-nao-caem-do-ceu\/\">coletivamente<\/a>,\u00a0 um projeto de lei in\u00e9dito e\u00a0 conseguimos sua aprova\u00e7\u00e3o em tempo recorde, pois trabalhamos para construir um Substitutivo ao projeto de lei original do Deputado Jos\u00e9 Gomes.<\/p>\n<p>Um trabalho em parceria\u00a0 com o F\u00f3rum em Defesa da Pessoa Idosa &#8211; DF e com o gabinete da Deputada Arlete Sampaio que contou com apoio\u00a0 de institui\u00e7\u00f5es de\u00a0 todo pa\u00eds.\u00a0 Esses apoiadores enviaram cartas ao governador pedindo a san\u00e7\u00e3o integral da nova lei. E agora ser\u00e3o chamados novamente, ampliando a defesa e implementa\u00e7\u00e3o da nova Lei.<\/p>\n<p>Vencemos batalhas importantes. Mas ainda h\u00e1 uma grande jornada pela frente.<\/p>\n<p>O pr\u00f3ximo passo \u00e9 garantir que os deputados distritais n\u00e3o aceitem os vetos do Governador.<\/p>\n<p>E, em seguida,\u00a0 garantir os recursos para\u00a0 implementa\u00e7\u00e3o da Lei\u00a0 6926\/2021 porque lei dentro da gaveta n\u00e3o \u00e9 lei. \u00c9 faz de conta.<\/p>\n","protected":false},"excerpt":{"rendered":"<p>Ana Castro &amp; Cosette Castro Bras\u00edlia &#8211;\u00a0\u00a0Em menos de dois anos de exist\u00eancia, o Coletivo Filhas da M\u00e3e acumula vit\u00f3rias e bons projetos. Entre as vit\u00f3rias est\u00e1 a san\u00e7\u00e3o\u00a0 da Lei 6926\/2021 pelo governador Ibaneis Rocha, do Distrito Federal esta semana. A lei, in\u00e9dita no Brasil em n\u00edvel distrital\/estadual, institui a pol\u00edtica distrital para preven\u00e7\u00e3o, tratamento e apoio \u00e0s pessoas [&hellip;]<\/p>\n","protected":false},"author":126,"featured_media":0,"comment_status":"open","ping_status":"open","sticky":false,"template":"","format":"standard","meta":{"footnotes":""},"categories":[177],"tags":[118,2,119,20,25,21,7,180,181,152,225,4,12,95],"class_list":["post-368","post","type-post","status-publish","format-standard","hentry","category-politicas-publicas","tag-coletivo-filhas-da-mae","tag-cuidado","tag-cuidado-e-autocuidado","tag-cuidadoras-familiares","tag-cuidadoras-informais","tag-cuidadores-familiares","tag-demencias","tag-deputada-arlete-sampaio","tag-deputado-jose-gomes","tag-idosos","tag-lei-6926-2021","tag-mulheres","tag-politicas-publicas-de-cuidado","tag-politicas-publicas-para-idosos"],"_links":{"self":[{"href":"https:\/\/blogs.correiobraziliense.com.br\/coletivo-filhas-da-mae\/wp-json\/wp\/v2\/posts\/368","targetHints":{"allow":["GET"]}}],"collection":[{"href":"https:\/\/blogs.correiobraziliense.com.br\/coletivo-filhas-da-mae\/wp-json\/wp\/v2\/posts"}],"about":[{"href":"https:\/\/blogs.correiobraziliense.com.br\/coletivo-filhas-da-mae\/wp-json\/wp\/v2\/types\/post"}],"author":[{"embeddable":true,"href":"https:\/\/blogs.correiobraziliense.com.br\/coletivo-filhas-da-mae\/wp-json\/wp\/v2\/users\/126"}],"replies":[{"embeddable":true,"href":"https:\/\/blogs.correiobraziliense.com.br\/coletivo-filhas-da-mae\/wp-json\/wp\/v2\/comments?post=368"}],"version-history":[{"count":5,"href":"https:\/\/blogs.correiobraziliense.com.br\/coletivo-filhas-da-mae\/wp-json\/wp\/v2\/posts\/368\/revisions"}],"predecessor-version":[{"id":373,"href":"https:\/\/blogs.correiobraziliense.com.br\/coletivo-filhas-da-mae\/wp-json\/wp\/v2\/posts\/368\/revisions\/373"}],"wp:attachment":[{"href":"https:\/\/blogs.correiobraziliense.com.br\/coletivo-filhas-da-mae\/wp-json\/wp\/v2\/media?parent=368"}],"wp:term":[{"taxonomy":"category","embeddable":true,"href":"https:\/\/blogs.correiobraziliense.com.br\/coletivo-filhas-da-mae\/wp-json\/wp\/v2\/categories?post=368"},{"taxonomy":"post_tag","embeddable":true,"href":"https:\/\/blogs.correiobraziliense.com.br\/coletivo-filhas-da-mae\/wp-json\/wp\/v2\/tags?post=368"}],"curies":[{"name":"wp","href":"https:\/\/api.w.org\/{rel}","templated":true}]}}