{"id":3591,"date":"2025-10-31T14:30:54","date_gmt":"2025-10-31T17:30:54","guid":{"rendered":"https:\/\/blogs.correiobraziliense.com.br\/coletivo-filhas-da-mae\/?p=3591"},"modified":"2025-10-31T13:30:06","modified_gmt":"2025-10-31T16:30:06","slug":"as-mulheres-seguem-cuidando","status":"publish","type":"post","link":"https:\/\/blogs.correiobraziliense.com.br\/coletivo-filhas-da-mae\/2025\/10\/31\/as-mulheres-seguem-cuidando\/","title":{"rendered":"As Mulheres Seguem Cuidando"},"content":{"rendered":"<p>Cosette Castro<\/p>\n<p>Bras\u00edlia &#8211; Se tornar cuidadora familiar da noite para o dia, n\u00e3o \u00e9 uma tarefa f\u00e1cil. N\u00e3o vem com manual de instru\u00e7\u00f5es nem preparo emocional.<\/p>\n<p>Parece que todas informa\u00e7\u00f5es sobre s\u00edndromes que nunca t\u00ednhamos ouvido falar, como \u00e9 o caso das dem\u00eancias, v\u00e3o caindo pelo teto, entrando pelos poros e pelos ouvidos. \u00a0Mesmo que, interiormente, mantenhamos acesa a esperan\u00e7a de que tudo seja \u201capenas\u201d um erro de diagn\u00f3stico. Ou que seja \u201cparte do envelhecimento\u201d. N\u00e3o \u00e9.<\/p>\n<p>O envelhecimento natural \u00e9 bem diferente dos sintomas das dem\u00eancias, entre os seus mais de 100 tipos, onde o Alzheimer \u00e9 o mais conhecido e o que mais atinge as mulheres. As dem\u00eancias s\u00e3o multifatoriais, ou seja, t\u00eam v\u00e1rias causas e, pelo menos 14 delas, dizem os especialistas, poderiam ser evitadas.<\/p>\n<p>Entre os fatores evit\u00e1veis est\u00e3o o sedentarismo, o fumo, o \u00e1lcool em excesso, a obesidade, a defici\u00eancia auditiva, a perda da vis\u00e3o, a diabetes, a hispertens\u00e3o, o colesterol alta, os ferimentos na cabe\u00e7a, a depress\u00e3o, a falta de contato social, o baixo n\u00edvel de escolaridade e a polui\u00e7\u00e3o do ar.<\/p>\n<p>Uma das hip\u00f3teses poss\u00edveis para mulheres apresentarem mais casos de Alzheimer em pa\u00edses com desigualdade social como o Brasil, \u00a0\u00e9 a vida de sobrecarga f\u00edsica e mental que elas enfrentam desde cedo. Particularmente se forem mulheres negras ou pardas que vivem com fragilidade social nas periferias do pa\u00eds.<\/p>\n<p>Essa sobrecarga se manifesta todos os dias do ano no trabalho n\u00e3o remunerado de cuidado dom\u00e9stico. Lavar, passar, arrumar casa e fazer compras na padaria, mercearia, supermercado, na farm\u00e1cia, fazer comida, organizar jantar, anivers\u00e1rios, preparar marmita, cuidar de p\u00e1tio, jardim, administrar cuidadoras profissionais, quando o or\u00e7amento permite, etc).<\/p>\n<p>Ela (a sobrecarga) se manifesta tamb\u00e9m no cuidado de pessoas e pode se estender por toda a vida. Entre essas pessoas est\u00e3o filhas e filhos, enteada\/o (s), netas\/os, pais, av\u00f3s, sogra e sogro, marido, pessoas com defici\u00eancia, pessoas com doen\u00e7as tempor\u00e1rias ou enfermidades que tiram a autonomia e n\u00e3o t\u00eam cura. Como as dem\u00eancias.<\/p>\n<p>A falta de perspectiva, o estresse que passa a ser cotidiano, a preocupa\u00e7\u00e3o com o or\u00e7amento, as entradas e sa\u00eddas do hospital. Tudo contribui para as noites de ins\u00f4nia, para a mudan\u00e7a dos h\u00e1bitos alimentares, para deixar de lado o autocuidado, para o sofrimento mental. E para um crescente sentimento de solid\u00e3o.<\/p>\n<p>At\u00e9 pouco tempo nem a sociedade nem a maioria das mulheres reconheciam o cuidado gratuito que elas realizam dentro de casa como trabalho. Para muitas era mais uma obriga\u00e7\u00e3o que vinha envolvida com inv\u00f3lucro romantizado do amor.<\/p>\n<p>Muitas sequer se davam conta dos motivos de se encontrarem constantemente cansadas, tristes ou irritadas. Foi preciso um longo (e pouco conhecido) trabalho das feministas do mundo inteiro para que o tema do cuidado entrasse na pauta. Primeiro dos organismos internacionais (ONU, OMS, OPAS), para que confer\u00eancias fossem realizadas, protocolos assinados e que o Brasil fosse signat\u00e1rio desses documentos.<\/p>\n<p>Desde dezembro de 2024 temos uma Pol\u00edtica Nacional de Cuidados que coloca os cuidados no seu devido lugar: na centralidade da vida social, tirando o cuidado dom\u00e9stico e do cuidado familiar\u00a0 da invisibilidade e discutindo a precariedade do cuidado profissional. N\u00e3o \u00e9 uma tarefa f\u00e1cil, mas j\u00e1 come\u00e7ou.<\/p>\n<p><strong>As Mulheres Seguem Cuidando<\/strong><\/p>\n<p>Muitas mulheres, mesmo as exs esposas ou ex-companheiras, seguem cuidando os antigos maridos, embora a rec\u00edproca n\u00e3o seja verdadeira quando s\u00e3o as mulheres que adoecem. E isso se repete entre mulheres com diferentes tipos de enfermidades, como o c\u00e2ncer ou as dem\u00eancias.<\/p>\n<p>Estudo do Instituto Nacional de C\u00e2ncer (INCA, 2024)\u00a0mostra que 70% das mulheres com c\u00e2ncer s\u00e3o afastadas ou \u00a0abandonadas pelos maridos. Por outro lado, 93% das pessoas que cuidam sem remunera\u00e7\u00e3o um familiar com dem\u00eancia s\u00e3o mulheres (Unifesp, 2025). Precisamos urgente garantir a corresponsabilidade masculina no cuidado familiar. Os homens precisam deixar de \u201cajudar\u201d para passar a cuidar tamb\u00e9m de quem cuida.<\/p>\n<p>PS: Este domingo, 02\/11, estaremos no Parque Olhos D\u00b4 \u00c1gua, localizado na quadra 413\/414 da Asa Norte em Bras\u00edlia para mais uma caminhada do Coletivo Filhas da M\u00e3e. Encontro \u00e0s 8h30, na entrada do Parque, logo ap\u00f3s os banheiros.<\/p>\n<p>PS2: Mais de 100 fam\u00edlias pediram ajuda a justi\u00e7a federal para que a Defensoria P\u00fablica possa realizar autopsia independente nos mais de 120 mortos da trag\u00e9dia do Rio de Janeiro. Mais uma vez s\u00e3o as mulheres que pedem o direito ao reconhecimento dos seus filhos, irm\u00e3os, companheiros, netos e sobrinhos. Tamb\u00e9m foram elas que ajudaram a carregar para pra\u00e7a p\u00fablica os mais de 70 corpos deixados para tr\u00e1s na contagem oficial. Elas seguem cuidando, mesmo depois da morte.<\/p>\n<p>&nbsp;<\/p>\n","protected":false},"excerpt":{"rendered":"<p>Cosette Castro Bras\u00edlia &#8211; Se tornar cuidadora familiar da noite para o dia, n\u00e3o \u00e9 uma tarefa f\u00e1cil. N\u00e3o vem com manual de instru\u00e7\u00f5es nem preparo emocional. Parece que todas informa\u00e7\u00f5es sobre s\u00edndromes que nunca t\u00ednhamos ouvido falar, como \u00e9 o caso das dem\u00eancias, v\u00e3o caindo pelo teto, entrando pelos poros e pelos ouvidos. \u00a0Mesmo que, interiormente, mantenhamos acesa a [&hellip;]<\/p>\n","protected":false},"author":126,"featured_media":0,"comment_status":"open","ping_status":"open","sticky":false,"template":"","format":"standard","meta":{"footnotes":""},"categories":[1733,1747],"tags":[119,1090,1749,1748,7,5,1078,1750],"class_list":["post-3591","post","type-post","status-publish","format-standard","hentry","category-autocuidado-e-cuidado-coletivo","category-corresponsabilidade-no-cuidado","tag-cuidado-e-autocuidado","tag-cuidado-invisivel","tag-cuidadora-domestica-sem-remuneracao","tag-cuidadora-familiar","tag-demencias","tag-envelhecimento","tag-politica-nacional-de-cuidados","tag-tragedia-no-rio-de-janeiro"],"_links":{"self":[{"href":"https:\/\/blogs.correiobraziliense.com.br\/coletivo-filhas-da-mae\/wp-json\/wp\/v2\/posts\/3591","targetHints":{"allow":["GET"]}}],"collection":[{"href":"https:\/\/blogs.correiobraziliense.com.br\/coletivo-filhas-da-mae\/wp-json\/wp\/v2\/posts"}],"about":[{"href":"https:\/\/blogs.correiobraziliense.com.br\/coletivo-filhas-da-mae\/wp-json\/wp\/v2\/types\/post"}],"author":[{"embeddable":true,"href":"https:\/\/blogs.correiobraziliense.com.br\/coletivo-filhas-da-mae\/wp-json\/wp\/v2\/users\/126"}],"replies":[{"embeddable":true,"href":"https:\/\/blogs.correiobraziliense.com.br\/coletivo-filhas-da-mae\/wp-json\/wp\/v2\/comments?post=3591"}],"version-history":[{"count":4,"href":"https:\/\/blogs.correiobraziliense.com.br\/coletivo-filhas-da-mae\/wp-json\/wp\/v2\/posts\/3591\/revisions"}],"predecessor-version":[{"id":3595,"href":"https:\/\/blogs.correiobraziliense.com.br\/coletivo-filhas-da-mae\/wp-json\/wp\/v2\/posts\/3591\/revisions\/3595"}],"wp:attachment":[{"href":"https:\/\/blogs.correiobraziliense.com.br\/coletivo-filhas-da-mae\/wp-json\/wp\/v2\/media?parent=3591"}],"wp:term":[{"taxonomy":"category","embeddable":true,"href":"https:\/\/blogs.correiobraziliense.com.br\/coletivo-filhas-da-mae\/wp-json\/wp\/v2\/categories?post=3591"},{"taxonomy":"post_tag","embeddable":true,"href":"https:\/\/blogs.correiobraziliense.com.br\/coletivo-filhas-da-mae\/wp-json\/wp\/v2\/tags?post=3591"}],"curies":[{"name":"wp","href":"https:\/\/api.w.org\/{rel}","templated":true}]}}