{"id":3542,"date":"2025-10-13T13:53:29","date_gmt":"2025-10-13T16:53:29","guid":{"rendered":"https:\/\/blogs.correiobraziliense.com.br\/coletivo-filhas-da-mae\/?p=3542"},"modified":"2025-10-13T14:11:50","modified_gmt":"2025-10-13T17:11:50","slug":"pessoa-idosa-nao-e-peso","status":"publish","type":"post","link":"https:\/\/blogs.correiobraziliense.com.br\/coletivo-filhas-da-mae\/2025\/10\/13\/pessoa-idosa-nao-e-peso\/","title":{"rendered":"Pessoa Idosa N\u00e3o \u00e9 Peso"},"content":{"rendered":"<p>Cosette Castro<\/p>\n<p>Bras\u00edlia \u2013 No m\u00eas da pessoa idosa, h\u00e1 muitas atividades <em>online<\/em> e presenciais que tratam sobre envelhecimento, sobre sa\u00fade, cuidados, dem\u00eancias, medo e preconceito. Todas s\u00e3o bem vindas.<\/p>\n<p>Na edi\u00e7\u00e3o de hoje a aten\u00e7\u00e3o ser\u00e1 dada ao medo e ao preconceito por idade.\u00a0De acordo com Vicente Faleiros, professor em\u00e9rito da UnB, em entrevista ao programa Terceiras Inten\u00e7\u00f5es, existem v\u00e1rios medos relacionados \u00e0 idade. Entre eles, o medo da pessoa ficar feia pelas rugas, pelas marcas da idade, por perda de cabelo e pela flacidez.<\/p>\n<p>Segundo o pesquisador, h\u00e1 o medo da perda cognitiva e tamb\u00e9m o medo de se tornar uma pessoa dependente, de perder a funcionalidade.<\/p>\n<p>O medo do preconceito por idade, tamb\u00e9m conhecido como idadismo, etarismo, velhofobia ou ageismo, \u00e9 real e acontece diariamente em todos os setores da vida social. Em casa, no clube ou no trabalho. H\u00e1 ainda o medo da viol\u00eancia, medo da exclus\u00e3o, da neglig\u00eancia e do abandono.<\/p>\n<p>Para se contrapor aos medos e preconceitos, o Coletivo Filhas da M\u00e3e desenvolve projetos intergeracionais que estimulam o encontro entre diferentes gera\u00e7\u00f5es e tamb\u00e9m estimulam a sa\u00fade f\u00edsica e mental de quem cuida. Um deles \u00e9 a Oficina de Escrita Criativa, que acontece duas vezes ao ano desde 2023, \u00e9 gratuita e \u00e9 aberta \u00e0 comunidade.<\/p>\n<p>Na pr\u00f3xima quarta e quinta-feira, dias 15 e 16, ser\u00e1 realizada a segunda Oficina de Escrita Criativa de 2025, em parceria com a Biblioteca Demonstrativa de Bras\u00edlia (BDB), localizada na quadra 506 da Asa Sul. A Oficina Criativa tem encontro de duas horas e recebe pessoas com desejo de escrever e pessoas com experi\u00eancia em escrita criativa.<\/p>\n<p><img loading=\"lazy\" decoding=\"async\" class=\"alignnone wp-image-3544 aligncenter\" src=\"https:\/\/blogs.correiobraziliense.com.br\/coletivo-filhas-da-mae\/wp-content\/uploads\/sites\/60\/2025\/10\/oficinadeescritacriativa.-2025.2-240x300.jpg\" alt=\"\" width=\"277\" height=\"346\" srcset=\"https:\/\/blogs.correiobraziliense.com.br\/coletivo-filhas-da-mae\/wp-content\/uploads\/sites\/60\/2025\/10\/oficinadeescritacriativa.-2025.2-240x300.jpg 240w, https:\/\/blogs.correiobraziliense.com.br\/coletivo-filhas-da-mae\/wp-content\/uploads\/sites\/60\/2025\/10\/oficinadeescritacriativa.-2025.2-768x960.jpg 768w, https:\/\/blogs.correiobraziliense.com.br\/coletivo-filhas-da-mae\/wp-content\/uploads\/sites\/60\/2025\/10\/oficinadeescritacriativa.-2025.2-819x1024.jpg 819w, https:\/\/blogs.correiobraziliense.com.br\/coletivo-filhas-da-mae\/wp-content\/uploads\/sites\/60\/2025\/10\/oficinadeescritacriativa.-2025.2-800x1000.jpg 800w, https:\/\/blogs.correiobraziliense.com.br\/coletivo-filhas-da-mae\/wp-content\/uploads\/sites\/60\/2025\/10\/oficinadeescritacriativa.-2025.2-550x688.jpg 550w, https:\/\/blogs.correiobraziliense.com.br\/coletivo-filhas-da-mae\/wp-content\/uploads\/sites\/60\/2025\/10\/oficinadeescritacriativa.-2025.2-230x288.jpg 230w, https:\/\/blogs.correiobraziliense.com.br\/coletivo-filhas-da-mae\/wp-content\/uploads\/sites\/60\/2025\/10\/oficinadeescritacriativa.-2025.2.jpg 1080w\" sizes=\"auto, (max-width: 277px) 100vw, 277px\" \/><\/p>\n<p>A professora Natalia de Souza Duarte, uma das Co-Coordenadoras do Coletivo Filhas da M\u00e3e, vai coordenar a Oficina Criativa<\/p>\n<p>O Coletivo Filhas da M\u00e3e tamb\u00e9m incentiva o encontro entre diferentes gera\u00e7\u00f5es atrav\u00e9s de caminhadas semanais realizadas nos domingos pela manh\u00e3. Os encontros acontecem nos Parques do Distrito Federal e atrav\u00e9s de Trilhas Urbanas, como as que ocorrem desde 2023 na Asa Sul e na Asa Norte sobre a obra de Athos Bulc\u00e3o.<\/p>\n<p><strong>Pessoa Idosa N\u00e3o \u00c9 Peso<\/strong><\/p>\n<p>Voltando ao tema dos preconceitos,\u00a0Faleiros lembra que no Brasil existe a ideia de que a pessoa idosa \u00e9 um peso. Isso \u00e9 uma contradi\u00e7\u00e3o, ainda mais em um pa\u00eds onde 75% das pessoas 60+ seguem sustentando as fam\u00edlias com a aposentadoria, incluindo filhos e netos.<\/p>\n<p>A ideia de que a pessoa que envelhece \u00e9 um peso faz com que muitas fam\u00edlias\u00a0excluam das suas atividades e rotinas as pessoas 60+, ainda que n\u00e3o se deem conta disso. Excluem dos almo\u00e7os, das festas e das viagens. Em algumas situa\u00e7\u00f5es, as pessoas idosas ficam cuidando dos netos, sem participar das\u00a0comemora\u00e7\u00f5es e da vida familiar.<\/p>\n<p>H\u00e1 muitas formas de desumanizar e excluir pessoas idosas. Uma delas \u00e9 trata-las como se fossem crian\u00e7as, no diminutivo chamando de \u201cqueridinha, papaizinho, \u00a0benzinho\u201d. Ou se referindo a objetos no diminutivo: \u201cpegue o copinho, vista a roupinha ou o sapatinho\u201d.<\/p>\n<p>Pessoas 60+ n\u00e3o s\u00e3o crian\u00e7as. S\u00e3o adultos em processo de envelhecimento que, apesar dos desafios, merecem respeito. Tratar uma pessoa idosa como crian\u00e7a n\u00e3o \u00e9 carinho. \u00c9 contribuir para o apagamento da trajet\u00f3ria que cada pessoa 60+ construiu. Al\u00e9m de desconstruir a hist\u00f3ria pessoal, tamb\u00e9m nega um futuro para quem j\u00e1 passou dos 60.<\/p>\n<p>N\u00f3s, do Coletivo Filhas da M\u00e3e, nos posicionamos diariamente contra todos os tipos de preconceito.<\/p>\n<p>PS:\u00a0No domingo, dia 19, acontecer\u00e1 mais uma edi\u00e7\u00e3o da Trilha Urbana &#8220;Caminhos de Athos Bulc\u00e3o na Asa Sul&#8221;, com um roteiro cultural diferenciado sob a condu\u00e7\u00e3o do jornalista Vitor Borisow. O evento, realizado em parceria com o Grupo Caminhadas de Bras\u00edlia (GCB),\u00a0\u00e9 gratuito e tem encontro \u00e0s 8h30 na frente do SESI Lab (parte de baixo).<\/p>\n","protected":false},"excerpt":{"rendered":"<p>Cosette Castro Bras\u00edlia \u2013 No m\u00eas da pessoa idosa, h\u00e1 muitas atividades online e presenciais que tratam sobre envelhecimento, sobre sa\u00fade, cuidados, dem\u00eancias, medo e preconceito. Todas s\u00e3o bem vindas. Na edi\u00e7\u00e3o de hoje a aten\u00e7\u00e3o ser\u00e1 dada ao medo e ao preconceito por idade.\u00a0De acordo com Vicente Faleiros, professor em\u00e9rito da UnB, em entrevista ao programa Terceiras Inten\u00e7\u00f5es, existem [&hellip;]<\/p>\n","protected":false},"author":126,"featured_media":0,"comment_status":"open","ping_status":"open","sticky":false,"template":"","format":"standard","meta":{"footnotes":""},"categories":[1722],"tags":[1723,1726,1012,1727,1725,119,420,5,540,106,1724,1032,1018,162],"class_list":["post-3542","post","type-post","status-publish","format-standard","hentry","category-idadismo","tag-3a-edicao-trilha-urbana-os-caminhos-de-athos-bulcao-na-asa-sul","tag-bdb","tag-biblioteca-demonstrativa-de-brasilia","tag-cgc","tag-cuidado-de-quem-cuida","tag-cuidado-e-autocuidado","tag-cuidado-familiar","tag-envelhecimento","tag-grupo-caminhadas-de-brasilia","tag-idadismo","tag-oficina-de-escrita-criativa","tag-pessoa-idosa","tag-pessoas-60","tag-velhice"],"_links":{"self":[{"href":"https:\/\/blogs.correiobraziliense.com.br\/coletivo-filhas-da-mae\/wp-json\/wp\/v2\/posts\/3542","targetHints":{"allow":["GET"]}}],"collection":[{"href":"https:\/\/blogs.correiobraziliense.com.br\/coletivo-filhas-da-mae\/wp-json\/wp\/v2\/posts"}],"about":[{"href":"https:\/\/blogs.correiobraziliense.com.br\/coletivo-filhas-da-mae\/wp-json\/wp\/v2\/types\/post"}],"author":[{"embeddable":true,"href":"https:\/\/blogs.correiobraziliense.com.br\/coletivo-filhas-da-mae\/wp-json\/wp\/v2\/users\/126"}],"replies":[{"embeddable":true,"href":"https:\/\/blogs.correiobraziliense.com.br\/coletivo-filhas-da-mae\/wp-json\/wp\/v2\/comments?post=3542"}],"version-history":[{"count":8,"href":"https:\/\/blogs.correiobraziliense.com.br\/coletivo-filhas-da-mae\/wp-json\/wp\/v2\/posts\/3542\/revisions"}],"predecessor-version":[{"id":3553,"href":"https:\/\/blogs.correiobraziliense.com.br\/coletivo-filhas-da-mae\/wp-json\/wp\/v2\/posts\/3542\/revisions\/3553"}],"wp:attachment":[{"href":"https:\/\/blogs.correiobraziliense.com.br\/coletivo-filhas-da-mae\/wp-json\/wp\/v2\/media?parent=3542"}],"wp:term":[{"taxonomy":"category","embeddable":true,"href":"https:\/\/blogs.correiobraziliense.com.br\/coletivo-filhas-da-mae\/wp-json\/wp\/v2\/categories?post=3542"},{"taxonomy":"post_tag","embeddable":true,"href":"https:\/\/blogs.correiobraziliense.com.br\/coletivo-filhas-da-mae\/wp-json\/wp\/v2\/tags?post=3542"}],"curies":[{"name":"wp","href":"https:\/\/api.w.org\/{rel}","templated":true}]}}