{"id":3517,"date":"2025-10-03T13:44:10","date_gmt":"2025-10-03T16:44:10","guid":{"rendered":"https:\/\/blogs.correiobraziliense.com.br\/coletivo-filhas-da-mae\/?p=3517"},"modified":"2025-10-03T14:55:49","modified_gmt":"2025-10-03T17:55:49","slug":"temos-motivos-para-comemorar","status":"publish","type":"post","link":"https:\/\/blogs.correiobraziliense.com.br\/coletivo-filhas-da-mae\/2025\/10\/03\/temos-motivos-para-comemorar\/","title":{"rendered":"Temos Motivos para Comemorar"},"content":{"rendered":"<p>Cosette Castro &amp; Natalia Duarte<\/p>\n<p>Bras\u00edlia &#8211; Esta semana temos motivos para comemorar.<\/p>\n<p>O Coletivo Filhas da M\u00e3e participou da 5a. Confer\u00eancia Nacional\u00a0 de Pol\u00edticas para Mulheres (CNPM) com v\u00e1rias propostas, uma delegada (Natalia Duarte) e duas coordenadoras, Natalia Duarte e eu, como conferencistas. Estivemos falando em paineis tem\u00e1ticos na ter\u00e7a-feira, dia 30, sobre sa\u00fade p\u00fablica e cuidado.<\/p>\n<p>Ao lado do F\u00f3rum da Mulher Idosa, nosso parceiro, foram oferecidas e aprovadas propostas relacionadas ao cuidado de quem cuida e \u00e0 sa\u00fade das mulheres idosas e em processo de envelhecimento.<\/p>\n<p>Al\u00e9m disso, a C\u00e2mara dos Deputados aprovou por unanimidade (493 votos) o <a href=\"https:\/\/www.camara.leg.br\/proposicoesWeb\/fichadetramitacao?idProposicao=2487436\">Projeto de Lei 1.087\/2025<\/a> que d\u00e1 isen\u00e7\u00e3o do imposto de renda para quem ganha at\u00e9 5 mil reais e descontos para quem ganha at\u00e9 7.500 reais. Isso vai fazer diferen\u00e7a na qualidade de vida de 26,6 milh\u00f5es de contribuintes a partir de 2026.<\/p>\n<p>O Projeto de Lei tamb\u00e9m prev\u00ea a tributa\u00e7\u00e3o das pessoas com rendimentos acima de R$ 600 mil por ano, com uma al\u00edquota progressiva de at\u00e9 10%. Pela primeira vez os mais ricos ser\u00e3o devidamente tributados no pa\u00eds.<\/p>\n<p>A vota\u00e7\u00e3o \u00e9 resultado das manifesta\u00e7\u00f5es nas ruas e do plebiscito popular com mais de 1,5 milh\u00e3o de votos pedindo a isen\u00e7\u00e3o do IR e o fim da escala 6X1. O Coletivo Filhas da M\u00e3e participou do Plebiscito Popular recolhendo votos em uma urna online no Instagram (@blocofilhasdamae).<\/p>\n<p><img loading=\"lazy\" decoding=\"async\" class=\"alignnone size-medium wp-image-3518\" src=\"https:\/\/blogs.correiobraziliense.com.br\/coletivo-filhas-da-mae\/wp-content\/uploads\/sites\/60\/2025\/10\/painelcomoconstruirumasociedadedo-cuidado2025-300x225.jpg\" alt=\"\" width=\"300\" height=\"225\" srcset=\"https:\/\/blogs.correiobraziliense.com.br\/coletivo-filhas-da-mae\/wp-content\/uploads\/sites\/60\/2025\/10\/painelcomoconstruirumasociedadedo-cuidado2025-300x225.jpg 300w, https:\/\/blogs.correiobraziliense.com.br\/coletivo-filhas-da-mae\/wp-content\/uploads\/sites\/60\/2025\/10\/painelcomoconstruirumasociedadedo-cuidado2025-768x576.jpg 768w, https:\/\/blogs.correiobraziliense.com.br\/coletivo-filhas-da-mae\/wp-content\/uploads\/sites\/60\/2025\/10\/painelcomoconstruirumasociedadedo-cuidado2025-1024x768.jpg 1024w, https:\/\/blogs.correiobraziliense.com.br\/coletivo-filhas-da-mae\/wp-content\/uploads\/sites\/60\/2025\/10\/painelcomoconstruirumasociedadedo-cuidado2025-1440x1080.jpg 1440w, https:\/\/blogs.correiobraziliense.com.br\/coletivo-filhas-da-mae\/wp-content\/uploads\/sites\/60\/2025\/10\/painelcomoconstruirumasociedadedo-cuidado2025-800x600.jpg 800w, https:\/\/blogs.correiobraziliense.com.br\/coletivo-filhas-da-mae\/wp-content\/uploads\/sites\/60\/2025\/10\/painelcomoconstruirumasociedadedo-cuidado2025-550x413.jpg 550w, https:\/\/blogs.correiobraziliense.com.br\/coletivo-filhas-da-mae\/wp-content\/uploads\/sites\/60\/2025\/10\/painelcomoconstruirumasociedadedo-cuidado2025-230x173.jpg 230w, https:\/\/blogs.correiobraziliense.com.br\/coletivo-filhas-da-mae\/wp-content\/uploads\/sites\/60\/2025\/10\/painelcomoconstruirumasociedadedo-cuidado2025.jpg 1600w\" sizes=\"auto, (max-width: 300px) 100vw, 300px\" \/>\u00a0 \u00a0<img loading=\"lazy\" decoding=\"async\" class=\"alignnone size-medium wp-image-3519\" src=\"https:\/\/blogs.correiobraziliense.com.br\/coletivo-filhas-da-mae\/wp-content\/uploads\/sites\/60\/2025\/10\/painelcomparticipa\u00e7\u00e3odasmulheres2025-300x226.jpg\" alt=\"\" width=\"300\" height=\"226\" srcset=\"https:\/\/blogs.correiobraziliense.com.br\/coletivo-filhas-da-mae\/wp-content\/uploads\/sites\/60\/2025\/10\/painelcomparticipa\u00e7\u00e3odasmulheres2025-300x226.jpg 300w, https:\/\/blogs.correiobraziliense.com.br\/coletivo-filhas-da-mae\/wp-content\/uploads\/sites\/60\/2025\/10\/painelcomparticipa\u00e7\u00e3odasmulheres2025-768x578.jpg 768w, https:\/\/blogs.correiobraziliense.com.br\/coletivo-filhas-da-mae\/wp-content\/uploads\/sites\/60\/2025\/10\/painelcomparticipa\u00e7\u00e3odasmulheres2025-1024x771.jpg 1024w, https:\/\/blogs.correiobraziliense.com.br\/coletivo-filhas-da-mae\/wp-content\/uploads\/sites\/60\/2025\/10\/painelcomparticipa\u00e7\u00e3odasmulheres2025-1440x1084.jpg 1440w, https:\/\/blogs.correiobraziliense.com.br\/coletivo-filhas-da-mae\/wp-content\/uploads\/sites\/60\/2025\/10\/painelcomparticipa\u00e7\u00e3odasmulheres2025-800x602.jpg 800w, https:\/\/blogs.correiobraziliense.com.br\/coletivo-filhas-da-mae\/wp-content\/uploads\/sites\/60\/2025\/10\/painelcomparticipa\u00e7\u00e3odasmulheres2025-550x414.jpg 550w, https:\/\/blogs.correiobraziliense.com.br\/coletivo-filhas-da-mae\/wp-content\/uploads\/sites\/60\/2025\/10\/painelcomparticipa\u00e7\u00e3odasmulheres2025-230x173.jpg 230w, https:\/\/blogs.correiobraziliense.com.br\/coletivo-filhas-da-mae\/wp-content\/uploads\/sites\/60\/2025\/10\/painelcomparticipa\u00e7\u00e3odasmulheres2025.jpg 1600w\" sizes=\"auto, (max-width: 300px) 100vw, 300px\" \/><\/p>\n<p>Painel do Coletivo Filhas da M\u00e3e criado pelo Coletivo Borda Luta perguntou \u00e0s mulheres participantes da 5a. Confer\u00eancia: &#8220;Como Construir Uma Sociedade do Cuidado? E elas responderam (foto 02). Na foto 01, \u00e0 esquerda, no meio, Celinha Neves, uma das coordenadoras do Coletivo.<\/p>\n<p>Nesta edi\u00e7\u00e3o, quem comenta a 5a. Confer\u00eancia de Pol\u00edticas para Mulheres \u00e9 Natalia Duarte, cuidadora familiar e professora da UnB.<\/p>\n<p>Natalia Duarte &#8211; &#8220;A\u00a0 5\u00aa CNPM consolidou avan\u00e7os hist\u00f3ricos ao aprovar propostas que fortalecem a institucionalidade, a diversidade e o enfrentamento \u00e0s desigualdades de g\u00eanero.<\/p>\n<p>Entre as principais delibera\u00e7\u00f5es est\u00e3o: 1. a cria\u00e7\u00e3o do Sistema Nacional de Pol\u00edticas para Mulheres e 2. do Fundo Nacional espec\u00edfico, garantindo recursos cont\u00ednuos e gest\u00e3o compartilhada entre Uni\u00e3o, estados e munic\u00edpios. Tamb\u00e9m definiu 3. a implanta\u00e7\u00e3o de secretarias e conselhos com autonomia or\u00e7ament\u00e1ria, assegurando a participa\u00e7\u00e3o ativa das mulheres na formula\u00e7\u00e3o e fiscaliza\u00e7\u00e3o das pol\u00edticas p\u00fablicas.<\/p>\n<p>A Confer\u00eancia ainda deliberou pela cria\u00e7\u00e3o dos F\u00f3runs Estaduais e Municipais de Pol\u00edticas para Mulheres, inst\u00e2ncia participativa na constru\u00e7\u00e3o de pol\u00edticas p\u00fablicas que atendam a urg\u00eancia de a\u00e7\u00f5es voltadas \u00e0 sa\u00fade integral da mulher, \u00e0 igualdade salarial, \u00e0 redu\u00e7\u00e3o da jornada de trabalho e ao fortalecimento da rede de enfrentamento \u00e0 viol\u00eancia.<\/p>\n<p>O debate sobre a Pol\u00edtica de Cuidado, sobre quem cuida e sobre quem cuida de quem cuida contemplou a linda pluralidade das \u201cmulheridades\u201d, reconhecendo as diversidades e valorizando mulheres negras, ind\u00edgenas, trans, com defici\u00eancia, do campo e da cidade, de povos e comunidades tradicionais, levando em conta todas as idades.<\/p>\n<p>Com mais de 4 mil participantes, a 5\u00aa CNPM reafirma que a mulheres est\u00e3o organizadas e atentas ao compromisso do Estado brasileiro com a constru\u00e7\u00e3o de uma sociedade mais justa, inclusiva e igualit\u00e1ria para todas\u00a0as\u00a0mulheres.&#8221;<\/p>\n<p>Na quarta-feira, dia internacional da pessoa idosa, o\u00a0Minist\u00e9rio das Mulheres apresentou \u00e0 popula\u00e7\u00e3o a plataforma DataMulheres, ferramenta digital de informa\u00e7\u00f5es sobre a realidade socioecon\u00f4mica das mulheres brasileiras. A plataforma foi desenvolvida pelo Observat\u00f3rio Brasil da Igualdade de G\u00eanero, em parceria com a Dataprev.<\/p>\n<p>Enquanto isso, na C\u00e2mara Legislativa do Distrito Federal (CLDF) o deputado Chico Vigilante realizou <a href=\"https:\/\/www.youtube.com\/live\/COVncvOVEHc?si=dUDFyOOf9iXaBR4A\">Audi\u00eancia P\u00fablica<\/a> sobre Envelhecimento e apresentou o Observat\u00f3rio da Pessoa Idosa\/DF.<\/p>\n<p>PS: Neste domingo, 05\/10, estaremos caminhando no Parque Olhos D\u00b4\u00c1gua (quadra 413\/414 da Asa Norte). Depois da caminhada e do lanche compartilhado, vamos assistir o Coletivo Caf\u00e9 Com Chorinho, a partir das 10h. Encontro \u00e0s 8h30 na entrada do Parque, logo ap\u00f3s o banheiro. Caminhada aberta e gratuita. Esperamos voc\u00ea!<\/p>\n","protected":false},"excerpt":{"rendered":"<p>Cosette Castro &amp; Natalia Duarte Bras\u00edlia &#8211; Esta semana temos motivos para comemorar. O Coletivo Filhas da M\u00e3e participou da 5a. Confer\u00eancia Nacional\u00a0 de Pol\u00edticas para Mulheres (CNPM) com v\u00e1rias propostas, uma delegada (Natalia Duarte) e duas coordenadoras, Natalia Duarte e eu, como conferencistas. Estivemos falando em paineis tem\u00e1ticos na ter\u00e7a-feira, dia 30, sobre sa\u00fade p\u00fablica e cuidado. Ao lado [&hellip;]<\/p>\n","protected":false},"author":126,"featured_media":0,"comment_status":"open","ping_status":"open","sticky":false,"template":"","format":"standard","meta":{"footnotes":""},"categories":[1709],"tags":[1710,897,1713,310,1712,119,20,1711],"class_list":["post-3517","post","type-post","status-publish","format-standard","hentry","category-5a-conferencia-nacional-de-politicas-para-mulheres","tag-5a-conferencia-nacional-de-politicas-para-mulheres","tag-camara-dos-deputados","tag-chico-vigilante","tag-cldf","tag-coletivo-borda-luta","tag-cuidado-e-autocuidado","tag-cuidadoras-familiares","tag-projeto-de-lei-1-087-2025"],"_links":{"self":[{"href":"https:\/\/blogs.correiobraziliense.com.br\/coletivo-filhas-da-mae\/wp-json\/wp\/v2\/posts\/3517","targetHints":{"allow":["GET"]}}],"collection":[{"href":"https:\/\/blogs.correiobraziliense.com.br\/coletivo-filhas-da-mae\/wp-json\/wp\/v2\/posts"}],"about":[{"href":"https:\/\/blogs.correiobraziliense.com.br\/coletivo-filhas-da-mae\/wp-json\/wp\/v2\/types\/post"}],"author":[{"embeddable":true,"href":"https:\/\/blogs.correiobraziliense.com.br\/coletivo-filhas-da-mae\/wp-json\/wp\/v2\/users\/126"}],"replies":[{"embeddable":true,"href":"https:\/\/blogs.correiobraziliense.com.br\/coletivo-filhas-da-mae\/wp-json\/wp\/v2\/comments?post=3517"}],"version-history":[{"count":11,"href":"https:\/\/blogs.correiobraziliense.com.br\/coletivo-filhas-da-mae\/wp-json\/wp\/v2\/posts\/3517\/revisions"}],"predecessor-version":[{"id":3530,"href":"https:\/\/blogs.correiobraziliense.com.br\/coletivo-filhas-da-mae\/wp-json\/wp\/v2\/posts\/3517\/revisions\/3530"}],"wp:attachment":[{"href":"https:\/\/blogs.correiobraziliense.com.br\/coletivo-filhas-da-mae\/wp-json\/wp\/v2\/media?parent=3517"}],"wp:term":[{"taxonomy":"category","embeddable":true,"href":"https:\/\/blogs.correiobraziliense.com.br\/coletivo-filhas-da-mae\/wp-json\/wp\/v2\/categories?post=3517"},{"taxonomy":"post_tag","embeddable":true,"href":"https:\/\/blogs.correiobraziliense.com.br\/coletivo-filhas-da-mae\/wp-json\/wp\/v2\/tags?post=3517"}],"curies":[{"name":"wp","href":"https:\/\/api.w.org\/{rel}","templated":true}]}}