{"id":3502,"date":"2025-09-26T11:59:00","date_gmt":"2025-09-26T14:59:00","guid":{"rendered":"https:\/\/blogs.correiobraziliense.com.br\/coletivo-filhas-da-mae\/?p=3502"},"modified":"2025-09-26T12:01:25","modified_gmt":"2025-09-26T15:01:25","slug":"tempo-de-cuidado-em-todos-os-niveis","status":"publish","type":"post","link":"https:\/\/blogs.correiobraziliense.com.br\/coletivo-filhas-da-mae\/2025\/09\/26\/tempo-de-cuidado-em-todos-os-niveis\/","title":{"rendered":"Tempo de Cuidado em Todos os N\u00edveis"},"content":{"rendered":"<p>Cosette Castro<\/p>\n<p>Bras\u00edlia \u2013 A Capital Federal acordou nesta sexta-feira com tempo mais frio. Mas est\u00e1 com o cora\u00e7\u00e3o quente ap\u00f3s o discurso do presidente Lula na 80a. Assembl\u00e9ia Geral da Organiza\u00e7\u00e3o das Na\u00e7\u00f5es Unidas (ONU) esta semana.<\/p>\n<p>O discurso <a href=\"https:\/\/www.gov.br\/planalto\/pt-br\/acompanhe-o-planalto\/discursos-e-pronunciamentos\/2025\/09\/discurso-do-presidente-lula-na-abertura-do-debate-geral-da-80a-assembleia-geral-das-nacoes-unidas\">(assista aqui<\/a>) impressionou at\u00e9 o presidente dos Estados Unidos, Donald Trump, que acha que \u201crolou uma qu\u00edmica\u201d ao encontrar Lula logo ap\u00f3s o presidente brasileiro discursar. Inclusive est\u00e1 sendo acertado um encontro entre os dois mandat\u00e1rios para os pr\u00f3ximos dias.<\/p>\n<p>A repercuss\u00e3o das manifesta\u00e7\u00f5es populares que aconteceram em todo o pa\u00eds contra a PEC da Blindagem e pelo fim da anistia, ao lado do aceno favor\u00e1vel de Trump a Lula, teve consequ\u00eancias imediatas no Senado. A PEC da Blindagem foi arquivada por unanimidade na Comiss\u00e3o de Constitui\u00e7\u00e3o, Justi\u00e7a e Cidadania (CCJ).<\/p>\n<p>Em meio a tudo isso, o Setembro Roxo, m\u00eas de conscientiza\u00e7\u00e3o sobre as dem\u00eancias, entre elas o Alzheimer, est\u00e1 chegando ao final.<\/p>\n<p>No Distrito Federal aconteceram a\u00e7\u00f5es nos parques do Distrito Federal, nas ruas, como a 4a. Caminhada da Mem\u00f3ria e as Atividades P\u00f3s-Caminhada no Eix\u00e3o Norte, nas comunidades, no colorido dos pr\u00e9dios p\u00fablicos distrital e federal, que se estendeu por todo o pa\u00eds. E audi\u00eancias p\u00fablicas na C\u00e2mara Federal e no Senado.<\/p>\n<p>Todas essas manifesta\u00e7\u00f5es t\u00eam em comum o pedido da implementa\u00e7\u00e3o da Lei\u00a0 6926\/2021 no \u00e2mbito distrital\u00a0 \u00a0 \u00a0 \u00a0(<a href=\"https:\/\/www.sinj.df.gov.br\/sinj\/Norma\/2cf054b54de647e48de3a8973fe6f18e\/Lei_6926_02_08_2021.html\">leia aqui<\/a>), que disp\u00f5e sobre o tratamento de pessoas com Alzheimer e outras dem\u00eancias e tamb\u00e9m sobre a promo\u00e7\u00e3o de sa\u00fade das pessoas que cuidam. E da Lei\u00a0 nacional do Cuidado Integral para Pessoas com Alzheimer e outras Dem\u00eancias (Lei 14.878\/2024) que prev\u00ea atendimento integrado de sa\u00fade, apoio psicossocial, pesquisa e apoio \u00e0s fam\u00edlias (<a href=\"https:\/\/www.planalto.gov.br\/ccivil_03\/_ato2023-2026\/2024\/lei\/l14878.htm\">leia aqui<\/a>).<\/p>\n<p>Isso significa a implementa\u00e7\u00e3o de um Plano Nacional de A\u00e7\u00e3o que promova a forma\u00e7\u00e3o profissional em todos os n\u00edveis. Ou seja, tanto na fase de aprendizado, nas universidades e cursos t\u00e9cnicos, quanto de quem atua na ponta. Seja no SUS como no \u00e2mbito privado, com protocolo hospitalar, al\u00e9m de incluir o diagn\u00f3stico precoce, algo que ainda n\u00e3o ocorre no pa\u00eds.<\/p>\n<p>Tais a\u00e7\u00f5es precisam ser pensadas e ocorrer interministerialmente, como aconteceu com a Pol\u00edtica Nacional de Cuidado (Lei 15.069\/2024) (<a href=\"https:\/\/www.planalto.gov.br\/ccivil_03\/_ato2023-2026\/2024\/lei\/L15069.htm\">leia aqui<\/a>) aprovada em dezembro do ano passado, seis meses depois da lei que criou a Pol\u00edtica Nacional do Cuidado Integral para Pessoas com o Alzheimer e outras Dem\u00eancias.<\/p>\n<p>A diferen\u00e7a importante entre as duas leis \u00e9 que a Pol\u00edtica Nacional de Cuidados foi elaborada desde a sua origem com a participa\u00e7\u00e3o de mais de 20 minist\u00e9rios e tamb\u00e9m com ampla participa\u00e7\u00e3o da sociedade civil de todas as regi\u00f5es do pa\u00eds, com rodadas de discuss\u00e3o online e presencial e consulta p\u00fablica. \u00a0Um exemplo de constru\u00e7\u00e3o coletiva que contou com ampla participa\u00e7\u00e3o em todo o Brasil.<\/p>\n<p>A PNC vai lan\u00e7ar em outubro o Plano Nacional de Cuidado, assim como eleger dois Comit\u00eas de acompanhamento, um deles composto pela sociedade civil e representantes do governo.<\/p>\n<p>Em meio a todas as discuss\u00f5es sobre pol\u00edticas p\u00fablicas, pela primeira vez uma Confer\u00eancia Nacional de Pol\u00edticas para Mulheres vai receber propostas na \u00e1rea do cuidado e da sa\u00fade coletiva espec\u00edficas para mulheres idosas e para mulheres em processo de envelhecimento (50+). E tamb\u00e9m propostas para preven\u00e7\u00e3o de dem\u00eancias e quest\u00f5es relacionadas \u00e0 menopausa.<\/p>\n<p>As propostas foram aprovadas na Confer\u00eancia Livre da Mulher Idosa, promovida pelo Coletivo Filhas da M\u00e3e junto com o F\u00f3rum da Mulher Idosa em agosto.<\/p>\n<p>A Confer\u00eancia Livre\u00a0 reuniu online 298 mulheres\u00a0 diferentes regi\u00f5es do pa\u00eds com mais de 50 anos. As propostas ser\u00e3o debatidas a partir de segunda, 29\/09, na V Confer\u00eancia Nacional de Pol\u00edticas para Mulheres em Bras\u00edlia. E no dia 30\/09, ter\u00e7a-feira, na manh\u00e3 dedicada \u00e0s Confer\u00eancias, estarei l\u00e1 ao lado de Maria do Carmo Guido e Socorro Morais, debatendo\u00a0 com mulheres de todo o pa\u00eds sobre \u201cMulheres que Envelhecem: Direitos, Desafios e Pol\u00edticas para uma Vida Digna\u201d. Hor\u00e1rio:\u00a0das 8h30 \u00e0s 11h.<\/p>\n<p>Esse \u00e9 mais um passo para construir uma Sociedade do Cuidado no Brasil.<\/p>\n<p>&nbsp;<\/p>\n<p>&nbsp;<\/p>\n<p>&nbsp;<\/p>\n","protected":false},"excerpt":{"rendered":"<p>Cosette Castro Bras\u00edlia \u2013 A Capital Federal acordou nesta sexta-feira com tempo mais frio. Mas est\u00e1 com o cora\u00e7\u00e3o quente ap\u00f3s o discurso do presidente Lula na 80a. Assembl\u00e9ia Geral da Organiza\u00e7\u00e3o das Na\u00e7\u00f5es Unidas (ONU) esta semana. O discurso (assista aqui) impressionou at\u00e9 o presidente dos Estados Unidos, Donald Trump, que acha que \u201crolou uma qu\u00edmica\u201d ao encontrar Lula [&hellip;]<\/p>\n","protected":false},"author":126,"featured_media":0,"comment_status":"open","ping_status":"open","sticky":false,"template":"","format":"standard","meta":{"footnotes":""},"categories":[1697],"tags":[8,20,7,5,225,1706,1078,263,905],"class_list":["post-3502","post","type-post","status-publish","format-standard","hentry","category-setembro-roxo-2025","tag-alzheimer","tag-cuidadoras-familiares","tag-demencias","tag-envelhecimento","tag-lei-6926-2021","tag-politica-nacional-de-cuidado-integral-para-pessoas-com-alzheimer-e-outras-demencias","tag-politica-nacional-de-cuidados","tag-setembro-roxo","tag-sociedade-do-cuidado"],"_links":{"self":[{"href":"https:\/\/blogs.correiobraziliense.com.br\/coletivo-filhas-da-mae\/wp-json\/wp\/v2\/posts\/3502","targetHints":{"allow":["GET"]}}],"collection":[{"href":"https:\/\/blogs.correiobraziliense.com.br\/coletivo-filhas-da-mae\/wp-json\/wp\/v2\/posts"}],"about":[{"href":"https:\/\/blogs.correiobraziliense.com.br\/coletivo-filhas-da-mae\/wp-json\/wp\/v2\/types\/post"}],"author":[{"embeddable":true,"href":"https:\/\/blogs.correiobraziliense.com.br\/coletivo-filhas-da-mae\/wp-json\/wp\/v2\/users\/126"}],"replies":[{"embeddable":true,"href":"https:\/\/blogs.correiobraziliense.com.br\/coletivo-filhas-da-mae\/wp-json\/wp\/v2\/comments?post=3502"}],"version-history":[{"count":4,"href":"https:\/\/blogs.correiobraziliense.com.br\/coletivo-filhas-da-mae\/wp-json\/wp\/v2\/posts\/3502\/revisions"}],"predecessor-version":[{"id":3506,"href":"https:\/\/blogs.correiobraziliense.com.br\/coletivo-filhas-da-mae\/wp-json\/wp\/v2\/posts\/3502\/revisions\/3506"}],"wp:attachment":[{"href":"https:\/\/blogs.correiobraziliense.com.br\/coletivo-filhas-da-mae\/wp-json\/wp\/v2\/media?parent=3502"}],"wp:term":[{"taxonomy":"category","embeddable":true,"href":"https:\/\/blogs.correiobraziliense.com.br\/coletivo-filhas-da-mae\/wp-json\/wp\/v2\/categories?post=3502"},{"taxonomy":"post_tag","embeddable":true,"href":"https:\/\/blogs.correiobraziliense.com.br\/coletivo-filhas-da-mae\/wp-json\/wp\/v2\/tags?post=3502"}],"curies":[{"name":"wp","href":"https:\/\/api.w.org\/{rel}","templated":true}]}}