{"id":3491,"date":"2025-09-22T13:00:16","date_gmt":"2025-09-22T16:00:16","guid":{"rendered":"https:\/\/blogs.correiobraziliense.com.br\/coletivo-filhas-da-mae\/?p=3491"},"modified":"2025-09-22T13:38:08","modified_gmt":"2025-09-22T16:38:08","slug":"um-dia-para-ficar-na-historia","status":"publish","type":"post","link":"https:\/\/blogs.correiobraziliense.com.br\/coletivo-filhas-da-mae\/2025\/09\/22\/um-dia-para-ficar-na-historia\/","title":{"rendered":"Um Dia Para Ficar na Hist\u00f3ria"},"content":{"rendered":"<p>Cosette Castro<\/p>\n<p>Bras\u00edlia &#8211; Hoje come\u00e7amos o Blog com\u00a0 um agradecimento e uma homenagem.<\/p>\n<p>Agradecimento aos mais de 25 parceiros e apoiadores do Coletivo Filhas da M\u00e3e que tornaram poss\u00edvel a realiza\u00e7\u00e3o da 4a. Caminhada da Mem\u00f3ria, que saiu \u00e0s 9h da quadra 204\/205 do Eix\u00e3o Norte at\u00e9 a quadra 208,\u00a0 onde foram realizadas Atividades P\u00f3s-Caminhada at\u00e9 12h. O domingo, 21 de setembro, \u00e9 o\u00a0 dia mundial de conscientiza\u00e7\u00e3o sobre o Alzheimer e outras dem\u00eancias.<\/p>\n<p><img loading=\"lazy\" decoding=\"async\" class=\"wp-image-3496 aligncenter\" src=\"https:\/\/blogs.correiobraziliense.com.br\/coletivo-filhas-da-mae\/wp-content\/uploads\/sites\/60\/2025\/09\/4a.caminhadadamemoria2-300x135.jpg\" alt=\"\" width=\"480\" height=\"216\" srcset=\"https:\/\/blogs.correiobraziliense.com.br\/coletivo-filhas-da-mae\/wp-content\/uploads\/sites\/60\/2025\/09\/4a.caminhadadamemoria2-300x135.jpg 300w, https:\/\/blogs.correiobraziliense.com.br\/coletivo-filhas-da-mae\/wp-content\/uploads\/sites\/60\/2025\/09\/4a.caminhadadamemoria2-768x345.jpg 768w, https:\/\/blogs.correiobraziliense.com.br\/coletivo-filhas-da-mae\/wp-content\/uploads\/sites\/60\/2025\/09\/4a.caminhadadamemoria2-1024x460.jpg 1024w, https:\/\/blogs.correiobraziliense.com.br\/coletivo-filhas-da-mae\/wp-content\/uploads\/sites\/60\/2025\/09\/4a.caminhadadamemoria2-1440x647.jpg 1440w, https:\/\/blogs.correiobraziliense.com.br\/coletivo-filhas-da-mae\/wp-content\/uploads\/sites\/60\/2025\/09\/4a.caminhadadamemoria2-800x360.jpg 800w, https:\/\/blogs.correiobraziliense.com.br\/coletivo-filhas-da-mae\/wp-content\/uploads\/sites\/60\/2025\/09\/4a.caminhadadamemoria2-550x247.jpg 550w, https:\/\/blogs.correiobraziliense.com.br\/coletivo-filhas-da-mae\/wp-content\/uploads\/sites\/60\/2025\/09\/4a.caminhadadamemoria2-230x103.jpg 230w, https:\/\/blogs.correiobraziliense.com.br\/coletivo-filhas-da-mae\/wp-content\/uploads\/sites\/60\/2025\/09\/4a.caminhadadamemoria2.jpg 1600w\" sizes=\"auto, (max-width: 480px) 100vw, 480px\" \/><\/p>\n<p>H\u00e1 mais de dois meses a 4a Caminhada da Mem\u00f3ria vinha sendo organizada, pois \u00e9 urgente informar sobre o Alzheimer, o tipo mais comum de dem\u00eancias. H\u00e1 tamb\u00e9m outros mais de 100 tipos de dem\u00eancias, uma pandemia silenciosa, progressiva e sem cura que adoece toda a fam\u00edlia f\u00edsica e emocionalmente. Principalmente quando n\u00e3o h\u00e1 implementa\u00e7\u00e3o de pol\u00edticas p\u00fablicas, seja no \u00e2mbito nacional,\u00a0Lei n\u00ba 14.878\/2024, ou distrital, Lei 6926\/2021.\u00a0 Nem informa\u00e7\u00f5es para as fam\u00edlias, em especial \u00e0s cuidadoras familiares.<\/p>\n<p><img loading=\"lazy\" decoding=\"async\" class=\"wp-image-3494 aligncenter\" src=\"https:\/\/blogs.correiobraziliense.com.br\/coletivo-filhas-da-mae\/wp-content\/uploads\/sites\/60\/2025\/09\/4a-caminhadadamemoria2025.1-300x225.jpg\" alt=\"\" width=\"318\" height=\"238\" srcset=\"https:\/\/blogs.correiobraziliense.com.br\/coletivo-filhas-da-mae\/wp-content\/uploads\/sites\/60\/2025\/09\/4a-caminhadadamemoria2025.1-300x225.jpg 300w, https:\/\/blogs.correiobraziliense.com.br\/coletivo-filhas-da-mae\/wp-content\/uploads\/sites\/60\/2025\/09\/4a-caminhadadamemoria2025.1-768x576.jpg 768w, https:\/\/blogs.correiobraziliense.com.br\/coletivo-filhas-da-mae\/wp-content\/uploads\/sites\/60\/2025\/09\/4a-caminhadadamemoria2025.1-1024x768.jpg 1024w, https:\/\/blogs.correiobraziliense.com.br\/coletivo-filhas-da-mae\/wp-content\/uploads\/sites\/60\/2025\/09\/4a-caminhadadamemoria2025.1-1440x1080.jpg 1440w, https:\/\/blogs.correiobraziliense.com.br\/coletivo-filhas-da-mae\/wp-content\/uploads\/sites\/60\/2025\/09\/4a-caminhadadamemoria2025.1-800x600.jpg 800w, https:\/\/blogs.correiobraziliense.com.br\/coletivo-filhas-da-mae\/wp-content\/uploads\/sites\/60\/2025\/09\/4a-caminhadadamemoria2025.1-550x413.jpg 550w, https:\/\/blogs.correiobraziliense.com.br\/coletivo-filhas-da-mae\/wp-content\/uploads\/sites\/60\/2025\/09\/4a-caminhadadamemoria2025.1-230x173.jpg 230w\" sizes=\"auto, (max-width: 318px) 100vw, 318px\" \/><\/p>\n<p>Na 4a. Caminhada da Mem\u00f3ria estiveram presentes at\u00e9 quatro gera\u00e7\u00f5es da mesma fam\u00edlia caminhando juntas e depois participando das atividades P\u00f3s-Caminhada. Tamb\u00e9m estiveram 05 pessoas cadeirantes, acompanhadas de seus familiares e pessoas com outras defic\u00ee\u00eancias. Conhe\u00e7a as atividades da Caminhada e da P\u00f3s-Caminhada (<a href=\"https:\/\/photos.app.goo.gl\/9o5mjLtiyXKyvZc98\">fotos e v\u00eddeos aqui.)<\/a><\/p>\n<p>Durante a Roda de Conversa, uma das atividades P\u00f3s-Caminhada, foi instiuido o cargo de\u00a0 Mascote Senior para D. Eloiza Sauerbronn de Salles, 91 anos, que participa com a filha do grupo de Caminhadas do Coletivo Filhas da M\u00e3e. D. Eloisa \u00e9 um bom exemplo de que a longevidade saud\u00e1vel e ativa \u00e9 poss\u00edvel. Ela caminha uma hora todos os dias, inclusive nos domingos com o Coletivo Filhas da M\u00e3e.<\/p>\n<p><img loading=\"lazy\" decoding=\"async\" class=\"size-medium wp-image-3497 aligncenter\" src=\"https:\/\/blogs.correiobraziliense.com.br\/coletivo-filhas-da-mae\/wp-content\/uploads\/sites\/60\/2025\/09\/4a.caminhadadamem\u00f3ria2025-226x300.jpg\" alt=\"\" width=\"226\" height=\"300\" srcset=\"https:\/\/blogs.correiobraziliense.com.br\/coletivo-filhas-da-mae\/wp-content\/uploads\/sites\/60\/2025\/09\/4a.caminhadadamem\u00f3ria2025-226x300.jpg 226w, https:\/\/blogs.correiobraziliense.com.br\/coletivo-filhas-da-mae\/wp-content\/uploads\/sites\/60\/2025\/09\/4a.caminhadadamem\u00f3ria2025-768x1021.jpg 768w, https:\/\/blogs.correiobraziliense.com.br\/coletivo-filhas-da-mae\/wp-content\/uploads\/sites\/60\/2025\/09\/4a.caminhadadamem\u00f3ria2025-771x1024.jpg 771w, https:\/\/blogs.correiobraziliense.com.br\/coletivo-filhas-da-mae\/wp-content\/uploads\/sites\/60\/2025\/09\/4a.caminhadadamem\u00f3ria2025-800x1063.jpg 800w, https:\/\/blogs.correiobraziliense.com.br\/coletivo-filhas-da-mae\/wp-content\/uploads\/sites\/60\/2025\/09\/4a.caminhadadamem\u00f3ria2025-550x731.jpg 550w, https:\/\/blogs.correiobraziliense.com.br\/coletivo-filhas-da-mae\/wp-content\/uploads\/sites\/60\/2025\/09\/4a.caminhadadamem\u00f3ria2025-230x306.jpg 230w, https:\/\/blogs.correiobraziliense.com.br\/coletivo-filhas-da-mae\/wp-content\/uploads\/sites\/60\/2025\/09\/4a.caminhadadamem\u00f3ria2025.jpg 1204w\" sizes=\"auto, (max-width: 226px) 100vw, 226px\" \/><\/p>\n<p>Institui\u00e7\u00f5es parceiras e apoiadoras da 4a. Caminhada da Mem\u00f3ria<\/p>\n<p>Nesta edi\u00e7\u00e3o tamb\u00e9m homenageamos as\u00a0 milh\u00f5es de pessoas foram \u00e0s ruas do pa\u00eds para dizer n\u00e3o \u00e0 Proposta de Emenda Constitucional (PEC) da Blindagem, que pretende tornar deputados e senadores imunes a puni\u00e7\u00e3o em caso de crimes contra \u00e0\u00a0 popula\u00e7\u00e3o e contra \u00e0 na\u00e7\u00e3o. S\u00f3 em Bras\u00edlia, 50 mil pessoas disseram N\u00e3o em alto e bom tom.<\/p>\n<p>Elas e eles tamb\u00e9m foram \u00e0s ruas para dizer N\u00e3o a Anistia. E dizer N\u00e3o a Anistia\u00a0 vai al\u00e9m dos partidos pol\u00edticos.<\/p>\n<p>Significa defender a democracia, a soberania e garantir que a bandeira brasileira siga verde e amarela.\u00a0 Al\u00e9m disso, \u00e9 uma forma de homenagear os mais de 715 mil mortos pela Covid-19 durante o governo anterior. E uma homenagem aos \u00f3rf\u00e3os da Covid-19, mais de 113 mil crian\u00e7as e adolescentes que ficaram sem um ou sem os dois pais.<\/p>\n<p>O domingo, 21 de setembro, mostrou que n\u00e3o foram esquecidos.<\/p>\n<p>&nbsp;<\/p>\n<p>&nbsp;<\/p>\n","protected":false},"excerpt":{"rendered":"<p>Cosette Castro Bras\u00edlia &#8211; Hoje come\u00e7amos o Blog com\u00a0 um agradecimento e uma homenagem. Agradecimento aos mais de 25 parceiros e apoiadores do Coletivo Filhas da M\u00e3e que tornaram poss\u00edvel a realiza\u00e7\u00e3o da 4a. Caminhada da Mem\u00f3ria, que saiu \u00e0s 9h da quadra 204\/205 do Eix\u00e3o Norte at\u00e9 a quadra 208,\u00a0 onde foram realizadas Atividades P\u00f3s-Caminhada at\u00e9 12h. O domingo, [&hellip;]<\/p>\n","protected":false},"author":126,"featured_media":0,"comment_status":"open","ping_status":"open","sticky":false,"template":"","format":"standard","meta":{"footnotes":""},"categories":[1702,1],"tags":[1684,8,20,7,5,1705,1706,905],"class_list":["post-3491","post","type-post","status-publish","format-standard","hentry","category-4a-caminhada-da-memoria","category-sem-categoria","tag-4a-caminhada-da-memoria","tag-alzheimer","tag-cuidadoras-familiares","tag-demencias","tag-envelhecimento","tag-pec-da-blindagem","tag-politica-nacional-de-cuidado-integral-para-pessoas-com-alzheimer-e-outras-demencias","tag-sociedade-do-cuidado"],"_links":{"self":[{"href":"https:\/\/blogs.correiobraziliense.com.br\/coletivo-filhas-da-mae\/wp-json\/wp\/v2\/posts\/3491","targetHints":{"allow":["GET"]}}],"collection":[{"href":"https:\/\/blogs.correiobraziliense.com.br\/coletivo-filhas-da-mae\/wp-json\/wp\/v2\/posts"}],"about":[{"href":"https:\/\/blogs.correiobraziliense.com.br\/coletivo-filhas-da-mae\/wp-json\/wp\/v2\/types\/post"}],"author":[{"embeddable":true,"href":"https:\/\/blogs.correiobraziliense.com.br\/coletivo-filhas-da-mae\/wp-json\/wp\/v2\/users\/126"}],"replies":[{"embeddable":true,"href":"https:\/\/blogs.correiobraziliense.com.br\/coletivo-filhas-da-mae\/wp-json\/wp\/v2\/comments?post=3491"}],"version-history":[{"count":6,"href":"https:\/\/blogs.correiobraziliense.com.br\/coletivo-filhas-da-mae\/wp-json\/wp\/v2\/posts\/3491\/revisions"}],"predecessor-version":[{"id":3501,"href":"https:\/\/blogs.correiobraziliense.com.br\/coletivo-filhas-da-mae\/wp-json\/wp\/v2\/posts\/3491\/revisions\/3501"}],"wp:attachment":[{"href":"https:\/\/blogs.correiobraziliense.com.br\/coletivo-filhas-da-mae\/wp-json\/wp\/v2\/media?parent=3491"}],"wp:term":[{"taxonomy":"category","embeddable":true,"href":"https:\/\/blogs.correiobraziliense.com.br\/coletivo-filhas-da-mae\/wp-json\/wp\/v2\/categories?post=3491"},{"taxonomy":"post_tag","embeddable":true,"href":"https:\/\/blogs.correiobraziliense.com.br\/coletivo-filhas-da-mae\/wp-json\/wp\/v2\/tags?post=3491"}],"curies":[{"name":"wp","href":"https:\/\/api.w.org\/{rel}","templated":true}]}}