{"id":3473,"date":"2025-09-15T10:27:54","date_gmt":"2025-09-15T13:27:54","guid":{"rendered":"https:\/\/blogs.correiobraziliense.com.br\/coletivo-filhas-da-mae\/?p=3473"},"modified":"2025-09-16T20:03:45","modified_gmt":"2025-09-16T23:03:45","slug":"uma-semana-de-conscientizacao-sobre-as-demencias","status":"publish","type":"post","link":"https:\/\/blogs.correiobraziliense.com.br\/coletivo-filhas-da-mae\/2025\/09\/15\/uma-semana-de-conscientizacao-sobre-as-demencias\/","title":{"rendered":"Uma Semana de Conscientiza\u00e7\u00e3o sobre as Dem\u00eancias"},"content":{"rendered":"<p>Cosette Castro<\/p>\n<p>Bras\u00edlia \u2013 Neste fim de semana de calor e seca, mais um grande nome da m\u00fasica brasileira partiu. Hermeto Pascoal, 89 anos, era considerado um g\u00eanio.<\/p>\n<p>Ele foi multi-instumentista, compositor e uma refer\u00eancia para gera\u00e7\u00f5es de artistas dentro e fora do Brasil.<\/p>\n<p>A m\u00fasica, ali\u00e1s, \u00e9 a \u00faltima mem\u00f3ria que as pessoas com dem\u00eancia perdem. As dem\u00eancias s\u00e3o s\u00edndromes neurodegenerativas progressivas e sem cura que afetam cerca de 50 milh\u00f5es de pessoas no mundo.<\/p>\n<p>No Brasil, as estimativas do Relat\u00f3rio Nacional de Dem\u00eancias (ReNaDe, 2024) apontam que mais de 2 milh\u00f5es de pessoas t\u00eam dem\u00eancia no Brasil. E que cerca de 80% ainda aguardam diagn\u00f3stico.<\/p>\n<p>A mais conhecida das dem\u00eancias \u00e9 o Alzheimer. \u00a0As mulheres, com cerca de 75% dos casos, s\u00e3o as mais afetadas. \u00a0Essas s\u00edndromes n\u00e3o atingem apenas o paciente. Elas atingem toda a fam\u00edlia, em especial as mulheres cuidadoras, que representam 95% do universo do cuidado sem remunera\u00e7\u00e3o, que sofrem diariamente sobrecarga f\u00edsica e emocional.<\/p>\n<p>No m\u00eas do Setembro Roxo, m\u00eas mundial de conscientiza\u00e7\u00e3o sobre as dem\u00eancias, o que se observa \u00e9 a falta de informa\u00e7\u00e3o e o estigma que cercam as pessoas que \u00a0convivem com a s\u00edndrome.<\/p>\n<p>Isso tamb\u00e9m ocorre com os mais de 100 tipos de dem\u00eancia existentes, menos conhecidos ainda, como a Dem\u00eancia Vascular, a Dem\u00eancia Frontotemporal e a Dem\u00eancia por Corpos de Lewy que est\u00e3o entre os cinco tipos mais comuns.<\/p>\n<p>Em suas caminhadas semanais\u00a0 nos domingos pela manh\u00e3 nos parques do Distrito Federal, o Coletivo Filhas da M\u00e3e distribui folhetos informativos sobre fatores modific\u00e1veis para prevenir as dem\u00eancias e tamb\u00e9m informa sobre a diferen\u00e7a entre envelhecimento natural e sintomas de dem\u00eancias.<\/p>\n<p>Apesar do mito de que essas doen\u00e7as neurodegenerativas ocorrem entre pessoas com 60 anos ou mais, \u00e9 importante lembrar que 6% dos casos (ReNaDe, 2024) atingem jovens adultos a partir dos 38,40 anos. S\u00e3o as chamadas dem\u00eancias precoces.<\/p>\n<p>Por falta de conhecimento dos profissionais da sa\u00fade,\u00a0 esses casos ainda recebem diagn\u00f3sticos ligados a transtorno mental, demorando anos at\u00e9 receber o diagn\u00f3stico de dem\u00eancia. Isso causa sofrimento para o paciente e para familiares.\u00a0 Por isso, \u00e9 urgente a forma\u00e7\u00e3o profissional para o envelhecimento saud\u00e1vel e tamb\u00e9m para as dem\u00eancias.<\/p>\n<p>No m\u00eas do Setembro Roxo o Coletivo Filhas da M\u00e3e t\u00eam atividades especiais. Na ter\u00e7a-feira, dia 16, a m\u00e9dica e pesquisadora Cleusa Ferri, coordenadora do Relat\u00f3rio Nacional sobre Dem\u00eancias, estar\u00e1 conversando com a jornalista M\u00f4nica Carvalho, no <strong>Programa de Entrevistas online\u00a0 Terceiras Inten\u00e7\u00f5es<\/strong>, ao vivo, das 19 \u00e0s 20h. (<a href=\"https:\/\/www.youtube.com\/watch?v=SiD_zBwuvmc\">Link Aqui<\/a>)<\/p>\n<p><img loading=\"lazy\" decoding=\"async\" class=\"size-medium wp-image-3475 aligncenter\" src=\"https:\/\/blogs.correiobraziliense.com.br\/coletivo-filhas-da-mae\/wp-content\/uploads\/sites\/60\/2025\/09\/Cleusa-Ferri.-Programa-Terceiras-Inten\u00e7\u00f5es-300x169.jpg\" alt=\"\" width=\"300\" height=\"169\" srcset=\"https:\/\/blogs.correiobraziliense.com.br\/coletivo-filhas-da-mae\/wp-content\/uploads\/sites\/60\/2025\/09\/Cleusa-Ferri.-Programa-Terceiras-Inten\u00e7\u00f5es-300x169.jpg 300w, https:\/\/blogs.correiobraziliense.com.br\/coletivo-filhas-da-mae\/wp-content\/uploads\/sites\/60\/2025\/09\/Cleusa-Ferri.-Programa-Terceiras-Inten\u00e7\u00f5es-768x432.jpg 768w, https:\/\/blogs.correiobraziliense.com.br\/coletivo-filhas-da-mae\/wp-content\/uploads\/sites\/60\/2025\/09\/Cleusa-Ferri.-Programa-Terceiras-Inten\u00e7\u00f5es-1024x576.jpg 1024w, https:\/\/blogs.correiobraziliense.com.br\/coletivo-filhas-da-mae\/wp-content\/uploads\/sites\/60\/2025\/09\/Cleusa-Ferri.-Programa-Terceiras-Inten\u00e7\u00f5es-1440x810.jpg 1440w, https:\/\/blogs.correiobraziliense.com.br\/coletivo-filhas-da-mae\/wp-content\/uploads\/sites\/60\/2025\/09\/Cleusa-Ferri.-Programa-Terceiras-Inten\u00e7\u00f5es-800x450.jpg 800w, https:\/\/blogs.correiobraziliense.com.br\/coletivo-filhas-da-mae\/wp-content\/uploads\/sites\/60\/2025\/09\/Cleusa-Ferri.-Programa-Terceiras-Inten\u00e7\u00f5es-550x309.jpg 550w, https:\/\/blogs.correiobraziliense.com.br\/coletivo-filhas-da-mae\/wp-content\/uploads\/sites\/60\/2025\/09\/Cleusa-Ferri.-Programa-Terceiras-Inten\u00e7\u00f5es-230x129.jpg 230w, https:\/\/blogs.correiobraziliense.com.br\/coletivo-filhas-da-mae\/wp-content\/uploads\/sites\/60\/2025\/09\/Cleusa-Ferri.-Programa-Terceiras-Inten\u00e7\u00f5es.jpg 1600w\" sizes=\"auto, (max-width: 300px) 100vw, 300px\" \/><\/p>\n<p>No dia 19, sexta-feira, haver\u00e1 <strong>Audi\u00eancia P\u00fablica na C\u00e2mara Legislativa do Distrito Federal (CLDF)<\/strong>, \u00e0s 9h, para debater &#8220;o Envelhecimento, as Dem\u00eancias e a Promo\u00e7\u00e3o da Sa\u00fade no Distrito Federal&#8221;. Apesar de ter sido aprovada por unanimidade em 2021 e sancionada pelo Governador Ibaneis, at\u00e9 hoje a Lei Distrital 6926 que disp\u00f5e sobre a pol\u00edtica para tratamento de pessoas com Alzheimer e outras dem\u00eancias e para promo\u00e7\u00e3o da sa\u00fade de quem cuida, n\u00e3o foi implementada.<\/p>\n<p>E no domingo, 21, dia mundial de conscientiza\u00e7\u00e3o sobre o Alzheimer e outras dem\u00eancias, acontece na Capital Federal a <strong>4a. Caminhada da Mem\u00f3ria,<\/strong> a partir das 9h no Eix\u00e3o Norte, saindo da quadra 204\/205 at\u00e9 a quadra 208, (ap\u00f3s o Choro no Eixo). Na quadra 208 Norte mais de 20 entidades\u00a0 parceiras participam das <strong>Atividades P\u00f3s-Caminhada<\/strong> de informa\u00e7\u00e3o e promo\u00e7\u00e3o da sa\u00fade at\u00e9 \u00e0s 12h.<\/p>\n<p>Todas as atividades s\u00e3o abertas\u00a0 e gratuitas para a popula\u00e7\u00e3o.<\/p>\n","protected":false},"excerpt":{"rendered":"<p>Cosette Castro Bras\u00edlia \u2013 Neste fim de semana de calor e seca, mais um grande nome da m\u00fasica brasileira partiu. Hermeto Pascoal, 89 anos, era considerado um g\u00eanio. Ele foi multi-instumentista, compositor e uma refer\u00eancia para gera\u00e7\u00f5es de artistas dentro e fora do Brasil. A m\u00fasica, ali\u00e1s, \u00e9 a \u00faltima mem\u00f3ria que as pessoas com dem\u00eancia perdem. As dem\u00eancias s\u00e3o [&hellip;]<\/p>\n","protected":false},"author":126,"featured_media":0,"comment_status":"open","ping_status":"open","sticky":false,"template":"","format":"standard","meta":{"footnotes":""},"categories":[1],"tags":[],"class_list":["post-3473","post","type-post","status-publish","format-standard","hentry","category-sem-categoria"],"_links":{"self":[{"href":"https:\/\/blogs.correiobraziliense.com.br\/coletivo-filhas-da-mae\/wp-json\/wp\/v2\/posts\/3473","targetHints":{"allow":["GET"]}}],"collection":[{"href":"https:\/\/blogs.correiobraziliense.com.br\/coletivo-filhas-da-mae\/wp-json\/wp\/v2\/posts"}],"about":[{"href":"https:\/\/blogs.correiobraziliense.com.br\/coletivo-filhas-da-mae\/wp-json\/wp\/v2\/types\/post"}],"author":[{"embeddable":true,"href":"https:\/\/blogs.correiobraziliense.com.br\/coletivo-filhas-da-mae\/wp-json\/wp\/v2\/users\/126"}],"replies":[{"embeddable":true,"href":"https:\/\/blogs.correiobraziliense.com.br\/coletivo-filhas-da-mae\/wp-json\/wp\/v2\/comments?post=3473"}],"version-history":[{"count":5,"href":"https:\/\/blogs.correiobraziliense.com.br\/coletivo-filhas-da-mae\/wp-json\/wp\/v2\/posts\/3473\/revisions"}],"predecessor-version":[{"id":3481,"href":"https:\/\/blogs.correiobraziliense.com.br\/coletivo-filhas-da-mae\/wp-json\/wp\/v2\/posts\/3473\/revisions\/3481"}],"wp:attachment":[{"href":"https:\/\/blogs.correiobraziliense.com.br\/coletivo-filhas-da-mae\/wp-json\/wp\/v2\/media?parent=3473"}],"wp:term":[{"taxonomy":"category","embeddable":true,"href":"https:\/\/blogs.correiobraziliense.com.br\/coletivo-filhas-da-mae\/wp-json\/wp\/v2\/categories?post=3473"},{"taxonomy":"post_tag","embeddable":true,"href":"https:\/\/blogs.correiobraziliense.com.br\/coletivo-filhas-da-mae\/wp-json\/wp\/v2\/tags?post=3473"}],"curies":[{"name":"wp","href":"https:\/\/api.w.org\/{rel}","templated":true}]}}