{"id":3457,"date":"2025-09-08T09:47:26","date_gmt":"2025-09-08T12:47:26","guid":{"rendered":"https:\/\/blogs.correiobraziliense.com.br\/coletivo-filhas-da-mae\/?p=3457"},"modified":"2025-09-08T09:47:26","modified_gmt":"2025-09-08T12:47:26","slug":"o-ultimo-azul-e-outras-distopias","status":"publish","type":"post","link":"https:\/\/blogs.correiobraziliense.com.br\/coletivo-filhas-da-mae\/2025\/09\/08\/o-ultimo-azul-e-outras-distopias\/","title":{"rendered":"O \u00daltimo Azul e Outras Distopias"},"content":{"rendered":"<p>Cosette Castro &amp; Vicente Faleiros<\/p>\n<p>Bras\u00edlia \u2013 Este domingo o Coletivo Filhas da M\u00e3e abriu, na Capital Federal, a campanha Setembro Roxo, m\u00eas de conscientiza\u00e7\u00e3o sobre as dem\u00eancias, entre elas o Alzheimer. A abertura ocorreu no Parque Olhos D\u2019\u00c1gua, com distribui\u00e7\u00e3o de folhetos informativos \u00e0 popula\u00e7\u00e3o e fala sobre preven\u00e7\u00e3o de dem\u00eancias durante a apresenta\u00e7\u00e3o musical do Coletivo Caf\u00e9 com Chorinho.<\/p>\n<p>Enquanto isso, o verde e amarelo se estenderam na Esplanada dos Minist\u00e9rios com desfile que teve como tema a soberania brasileira. Milhares de pessoas foram \u00e0s ruas para aplaudir o Brasil, o lugar onde nascemos e onde vivemos em uma democracia.<\/p>\n<p>Em outro estado, alguns preferiram estender uma bandeira estrangeira em pleno solo brasileiro. Sem medo ou vergonha, pois vivemos em uma democracia. Eles escrevem em ingl\u00eas, usam roupas e bon\u00e9s que glorificam um pa\u00eds estrangeiro com o desejo de que fosse o seu. Mas n\u00e3o \u00e9.<\/p>\n<p>Enquanto uns vivem a fantasia de serem subordinados a outro pa\u00eds, trazemos como convidado, o professor em\u00e9rito da UnB, Vicente Faleiros, 84 anos, pesquisador na \u00e1rea do envelhecimento. Ele comenta o \u00a0filme \u2018O \u00daltimo Azul\u201d, uma distopia cujo governo quer sumir com seus velhos e velhas.<\/p>\n<p><img loading=\"lazy\" decoding=\"async\" class=\"alignnone  wp-image-3458 aligncenter\" src=\"https:\/\/blogs.correiobraziliense.com.br\/coletivo-filhas-da-mae\/wp-content\/uploads\/sites\/60\/2025\/09\/foto.folheto2025-226x300.jpg\" alt=\"\" width=\"195\" height=\"259\" srcset=\"https:\/\/blogs.correiobraziliense.com.br\/coletivo-filhas-da-mae\/wp-content\/uploads\/sites\/60\/2025\/09\/foto.folheto2025-226x300.jpg 226w, https:\/\/blogs.correiobraziliense.com.br\/coletivo-filhas-da-mae\/wp-content\/uploads\/sites\/60\/2025\/09\/foto.folheto2025-768x1021.jpg 768w, https:\/\/blogs.correiobraziliense.com.br\/coletivo-filhas-da-mae\/wp-content\/uploads\/sites\/60\/2025\/09\/foto.folheto2025-771x1024.jpg 771w, https:\/\/blogs.correiobraziliense.com.br\/coletivo-filhas-da-mae\/wp-content\/uploads\/sites\/60\/2025\/09\/foto.folheto2025-800x1063.jpg 800w, https:\/\/blogs.correiobraziliense.com.br\/coletivo-filhas-da-mae\/wp-content\/uploads\/sites\/60\/2025\/09\/foto.folheto2025-550x731.jpg 550w, https:\/\/blogs.correiobraziliense.com.br\/coletivo-filhas-da-mae\/wp-content\/uploads\/sites\/60\/2025\/09\/foto.folheto2025-230x306.jpg 230w, https:\/\/blogs.correiobraziliense.com.br\/coletivo-filhas-da-mae\/wp-content\/uploads\/sites\/60\/2025\/09\/foto.folheto2025.jpg 1204w\" sizes=\"auto, (max-width: 195px) 100vw, 195px\" \/><\/p>\n<p>Vicente Faleiros \u2013 \u201cO filme O \u00daltimo Azul, de Gabriel Mascaro, ganhou o Urso de Prata no Festival de Berlim de 2025. Ele \u00e9 estrelado por Denise Weinberg, Rodrigo Santoro e Miriam Socarras. A obra prima pela fotografia de Guillermo Garza e pela m\u00fasica de Memo Guerra. O cen\u00e1rio \u00e9 a Amaz\u00f4nia com sua economia e cultura populares, suas palafitas e sua exuber\u00e2ncia.<\/p>\n<p>Ele trata da estrutura\u00e7\u00e3o e da desestrutura\u00e7\u00e3o do idadismo ou preconceito para com as pessoas idosas. Em artigo sobre idadismo na Revista Oikos, conceituo o idadismo como a estrutura\u00e7\u00e3o de \u2018um lugar sem lugar\u2019 para pessoas idosas na sociedade capitalista competitiva. O lugar do qual a personagem Tereza busca fugir \u00e9 de uma col\u00f4nia governamental que est\u00e1 confinando idosos.<\/p>\n<p>Nesse local, ela seria privada de sua vida pessoal, de sua cultura, de seus contatos e desejos. A busca da realiza\u00e7\u00e3o de si mesma na velhice tem ra\u00edzes que a col\u00f4nia cortaria radicalmente, pois ser radical \u00e9 viver com suas ra\u00edzes. Pessoas idosas se desenvolvem com as ra\u00edzes hist\u00f3ricas que as constituem.<\/p>\n<p>Tereza usa de estratagemas para encontrar uma outra vida fora da col\u00f4nia, construindo rela\u00e7\u00f5es em uma viagem pelos rios e aglomerados ribeirinhos refazendo suas ra\u00edzes com liberdade e dificuldades.<\/p>\n<p>A liberdade de envelhecer precisa romper os grilh\u00f5es do idadismo mesmo com estratagemas que exigem quebra das burocracias que aprisionam as pessoas idosas. Tereza busca vencer burocracias e repress\u00f5es ainda que seja necess\u00e1rio comprar sua liberdade com os poucos recursos de que disp\u00f5e. Ela \u00e9 uma oper\u00e1ria de um frigorifico de jacar\u00e9s.<\/p>\n<p>A fam\u00edlia \u00a0de Tereza n\u00e3o aceita sua liberdade, mas ela busca a desestrutura\u00e7\u00e3o das amarras e a autonomia do envelhecer com aprendizagem de novos modos de viver seus 77 anos. Tereza busca a reinven\u00e7\u00e3o do seu corpo e da cultura, aprendendo at\u00e9 mesmo a conduzir o seu barco e usar dispositivos para tornar a vida mais azul.<\/p>\n<p>A reinven\u00e7\u00e3o da velhice com liberdade em uma sociedade com mais longevidade e discrimina\u00e7\u00e3o \u00e9 um processo que exige a ruptura dos preconceitos e das rela\u00e7\u00f5es de viol\u00eancia contra as pessoas idosas.<\/p>\n<p>Nesse sentido, o filme contribui para pensar o envelhecimento na din\u00e2mica das opress\u00f5es e mesmo de apropria\u00e7\u00f5es do fruto financeiro dos trabalhos exercidos durante sua vida. Os recursos das aposentadorias s\u00e3o resultado do trabalho e precisam ser usados conforme a decis\u00e3o aut\u00f4noma das pessoas idosas.\u201d<\/p>\n<p>No Coletivo Filhas da M\u00e3e seguimos acreditando no Brasil e na for\u00e7a das 35 milh\u00f5es de pessoas idosas que ajudaram e seguem ajudando a construir o pa\u00eds.<\/p>\n","protected":false},"excerpt":{"rendered":"<p>Cosette Castro &amp; Vicente Faleiros Bras\u00edlia \u2013 Este domingo o Coletivo Filhas da M\u00e3e abriu, na Capital Federal, a campanha Setembro Roxo, m\u00eas de conscientiza\u00e7\u00e3o sobre as dem\u00eancias, entre elas o Alzheimer. A abertura ocorreu no Parque Olhos D\u2019\u00c1gua, com distribui\u00e7\u00e3o de folhetos informativos \u00e0 popula\u00e7\u00e3o e fala sobre preven\u00e7\u00e3o de dem\u00eancias durante a apresenta\u00e7\u00e3o musical do Coletivo Caf\u00e9 com [&hellip;]<\/p>\n","protected":false},"author":126,"featured_media":0,"comment_status":"open","ping_status":"open","sticky":false,"template":"","format":"standard","meta":{"footnotes":""},"categories":[1697],"tags":[8,903,7,1701,5,1699,106,1698,904,1700,263,345],"class_list":["post-3457","post","type-post","status-publish","format-standard","hentry","category-setembro-roxo-2025","tag-alzheimer","tag-cafe-com-chorinho","tag-demencias","tag-denise-weinberg","tag-envelhecimento","tag-gabriel-mascaro","tag-idadismo","tag-o-ultimo-azul","tag-parque-olhos-dagua","tag-rodrigo-santoro","tag-setembro-roxo","tag-vicente-faleiros"],"_links":{"self":[{"href":"https:\/\/blogs.correiobraziliense.com.br\/coletivo-filhas-da-mae\/wp-json\/wp\/v2\/posts\/3457","targetHints":{"allow":["GET"]}}],"collection":[{"href":"https:\/\/blogs.correiobraziliense.com.br\/coletivo-filhas-da-mae\/wp-json\/wp\/v2\/posts"}],"about":[{"href":"https:\/\/blogs.correiobraziliense.com.br\/coletivo-filhas-da-mae\/wp-json\/wp\/v2\/types\/post"}],"author":[{"embeddable":true,"href":"https:\/\/blogs.correiobraziliense.com.br\/coletivo-filhas-da-mae\/wp-json\/wp\/v2\/users\/126"}],"replies":[{"embeddable":true,"href":"https:\/\/blogs.correiobraziliense.com.br\/coletivo-filhas-da-mae\/wp-json\/wp\/v2\/comments?post=3457"}],"version-history":[{"count":3,"href":"https:\/\/blogs.correiobraziliense.com.br\/coletivo-filhas-da-mae\/wp-json\/wp\/v2\/posts\/3457\/revisions"}],"predecessor-version":[{"id":3461,"href":"https:\/\/blogs.correiobraziliense.com.br\/coletivo-filhas-da-mae\/wp-json\/wp\/v2\/posts\/3457\/revisions\/3461"}],"wp:attachment":[{"href":"https:\/\/blogs.correiobraziliense.com.br\/coletivo-filhas-da-mae\/wp-json\/wp\/v2\/media?parent=3457"}],"wp:term":[{"taxonomy":"category","embeddable":true,"href":"https:\/\/blogs.correiobraziliense.com.br\/coletivo-filhas-da-mae\/wp-json\/wp\/v2\/categories?post=3457"},{"taxonomy":"post_tag","embeddable":true,"href":"https:\/\/blogs.correiobraziliense.com.br\/coletivo-filhas-da-mae\/wp-json\/wp\/v2\/tags?post=3457"}],"curies":[{"name":"wp","href":"https:\/\/api.w.org\/{rel}","templated":true}]}}