{"id":3440,"date":"2025-09-01T09:00:04","date_gmt":"2025-09-01T12:00:04","guid":{"rendered":"https:\/\/blogs.correiobraziliense.com.br\/coletivo-filhas-da-mae\/?p=3440"},"modified":"2025-08-31T23:34:14","modified_gmt":"2025-09-01T02:34:14","slug":"entre-o-amarelo-e-o-roxo-setembro-e-um-mes-de-muitas-cores","status":"publish","type":"post","link":"https:\/\/blogs.correiobraziliense.com.br\/coletivo-filhas-da-mae\/2025\/09\/01\/entre-o-amarelo-e-o-roxo-setembro-e-um-mes-de-muitas-cores\/","title":{"rendered":"Entre o Amarelo e o Roxo, Setembro \u00e9 um M\u00eas de Muitas Cores"},"content":{"rendered":"<p>Cosette Castro<\/p>\n<p>Bras\u00edlia \u2013 Estamos entrando em setembro, um m\u00eas especial no que diz respeito \u00e0s campanhas p\u00fablicas de sa\u00fade. Cinco campanhas ocorrem neste m\u00eas, entre elas o Setembro Amarelo e o Setembro Roxo.<\/p>\n<p>No Brasil, o \u00a0Setembro Amarelo come\u00e7a no primeiro dia do m\u00eas. Setembro foi escolhido para a campanha porque, desde 2003, o dia 10 de setembro \u00e9 o Dia Mundial de Preven\u00e7\u00e3o do Suic\u00eddio. Em 2025 a campanha tem como lema: \u201c Se Precisar, Pe\u00e7a Ajuda!\u201d<\/p>\n<p>Os n\u00fameros sobre a sa\u00fade mental da popula\u00e7\u00e3o seguem preocupantes, j\u00e1 que o Brasil vive uma<strong>\u00a0<\/strong>crise de sa\u00fade mental\u00a0com impacto direto na vida de trabalhadoras e trabalhadores e das empresas. Mas n\u00e3o apenas de quem trabalha no mercado formal. Dados da Organiza\u00e7\u00e3o Mundial da Sa\u00fade (OMS, 2024), apontam o\u00a0 Brasil como o pa\u00eds com maior preval\u00eancia de transtornos de ansiedade (9,3% da popula\u00e7\u00e3o) e um dos que mais registram casos de depress\u00e3o.<\/p>\n<p>O estresse, a press\u00e3o por resultados, jornadas excessivas, a falta de reconhecimento e quest\u00f5es financeiras s\u00e3o fatores que contribuem para o esgotamento mental. O esgotamento \u00e9 um problema que pode levar ao desenvolvimento de transtornos mentais, incluindo depress\u00e3o, ansiedade e, em casos extremos, ao suic\u00eddio.<\/p>\n<p>Os dados do Minist\u00e9rio da Previd\u00eancia Social sobre afastamentos do trabalho apontam a gravidade da crise.<\/p>\n<p>Em 2024, foram\u00a0quase meio milh\u00e3o de afastamentos, o que revela a sobrecarga f\u00edsica e mental da popula\u00e7\u00e3o em um pa\u00eds onde pelo menos 75% dos trabalhadores t\u00eam uma carga semanal de 40 horas de atua\u00e7\u00e3o ou mais, segundo a Pesquisa Nacional por Amostragem de Domic\u00edlio (PNAD, 2022). Al\u00e9m disso, quase um ter\u00e7o das pessoas (32,6%) trabalha mais do que 44 horas semanais.<\/p>\n<p>Isso sem contar o trabalho de cuidado dom\u00e9stico e de cuidados familiares n\u00e3o remunerado feito majoritariamente por mulheres. Ele ainda n\u00e3o entra nos c\u00e1lculos oficiais como horas de trabalho realizado, ainda que gratuitamente.<\/p>\n<p>Se entrasse, seria poss\u00edvel notar que o cuidado sem remunera\u00e7\u00e3o, aliado \u00a0a sobrecarga de atividades, \u00e0 desigualdade social, \u00a0a redu\u00e7\u00e3o dos direitos sociais, o trabalho informal, as horas passadas dentro de \u00f4nibus e metr\u00f4s para ir e voltar do trabalho, a viol\u00eancia dom\u00e9stica e os or\u00e7amentos que n\u00e3o chegam ao final do m\u00eas pioram significativamente \u00a0a sa\u00fade mental da popula\u00e7\u00e3o. Em especial a das mulheres.<\/p>\n<p>Pesquisa realizada pela Funda\u00e7\u00e3o Get\u00falio Vargas IBRE (2024) baseada em dados do IBGE (2022) mostrou que o percentual de mulheres chefes de fam\u00edlia superou o de homens, alcan\u00e7ando 51,7%, ou seja 41,3 milh\u00f5es de pessoas. A maior parte das mulheres \u00e9 negra (53%) e com baixa escolaridade. O rendimento m\u00e9dio delas \u00e9 32% menor do que os homens.<\/p>\n<p>J\u00e1 em lares de mulheres com filhos e sem c\u00f4njuge, as m\u00e3es solo, a diferen\u00e7a salarial \u00e9 ainda maior: chega a 41% em rela\u00e7\u00e3o a homens nas mesmas condi\u00e7\u00f5es. S\u00e3o muitos os desafios di\u00e1rios para manter a sa\u00fade mental.<\/p>\n<p>Por outro lado, a Pol\u00edtica Nacional de Cuidados aprovada em dezembro de 2024 reconhece o cuidado como trabalho e reconhece tamb\u00e9m a corresponsabilidade dos homens, da sociedade, das empresas e do Estado no cuidado. Quando todos \u00a0assumirem a corresponsabilidade no cuidado, ser\u00e1 poss\u00edvel\u00a0 reduzir a sobrecarga das mulheres cuidadoras.<\/p>\n<p>Embora um passo importante tenha sido dado, junto como decreto do Plano Nacional de Cuidado em 2025, ainda vai \u00a0demorar para a realidade das mulheres brasileiras ser modificada. As mudan\u00e7as precisam ser divulgadas para a popula\u00e7\u00e3o. S\u00e3o necess\u00e1rias campanhas nacionais para gerar mudan\u00e7a de comportamento nas fam\u00edlias, nas empresas e em todos os \u00e2mbitos do governo.<\/p>\n<p><strong>O m\u00eas de setembro tamb\u00e9m \u00e9 roxo<\/strong><\/p>\n<p>\u00c9 o m\u00eas mundial de conscientiza\u00e7\u00e3o sobre as dem\u00eancias, doen\u00e7as neurodegenetarivas, onde o <a href=\"https:\/\/saude.abril.com.br\/medicina\/alzheimer-novidades-da-ciencia-para-salvar-as-engrenagens-do-cerebro\/\">Alzheimer<\/a> \u00e9 a mais conhecida. No Brasil, quase 60% dos casos poderiam ser evitados ou adiados com o controle de fatores de risco conhecidos, de acordo com estudo realizado por pesquisadoras brasileiras e publicado em 2025.<\/p>\n<p>Entre os fatores de risco que mais aparecem no Brasil est\u00e3o a baixa escolaridade,\u00a0 a depress\u00e3o na meia idade e a perda da vis\u00e3o n\u00e3o tratada. Por isso, \u00e9 urgente a aten\u00e7\u00e3o \u00e0 sa\u00fade mental, a melhora nos n\u00edveis educacionais e o cuidado com a vis\u00e3o.<\/p>\n<p>Segundo a m\u00e9dica Claudia Suemoto, respons\u00e1vel pela execu\u00e7\u00e3o da pesquisa, no que diz respeito \u00e0 depress\u00e3o, h\u00e1 duas possibilidades. Uma delas \u00e9 que, quando n\u00e3o tratada, a doen\u00e7a leva ao isolamento social e reduz oportunidades de estimula\u00e7\u00e3o cognitiva. \u00c9 prov\u00e1vel ainda que haja um mecanismo biol\u00f3gico direto que, ao longo do tempo, possa contribuir para o desenvolvimento de dem\u00eancia.<\/p>\n<p>Em 2025 o tema da campanha \u00e9 &#8220;Pergunte sobre Alzheimer: dem\u00eancia sem tabu&#8221;.<\/p>\n<p>Durante o m\u00eas de setembro o Coletivo Filhas da M\u00e3e estar\u00e1 realizando atividades informativas sobre as dem\u00eancias. A primeira delas ser\u00e1 a\u00a0 caminhada e distribui\u00e7\u00e3o de folhetos no Parque Olhos D\u00b4\u00c1gua, em Bras\u00edlia no primeiro domingo do m\u00eas, dia 07\/09.<\/p>\n","protected":false},"excerpt":{"rendered":"<p>Cosette Castro Bras\u00edlia \u2013 Estamos entrando em setembro, um m\u00eas especial no que diz respeito \u00e0s campanhas p\u00fablicas de sa\u00fade. Cinco campanhas ocorrem neste m\u00eas, entre elas o Setembro Amarelo e o Setembro Roxo. No Brasil, o \u00a0Setembro Amarelo come\u00e7a no primeiro dia do m\u00eas. Setembro foi escolhido para a campanha porque, desde 2003, o dia 10 de setembro \u00e9 [&hellip;]<\/p>\n","protected":false},"author":126,"featured_media":0,"comment_status":"open","ping_status":"open","sticky":false,"template":"","format":"standard","meta":{"footnotes":""},"categories":[1692],"tags":[7,133,1693],"class_list":["post-3440","post","type-post","status-publish","format-standard","hentry","category-setembro-roxo-e-amarelo","tag-demencias","tag-saude-mental","tag-setembro-roxo-2025"],"_links":{"self":[{"href":"https:\/\/blogs.correiobraziliense.com.br\/coletivo-filhas-da-mae\/wp-json\/wp\/v2\/posts\/3440","targetHints":{"allow":["GET"]}}],"collection":[{"href":"https:\/\/blogs.correiobraziliense.com.br\/coletivo-filhas-da-mae\/wp-json\/wp\/v2\/posts"}],"about":[{"href":"https:\/\/blogs.correiobraziliense.com.br\/coletivo-filhas-da-mae\/wp-json\/wp\/v2\/types\/post"}],"author":[{"embeddable":true,"href":"https:\/\/blogs.correiobraziliense.com.br\/coletivo-filhas-da-mae\/wp-json\/wp\/v2\/users\/126"}],"replies":[{"embeddable":true,"href":"https:\/\/blogs.correiobraziliense.com.br\/coletivo-filhas-da-mae\/wp-json\/wp\/v2\/comments?post=3440"}],"version-history":[{"count":9,"href":"https:\/\/blogs.correiobraziliense.com.br\/coletivo-filhas-da-mae\/wp-json\/wp\/v2\/posts\/3440\/revisions"}],"predecessor-version":[{"id":3449,"href":"https:\/\/blogs.correiobraziliense.com.br\/coletivo-filhas-da-mae\/wp-json\/wp\/v2\/posts\/3440\/revisions\/3449"}],"wp:attachment":[{"href":"https:\/\/blogs.correiobraziliense.com.br\/coletivo-filhas-da-mae\/wp-json\/wp\/v2\/media?parent=3440"}],"wp:term":[{"taxonomy":"category","embeddable":true,"href":"https:\/\/blogs.correiobraziliense.com.br\/coletivo-filhas-da-mae\/wp-json\/wp\/v2\/categories?post=3440"},{"taxonomy":"post_tag","embeddable":true,"href":"https:\/\/blogs.correiobraziliense.com.br\/coletivo-filhas-da-mae\/wp-json\/wp\/v2\/tags?post=3440"}],"curies":[{"name":"wp","href":"https:\/\/api.w.org\/{rel}","templated":true}]}}