{"id":3416,"date":"2025-08-25T18:33:34","date_gmt":"2025-08-25T21:33:34","guid":{"rendered":"https:\/\/blogs.correiobraziliense.com.br\/coletivo-filhas-da-mae\/?p=3416"},"modified":"2025-08-25T18:38:34","modified_gmt":"2025-08-25T21:38:34","slug":"mais-uma-maria-sem-cuidado","status":"publish","type":"post","link":"https:\/\/blogs.correiobraziliense.com.br\/coletivo-filhas-da-mae\/2025\/08\/25\/mais-uma-maria-sem-cuidado\/","title":{"rendered":"Mais Uma Maria Sem Cuidado"},"content":{"rendered":"<div class=\"adn ads\">\n<div class=\"gs\">\n<div class=\"\">\n<div id=\":oj\" class=\"ii gt\">\n<div id=\":oi\" class=\"a3s aiL \">\n<div dir=\"auto\">\n<p dir=\"auto\">Cosette Castro<\/p>\n<p dir=\"auto\">Bras\u00edlia &#8211; Chegando ao final do agosto lil\u00e1s, m\u00eas de conscientiza\u00e7\u00e3o sobre a viol\u00eancia contra as mulheres, trazemos mais uma hist\u00f3ria de Maria.<\/p>\n<p dir=\"auto\">A Maria de hoje representa milh\u00f5es de Marias,\u00a0 Adrianas,\u00a0 Simones, Andreias ou M\u00e1rcias em um Brasil cuja popula\u00e7\u00e3o feminina \u00e9 de 51,5% (IBGE, 2022).\u00a0Muitas delas precisam abandonar a casa, o bairro, a cidade e at\u00e9 o estado para sobreviver.<\/p>\n<p dir=\"auto\">Vivemos em uma Sociedade da Viol\u00eancia contra as mulheres. E as viol\u00eancias se apresentam de diferentes formas.<\/p>\n<p dir=\"auto\">Uma delas \u00e9 a invisibilidade da sobrecarga de trabalho dom\u00e9stico e do trabalho de cuidado de familiares. Passa pelos sal\u00e1rios desiguais entre homens e mulheres. E inclui viol\u00eancia dom\u00e9stica f\u00edsica, moral, com humilha\u00e7\u00f5es, psicol\u00f3gica, sexual e financeira por namorados e companheiros ou exs.<\/p>\n<p dir=\"auto\">O Brasil \u00e9 um pa\u00eds perigoso em especial para mulheres negras e pardas que vivem em situa\u00e7\u00e3o de fragilidade social. Mas\u00a0 n\u00e3o se engane. A viol\u00eancia dom\u00e9stica transpassa todas as classes sociais, ra\u00e7a ou etnia, e idades. E, em muitos casos, segue ap\u00f3s os 60 anos.<\/p>\n<p dir=\"auto\">Basta ver as constantes not\u00edcias de mulheres que mal conseguiram sobreviver aos ataques de atuais ou ex-namorados\/companheiros.<\/p>\n<p dir=\"auto\">H\u00e1 v\u00e1rios relatos nos notici\u00e1rios\u00a0 de rostos e corpos destru\u00eddos, de mulheres h\u00e1 meses em recupera\u00e7\u00e3o f\u00edsica e emocional em diferentes hospitais do pa\u00eds. E casos de descarado sadismo masculino, onde h\u00e1 prazer em infringir dor e sofrimento \u00e0s mulheres.<\/p>\n<p dir=\"auto\">As viol\u00eancias come\u00e7am desde cedo. Meninas e adolescentes sofrem o risco dos estupro dentro da pr\u00f3pria casa. Em 2023, o Brasil registrou um estupro a cada seis minutos. Nove de cada 10 v\u00edtimas eram meninas de menos de 14 anos. Todos os anos cerca de 20 mil meninas d\u00e3o a luz.<\/p>\n<p dir=\"auto\">Por motivos moralistas ou\u00a0 religiosos, a muitas delas \u00e9 negado o direito ao aborto em corpos de 10, 12, 14 anos. Corpos ainda em forma\u00e7\u00e3o, sem condi\u00e7\u00f5es biol\u00f3gicas\u00a0 de gerar outro ser.<\/p>\n<p dir=\"auto\">Por isso, todos os dias vale lembrar que crian\u00e7a n\u00e3o \u00e9 m\u00e3e. E estrupador n\u00e3o \u00e9 pai. \u00c9 um criminoso.<\/p>\n<p dir=\"auto\">N\u00e3o por acaso, o Brasil \u00e9 o quinto pa\u00eds do mundo em casamento infantil, um absurdo que n\u00e3o deveria ser permitido por nenhum pai ou m\u00e3e. Nem pelo Estado.<\/p>\n<p dir=\"auto\">Viol\u00eancia expl\u00edcita<\/p>\n<p dir=\"auto\">Em uma d\u00e9cada,\u00a047,4 mil mulheres foram assassinadas no Brasil. Em 2023 ocorreram 3.903 feminic\u00eddios. Esses n\u00fameros, segundo o IPEA (2025), representam apenas 37% dos casos. S\u00e3o aqueles que foram nominados como feminic\u00eddios. E isso ainda dependende de quem atende o\u00a0 ocorrido. Ainda h\u00e1 muita subnotifica\u00e7\u00e3o sobre o assassinato de mulheres.<\/p>\n<p dir=\"auto\">Apesar de todos os programas de prote\u00e7\u00e3o, muitos homens acreditam que podem sair impunes e livres. Muitos, sequer respeitam medidas protetivas. E seguem perseguindo e amea\u00e7ando as ex-namoradas\/companheiras. Este \u00e9 o caso da Maria da Silva, cujo relato segue abaixo.<\/p>\n<p dir=\"auto\">A Maria tem 39 anos. Dois filhos. O primeiro companheiro a abandonou quando soube da gravidez. O segundo tamb\u00e9m. Maria contava com a ajuda da fam\u00edlia para poder trabalhar e cuidar da m\u00e3e em Taguatinga.<\/p>\n<p dir=\"auto\">Ano passado, ela pensou que finalmente tinha encontrado o &#8220;homem certo&#8221;.\u00a0 Bom com os filhos, atencioso com a m\u00e3e. At\u00e9 descobrir que ele a seguia\u00a0 quando ia a encontros com amigas ou familiares. N\u00e3o, n\u00e3o era coincid\u00eancia se encontrarem logo ali &#8220;naquela quadra&#8221;.<\/p>\n<p dir=\"auto\">Depois ele come\u00e7ou a falar da roupa. Logo ela que sempre ia a igreja e se comportava.<\/p>\n<p dir=\"auto\">Ele\u00a0 tamb\u00e9m come\u00e7ou a\u00a0 fazer chantagem: &#8220;se ela o\u00a0 amava&#8221;\u00a0 diria a senha do celular. Por amor, para n\u00e3o brigar, ela cedeu. Isso s\u00f3 aumentou o ci\u00fames e os controles.<\/p>\n<p dir=\"auto\">Maria decidiu terminar quando ele, em um ataque de ci\u00fames, a levantou pelos cabelos de uma cadeira. E deu umas sacudidas nela, porque &#8220;ela mereceu&#8221;.\u00a0A vida virou um inferno de persegui\u00e7\u00f5es e amea\u00e7as em Taguatinga. Mas ela n\u00e3o queria ir embora do Distrito Federal.<\/p>\n<p dir=\"auto\">Ela tinha seu cantinho, os filhos na escola e a m\u00e3e pra cuidar. Mas a sua vida estava em jogo. Come\u00e7ou a ter de dormir na casa de amigas, parentes e at\u00e9 da sua chefe.<\/p>\n<p dir=\"auto\">H\u00e1 dois meses Maria deixou o DF. Foram muitas horas dentro de um \u00f4nibus com as crian\u00e7as at\u00e9 chegar ao Maranh\u00e3o.<\/p>\n<p dir=\"auto\">Maria ainda passa noites sem dormir. Acorda com pesadelos na casa dos parentes. Ela n\u00e3o \u00e9 mais cuidadora da m\u00e3e e n\u00e3o conseguiu novo emprego. S\u00f3 faxinas espor\u00e1dicas.<\/p>\n<p dir=\"auto\">Maria, como milh\u00f5es de mulheres no pa\u00eds, est\u00e1 come\u00e7ando a vida do zero, com dois filhos, solidariedade familiar e\u00a0 um pouco de dinheiro que estava acabando. Ela \u00e9 Maria da Silva. E poderia ser a hist\u00f3ria da maioria de n\u00f3s.<\/p>\n<p dir=\"auto\">No entanto, as mulheres est\u00e3o mudando. Elas est\u00e3o denunciando, organizando Conferer\u00eancias Livres e a V Confer\u00eancia Nacional de Pol\u00edticas para Mulheres. Hoje crian\u00e7as, adolescentes e jovens de todos os g\u00eaneros, quando reconhecem, n\u00e3o aceitam a viol\u00eancia. A sua maneira, contribuem para a constru\u00e7\u00e3o da Sociedade do Cuidado. Uma puxa a outra.<\/p>\n<\/div>\n<p class=\"yj6qo\">PS: O Minist\u00e9rio do Desenvolvimento Social (MSD) lan\u00e7ou edital\u00a0(<a href=\"https:\/\/www.in.gov.br\/en\/web\/dou\/-\/portaria-mds-n-1.108-de-21-de-agosto-de-2025-650491268\">leia aqui<\/a>) para que a sociedade civil participe do Comit\u00ea Estrat\u00e9gico do Plano Nacional de Cuidados.<\/p>\n<p class=\"adL\">\n<\/div>\n<\/div>\n<p class=\"WhmR8e\">\n<\/div>\n<\/div>\n<p class=\"ajx\">\n<\/div>\n<div class=\"gA gt acV\">\n<div class=\"gB xu\">\n<div class=\"ip iq\"><\/div>\n<\/div>\n<\/div>\n","protected":false},"excerpt":{"rendered":"<p>Cosette Castro Bras\u00edlia &#8211; Chegando ao final do agosto lil\u00e1s, m\u00eas de conscientiza\u00e7\u00e3o sobre a viol\u00eancia contra as mulheres, trazemos mais uma hist\u00f3ria de Maria. A Maria de hoje representa milh\u00f5es de Marias,\u00a0 Adrianas,\u00a0 Simones, Andreias ou M\u00e1rcias em um Brasil cuja popula\u00e7\u00e3o feminina \u00e9 de 51,5% (IBGE, 2022).\u00a0Muitas delas precisam abandonar a casa, o bairro, a cidade e at\u00e9 [&hellip;]<\/p>\n","protected":false},"author":126,"featured_media":0,"comment_status":"open","ping_status":"open","sticky":false,"template":"","format":"standard","meta":{"footnotes":""},"categories":[1103],"tags":[1264,20,4,1120,905],"class_list":["post-3416","post","type-post","status-publish","format-standard","hentry","category-violencia-contra-as-mulheres","tag-agosto-lilas","tag-cuidadoras-familiares","tag-mulheres","tag-sociedade-da-violencia","tag-sociedade-do-cuidado"],"_links":{"self":[{"href":"https:\/\/blogs.correiobraziliense.com.br\/coletivo-filhas-da-mae\/wp-json\/wp\/v2\/posts\/3416","targetHints":{"allow":["GET"]}}],"collection":[{"href":"https:\/\/blogs.correiobraziliense.com.br\/coletivo-filhas-da-mae\/wp-json\/wp\/v2\/posts"}],"about":[{"href":"https:\/\/blogs.correiobraziliense.com.br\/coletivo-filhas-da-mae\/wp-json\/wp\/v2\/types\/post"}],"author":[{"embeddable":true,"href":"https:\/\/blogs.correiobraziliense.com.br\/coletivo-filhas-da-mae\/wp-json\/wp\/v2\/users\/126"}],"replies":[{"embeddable":true,"href":"https:\/\/blogs.correiobraziliense.com.br\/coletivo-filhas-da-mae\/wp-json\/wp\/v2\/comments?post=3416"}],"version-history":[{"count":8,"href":"https:\/\/blogs.correiobraziliense.com.br\/coletivo-filhas-da-mae\/wp-json\/wp\/v2\/posts\/3416\/revisions"}],"predecessor-version":[{"id":3424,"href":"https:\/\/blogs.correiobraziliense.com.br\/coletivo-filhas-da-mae\/wp-json\/wp\/v2\/posts\/3416\/revisions\/3424"}],"wp:attachment":[{"href":"https:\/\/blogs.correiobraziliense.com.br\/coletivo-filhas-da-mae\/wp-json\/wp\/v2\/media?parent=3416"}],"wp:term":[{"taxonomy":"category","embeddable":true,"href":"https:\/\/blogs.correiobraziliense.com.br\/coletivo-filhas-da-mae\/wp-json\/wp\/v2\/categories?post=3416"},{"taxonomy":"post_tag","embeddable":true,"href":"https:\/\/blogs.correiobraziliense.com.br\/coletivo-filhas-da-mae\/wp-json\/wp\/v2\/tags?post=3416"}],"curies":[{"name":"wp","href":"https:\/\/api.w.org\/{rel}","templated":true}]}}