{"id":3368,"date":"2025-08-04T10:37:31","date_gmt":"2025-08-04T13:37:31","guid":{"rendered":"https:\/\/blogs.correiobraziliense.com.br\/coletivo-filhas-da-mae\/?p=3368"},"modified":"2025-08-04T10:37:31","modified_gmt":"2025-08-04T13:37:31","slug":"a-construcao-de-pontes-e-as-guardias-do-planeta","status":"publish","type":"post","link":"https:\/\/blogs.correiobraziliense.com.br\/coletivo-filhas-da-mae\/2025\/08\/04\/a-construcao-de-pontes-e-as-guardias-do-planeta\/","title":{"rendered":"A Constru\u00e7\u00e3o de Pontes e as Guardi\u00e3s do Planeta"},"content":{"rendered":"<p>Cosette Castro<\/p>\n<p>Bras\u00edlia &#8211; Em tempos corridos, virtuais e cada vez mais competitivos, nem sempre \u00e9 f\u00e1cil construir pontes. Ou trabalhar e desenvolver projetos a partir do que nos aproxima, do que \u00e9 comum, apesar das diferen\u00e7as.<\/p>\n<p>A palavra comum vem do latim e significa algo que \u00e9 compartilhado por muitos. Mas nem sempre os interesses s\u00e3o os mesmos. E, \u00e0s vezes, interesses pessoais s\u00e3o colocados na frente do interesse comum, das comunidades e do pa\u00eds.<\/p>\n<p>Exemplos n\u00e3o faltam. Agora mesmo h\u00e1 o interesse de um pa\u00eds estrangeiro tentando ingerir na soberania nacional. Sem nenhum respeito \u00e0 Constitui\u00e7\u00e3o Brasileira. Como se fosse o dono do mundo.<\/p>\n<p>Dentro do Brasil h\u00e1 deputados no Congresso Nacional que n\u00e3o t\u00eam pudor em levantar e apoiar uma bandeira estrangeira em detrimento dos interesses nacionais. Como se n\u00e3o bastasse, apoiam e aprovam projetos de lei que destroem a natureza colocando em risco a vida presente e futura do pa\u00eds.<\/p>\n<p>Essa dificuldade em construir pontes pode ocorrer no \u00e2mbito coletivo, dentro das fam\u00edlias. Ou individualmente, entre amigas ou vizinhas. Nem sempre a conviv\u00eancia \u00e9 f\u00e1cil. Em alguns momentos as diferen\u00e7as falam mais alto.<\/p>\n<p>Nesses momentos em que as pontes parecem inexistentes, invis\u00edveis ou intranspon\u00edveis \u00e9 uma boa ideia parar, respirar e dar um tempo. Pelo menos 24 horas. Ou mais. \u00c9 um tempo importante para buscar uma conviv\u00eancia poss\u00edvel pelo bem comum, seja das rela\u00e7\u00f5es afetivas seja do pa\u00eds.<\/p>\n<p>Outra sugest\u00e3o \u00e9 olhar para os lados e buscar bons exemplos. Aqui no Brasil um deles \u00e9 o encontro das mulheres ind\u00edgenas. H\u00e1 cerca de 7 mil mulheres ind\u00edgenas de todas as idades reunidas na Capital Federal. Saiba mais <a href=\"https:\/\/www.correiobraziliense.com.br\/cidades-df\/2025\/08\/7217317-brasilia-se-torna-palco-da-marcha-das-mulheres-indigenas.html\">aqui<\/a>.<\/p>\n<p>Elas, que representam os povos origin\u00e1rios e s\u00e3o as guardi\u00e3s da florestas e do planeta, chegaram de todos os lugares do Brasil. A maioria viajou milhares de quil\u00f4metros, apesar das amea\u00e7as e atentados que sofrem constantemente.<\/p>\n<p>As mulheres ind\u00edgenas com povos e l\u00ednguas t\u00e3o diferenciados s\u00e3o um bom exemplo de constru\u00e7\u00e3o e consolida\u00e7\u00e3o de pontes pela vida, pela dignidade e pela exist\u00eancia em comunidade.<\/p>\n<p>Nesta segunda come\u00e7a a 1\u00aa Confer\u00eancia Nacional das Mulheres Ind\u00edgenas, que se estende durante a semana, at\u00e9 culminar na quinta-feira com a 4a. Marcha Nacional das Mulheres Ind\u00edgenas. O lema do encontro \u00e9 &#8220;Nosso corpo, nosso territ\u00f3rio: Somos guardi\u00e3s do planeta pela cura da terra&#8221;. Conhe\u00e7a a <a href=\"https:\/\/www.instagram.com\/p\/DM067laS6ve\/?igsh=MXRqZDk1czYzbmlwdg==\">programa\u00e7\u00e3o<\/a>.<\/p>\n<p>Logo depois, no s\u00e1bado, dia 09 de agosto, vai acontecer, no formato online, a Confer\u00eancia Livre das Mulheres Idosas. O encontro virtual, in\u00e9dito no pa\u00eds, leva em conta a necessidade de pol\u00edticas p\u00fablicas espec\u00edficas para as mulheres em processo de envelhecimento.\u00a0As inscri\u00e7\u00f5es gratuitas podem ser feitas <a href=\"https:\/\/docs.google.com\/forms\/d\/1SGI2HLmZBQZ6srTP3jWRe\">aqu<\/a>i.<\/p>\n<p>No Brasil, segundo o Instituto Brasileiro de Geografia e Estat\u00edstica (IBGE), h\u00e1 30 milh\u00f5es de mulheres na faixa dos 50-59 anos e outras 19 milh\u00f5es com 60 anos ou mais. Essas 49 milh\u00f5es de mulheres sofrem diariamente diferentes tipos de viol\u00eancia, al\u00e9m de neglig\u00eancia e abandono por parte de familiares.<\/p>\n<p>A Confer\u00eancia Livre da Mulher Idosa vai encaminhar propostas para a 5a. Confer\u00eancia Nacional de Pol\u00edticas para Mulheres que vai ocorrer em setembro na Capital Federal. As mulheres inscritas v\u00e3o receber um caderno de Reflex\u00f5es e Propostas de pol\u00edticas p\u00fablicas.<\/p>\n<p>PS: Nesta quinta-feira, dia 07, das 18h \u00e0s 19h30, vai acontecer a <strong>Roda de Conversa online de agosto<\/strong> do Coletivo Filhas da M\u00e3e. As Rodas de Conversa s\u00e3o um ambiente seguro de escuta e acolhimento de quem cuida um familiar com dem\u00eancia e tamb\u00e9m um espa\u00e7o de autocuidado.<\/p>\n","protected":false},"excerpt":{"rendered":"<p>Cosette Castro Bras\u00edlia &#8211; Em tempos corridos, virtuais e cada vez mais competitivos, nem sempre \u00e9 f\u00e1cil construir pontes. Ou trabalhar e desenvolver projetos a partir do que nos aproxima, do que \u00e9 comum, apesar das diferen\u00e7as. A palavra comum vem do latim e significa algo que \u00e9 compartilhado por muitos. Mas nem sempre os interesses s\u00e3o os mesmos. E, [&hellip;]<\/p>\n","protected":false},"author":126,"featured_media":0,"comment_status":"open","ping_status":"open","sticky":false,"template":"","format":"standard","meta":{"footnotes":""},"categories":[1659],"tags":[1660,1661,1622,119,5,4,632,1662,425],"class_list":["post-3368","post","type-post","status-publish","format-standard","hentry","category-conferencia-livre-das-mulheres-idosas","tag-1a-conferencia-nacional-das-mulheres-indigenas","tag-4a-marcha-nacional-das-mulheres-indigenas","tag-conferencia-livre-das-mulheres-idosas","tag-cuidado-e-autocuidado","tag-envelhecimento","tag-mulheres","tag-mulheres-idosas","tag-mulheres-indigenas","tag-roda-de-conversa"],"_links":{"self":[{"href":"https:\/\/blogs.correiobraziliense.com.br\/coletivo-filhas-da-mae\/wp-json\/wp\/v2\/posts\/3368","targetHints":{"allow":["GET"]}}],"collection":[{"href":"https:\/\/blogs.correiobraziliense.com.br\/coletivo-filhas-da-mae\/wp-json\/wp\/v2\/posts"}],"about":[{"href":"https:\/\/blogs.correiobraziliense.com.br\/coletivo-filhas-da-mae\/wp-json\/wp\/v2\/types\/post"}],"author":[{"embeddable":true,"href":"https:\/\/blogs.correiobraziliense.com.br\/coletivo-filhas-da-mae\/wp-json\/wp\/v2\/users\/126"}],"replies":[{"embeddable":true,"href":"https:\/\/blogs.correiobraziliense.com.br\/coletivo-filhas-da-mae\/wp-json\/wp\/v2\/comments?post=3368"}],"version-history":[{"count":3,"href":"https:\/\/blogs.correiobraziliense.com.br\/coletivo-filhas-da-mae\/wp-json\/wp\/v2\/posts\/3368\/revisions"}],"predecessor-version":[{"id":3371,"href":"https:\/\/blogs.correiobraziliense.com.br\/coletivo-filhas-da-mae\/wp-json\/wp\/v2\/posts\/3368\/revisions\/3371"}],"wp:attachment":[{"href":"https:\/\/blogs.correiobraziliense.com.br\/coletivo-filhas-da-mae\/wp-json\/wp\/v2\/media?parent=3368"}],"wp:term":[{"taxonomy":"category","embeddable":true,"href":"https:\/\/blogs.correiobraziliense.com.br\/coletivo-filhas-da-mae\/wp-json\/wp\/v2\/categories?post=3368"},{"taxonomy":"post_tag","embeddable":true,"href":"https:\/\/blogs.correiobraziliense.com.br\/coletivo-filhas-da-mae\/wp-json\/wp\/v2\/tags?post=3368"}],"curies":[{"name":"wp","href":"https:\/\/api.w.org\/{rel}","templated":true}]}}