{"id":3346,"date":"2025-07-25T12:34:56","date_gmt":"2025-07-25T15:34:56","guid":{"rendered":"https:\/\/blogs.correiobraziliense.com.br\/coletivo-filhas-da-mae\/?p=3346"},"modified":"2025-07-25T17:16:09","modified_gmt":"2025-07-25T20:16:09","slug":"um-decreto-de-cuidado-coletivo","status":"publish","type":"post","link":"https:\/\/blogs.correiobraziliense.com.br\/coletivo-filhas-da-mae\/2025\/07\/25\/um-decreto-de-cuidado-coletivo\/","title":{"rendered":"Um Decreto de Cuidado Coletivo"},"content":{"rendered":"<p>Cosette Castro<\/p>\n<p>Bras\u00edlia &#8211; Hoje, no Coletivo Filhas da M\u00e3e, acordamos mais esperan\u00e7osas.\u00a0A boa not\u00edcia \u00e9 que ontem, 24 de julho, o Governo Federal publicou o Decreto n\u00ba 12.562, um decreto de cuidado coletivo. Ele regulamenta a Pol\u00edtica Nacional de Cuidados e \u00e9 mais uma etapa de uma discuss\u00e3o p\u00fablica que come\u00e7ou assim que o Presidente Lula foi eleito em 2022. Conhe\u00e7a a \u00edntegra do texto\u00a0<a href=\"https:\/\/www.in.gov.br\/en\/web\/dou\/-\/decreto-n-12.562-de-23-de-julho-de-2025-643890984\">aqui.<\/a><\/p>\n<p>O Decreto faz parte de um projeto nacional encabe\u00e7ado pelo Minist\u00e9rio do Desenvolvimento Social (MDS), pelo Minist\u00e9rio das Mulheres e pelo Minist\u00e9rio dos\u00a0Direitos Humanos e da Cidadania, que contou com a participa\u00e7\u00e3o de outros 20 minist\u00e9rios. A proposta \u00e9 construir a Sociedade do Cuidado no Brasil.\u00a0 E, desde o in\u00edcio das discuss\u00f5es, em 2023, contou com a participa\u00e7\u00e3o de movimentos sociais de todo o pa\u00eds, entre eles o Coletivo Filhas da M\u00e3e.<\/p>\n<p>O que traz de novo o Decreto?\u00a0Ele estabelece princ\u00edpios, diretrizes, objetivos, estrat\u00e9gias e mecanismos de governan\u00e7a do Plano Nacional de Cuidados (PNC).<\/p>\n<p>Logo no come\u00e7o, no seu artigo 2o, o Decreto estabelece que o Plano Nacional de Cuidados tem por finalidade garantir o direito ao cuidado, por meio de pol\u00edticas p\u00fablicas que fomentem a corresponsabiliza\u00e7\u00e3o social e entre homens e mulheres no que se refere \u00e0 provis\u00e3o de cuidados. Mas vai al\u00e9m.<\/p>\n<p>Trata tamb\u00e9m da desnaturaliza\u00e7\u00e3o de atitudes e comportamentos que atribuem exclusivamente \u00e0s mulheres as responsabilidades pelo trabalho de cuidado. Refor\u00e7a a import\u00e2ncia do direito a ser cuidada, a cuidar e ao autocuidado.<\/p>\n<p>O texto publicado define os eixos do Plano Nacional de Cuidados .S\u00e3o eles:<br \/>\n1. Garantia de direitos e promo\u00e7\u00e3o de pol\u00edticas para quem necessita de cuidados e para quem cuida;<br \/>\n2. Compatibiliza\u00e7\u00e3o entre o trabalho remunerado, a educa\u00e7\u00e3o e as necessidades familiares de cuidado;<br \/>\n3. Trabalho decente para as trabalhadoras dom\u00e9sticas e do cuidado remuneradas;<br \/>\n4. Reconhecimento e valoriza\u00e7\u00e3o do trabalho de cuidado n\u00e3o remunerado;<br \/>\n5. Transforma\u00e7\u00e3o cultural visando uma organiza\u00e7\u00e3o social dos cuidados mais justa e equitativa.<\/p>\n<p>O Decreto 12.562\/2025 aborda quest\u00f5es como:<br \/>\n1. A integralidade do cuidado;<br \/>\n2. A transversalidade, intersetorialidade e a considera\u00e7\u00e3o das m\u00faltiplas desigualdades;<br \/>\n3. A interculturalidade das pol\u00edticas p\u00fablicas de cuidados;<br \/>\n4. A garantia da participa\u00e7\u00e3o e do controle social das pol\u00edticas p\u00fablicas de cuidados e<\/p>\n<p>5. A simultaneidade na oferta dos servi\u00e7os para quem cuida e para quem \u00e9 cuidado, reconhecendo a rela\u00e7\u00e3o de interdepend\u00eancia entre ambos.<\/p>\n<p>No que diz respeito \u00e0 governan\u00e7a, o Decreto estabelece o Comit\u00ea Estrat\u00e9gico e o Comit\u00ea Gestor do Plano Nacional de Cuidados, ambos sob coordena\u00e7\u00e3o do Minist\u00e9rio do Desenvolvimento Social (MDS).<\/p>\n<p>O Comit\u00ea Estrat\u00e9gico ter\u00e1 como trabalho propor as prioridades anuais para a implementa\u00e7\u00e3o do Plano Nacional de Cuidados e acompanhar a sua execu\u00e7\u00e3o. Este Comit\u00ea ter\u00e1 participa\u00e7\u00e3o da sociedade civil.\u00a0J\u00e1 o Comit\u00ea Gestor ser\u00e1 respons\u00e1vel por promover a intersetorialidade, al\u00e9m de gerenciar, articular, monitorar e avaliar as a\u00e7\u00f5es do Plano Nacional de Cuidados.<\/p>\n<p><strong>Viol\u00eancia Contra as Mulheres<\/strong><\/p>\n<p>Na mesma quinta-feira, 24, em que foi publicado o\u00a0 Decreto\u00a012.562,\u00a0\u00a0foi anunciada a 19\u00aa edi\u00e7\u00e3o do Anu\u00e1rio Brasileiro de Seguran\u00e7a P\u00fablica 2025, produzido pelo F\u00f3rum Brasileiro de Seguran\u00e7a P\u00fablica. E as not\u00edcias seguem alarmantes.<\/p>\n<p>Os \u00edndices de aumento da viol\u00eancia sexual e do feminic\u00eddio no Brasil cresceram. Ocorreram 87.545 casos de assassinato de mulheres (0,9% a mais que 2023) e 1.492 notifica\u00e7\u00f5es de viol\u00eancia sexual, sendo 0,7% maior em rela\u00e7\u00e3o ao ano anterior. J\u00e1 os casos de feminic\u00eddio contra mulheres idosas aumentaram 20,7%\u00a0 (<a href=\"https:\/\/www.correiobraziliense.com.br\/brasil\/2025\/07\/7210171-casos-de-feminicidio-no-brasil-alcancam-o-pior-indice-em-2024.html\">leia aqui<\/a>).\u00a0S\u00e3o situa\u00e7\u00f5es que ocorrem, em sua maioria, dentro de casa e comprovam que seguimos vivendo em uma Sociedade da Viol\u00eancia.<\/p>\n<p>Com o Decreto 12.562\/2025 foi dado mais um passo, mas ainda h\u00e1 muito trabalho para construir uma Sociedade do Cuidado para mulheres de todas as idades.<\/p>\n<p>PS: Hoje, dia 25\/07, \u00e9 o dia da Mulher Negra Latino-Americana e Caribenha. No Brasil as mulheres negras s\u00e3o as que mais sofrem viol\u00eancia dom\u00e9stica e feminic\u00eddios e s\u00e3o as mais presentes no trabalho de cuidado remunerado, com baixos sal\u00e1rios.<\/p>\n<p>PS1: Neste domingo, 27, o grupo de caminhadas do Coletivo Filhas da M\u00e3e estar\u00e1 no Eix\u00e3o Norte. O encontro ser\u00e1 \u00e0s 8h45 no Marco Zero e sa\u00edda \u00e0s 9h. Depois do lanche compartilhado, participaremos das atividades de medita\u00e7\u00e3o do Instituto Tocar (SQN 206).<\/p>\n","protected":false},"excerpt":{"rendered":"<p>Cosette Castro Bras\u00edlia &#8211; Hoje, no Coletivo Filhas da M\u00e3e, acordamos mais esperan\u00e7osas.\u00a0A boa not\u00edcia \u00e9 que ontem, 24 de julho, o Governo Federal publicou o Decreto n\u00ba 12.562, um decreto de cuidado coletivo. Ele regulamenta a Pol\u00edtica Nacional de Cuidados e \u00e9 mais uma etapa de uma discuss\u00e3o p\u00fablica que come\u00e7ou assim que o Presidente Lula foi eleito em [&hellip;]<\/p>\n","protected":false},"author":126,"featured_media":0,"comment_status":"open","ping_status":"open","sticky":false,"template":"","format":"standard","meta":{"footnotes":""},"categories":[1652],"tags":[1655,3,924,119,20,1654,1656,1345,1502,4,300,1653],"class_list":["post-3346","post","type-post","status-publish","format-standard","hentry","category-plano-nacional-de-cuidados","tag-anuario-brasileiro-de-seguranca-publica-2025","tag-autocuidado","tag-cuidado-coletivo","tag-cuidado-e-autocuidado","tag-cuidadoras-familiares","tag-decreto-12-562-2025","tag-dia-da-mulher-negra-latino-americana-e-caribenha","tag-forum-brasileiro-de-seguranca-publica","tag-ministerio-do-desenvolvimento-social","tag-mulheres","tag-pessoas-idosas","tag-plano-nacional-de-cuidados"],"_links":{"self":[{"href":"https:\/\/blogs.correiobraziliense.com.br\/coletivo-filhas-da-mae\/wp-json\/wp\/v2\/posts\/3346","targetHints":{"allow":["GET"]}}],"collection":[{"href":"https:\/\/blogs.correiobraziliense.com.br\/coletivo-filhas-da-mae\/wp-json\/wp\/v2\/posts"}],"about":[{"href":"https:\/\/blogs.correiobraziliense.com.br\/coletivo-filhas-da-mae\/wp-json\/wp\/v2\/types\/post"}],"author":[{"embeddable":true,"href":"https:\/\/blogs.correiobraziliense.com.br\/coletivo-filhas-da-mae\/wp-json\/wp\/v2\/users\/126"}],"replies":[{"embeddable":true,"href":"https:\/\/blogs.correiobraziliense.com.br\/coletivo-filhas-da-mae\/wp-json\/wp\/v2\/comments?post=3346"}],"version-history":[{"count":7,"href":"https:\/\/blogs.correiobraziliense.com.br\/coletivo-filhas-da-mae\/wp-json\/wp\/v2\/posts\/3346\/revisions"}],"predecessor-version":[{"id":3353,"href":"https:\/\/blogs.correiobraziliense.com.br\/coletivo-filhas-da-mae\/wp-json\/wp\/v2\/posts\/3346\/revisions\/3353"}],"wp:attachment":[{"href":"https:\/\/blogs.correiobraziliense.com.br\/coletivo-filhas-da-mae\/wp-json\/wp\/v2\/media?parent=3346"}],"wp:term":[{"taxonomy":"category","embeddable":true,"href":"https:\/\/blogs.correiobraziliense.com.br\/coletivo-filhas-da-mae\/wp-json\/wp\/v2\/categories?post=3346"},{"taxonomy":"post_tag","embeddable":true,"href":"https:\/\/blogs.correiobraziliense.com.br\/coletivo-filhas-da-mae\/wp-json\/wp\/v2\/tags?post=3346"}],"curies":[{"name":"wp","href":"https:\/\/api.w.org\/{rel}","templated":true}]}}