{"id":3325,"date":"2025-07-18T12:03:38","date_gmt":"2025-07-18T15:03:38","guid":{"rendered":"https:\/\/blogs.correiobraziliense.com.br\/coletivo-filhas-da-mae\/?p=3325"},"modified":"2025-07-18T12:25:08","modified_gmt":"2025-07-18T15:25:08","slug":"um-congresso-sem-cuidado","status":"publish","type":"post","link":"https:\/\/blogs.correiobraziliense.com.br\/coletivo-filhas-da-mae\/2025\/07\/18\/um-congresso-sem-cuidado\/","title":{"rendered":"Um Congresso Sem Cuidado"},"content":{"rendered":"<p>Cosette Castro<\/p>\n<p>Bras\u00edlia &#8211; Esta semana mais uma vez uma parcela importante do Congresso Nacional mostrou que n\u00e3o se importa com o futuro do Brasil, da popula\u00e7\u00e3o e da natureza. Este \u00e9 um Congresso sem cuidado.<\/p>\n<p>Na quinta-feira, 17, na calada do noite, 267 deputados federais aprovaram o Projeto de Lei\u00a0\u00a0n\u00b02159\/21, o chamado PL da Devasta\u00e7\u00e3o. Eles aceitaram desmontar a Lei Geral de licenciamento ambiental no Brasil que protege a natureza e seus habitantes. Confira <a href=\"https:\/\/www.correiobraziliense.com.br\/politica\/2025\/07\/7203345-lei-geral-de-licenciamento-ambiental-confira-como-votou-cada-deputado.html\">aqui<\/a> como votou cada deputado.<\/p>\n<p>Com a &#8220;flexibiliza\u00e7\u00e3o&#8221;, os empres\u00e1rios poder\u00e3o realizar empreendimentos sem fiscaliza\u00e7\u00e3o e sem risco de serem punidos pelos danos que v\u00e3o causar ao meio ambiente.<\/p>\n<p>Afinal, o que importa danos ambientais como os que ocorreram em Brumadinho (MG), em Macei\u00f3 (AL), as enchentes no Sul do pa\u00eds, os desmoronamentos no Rio de Janeiro, o risco de destrui\u00e7\u00e3o de terras ind\u00edgenas que atinge diretamente milhares de fam\u00edlias e, indiretamente, milh\u00f5es de pessoas no pa\u00eds? Ou a crise clim\u00e1tica? Este \u00e9 um Congresso que n\u00e3o se importa.<\/p>\n<p>Ali\u00e1s, o Congresso Nacional negou h\u00e1 poucos dias a redu\u00e7\u00e3o da jornada 6X1 sem perda salarial. Uma jornada que\u00a0 esgota e adoece a maioria das trabalhadoras e trabalhadores do pa\u00eds.<\/p>\n<p>Eles tamb\u00e9m negaram a isen\u00e7\u00e3o do imposto de renda para quem ganha at\u00e9 05 sal\u00e1rios m\u00ednimos e defenderam os mais ricos, N\u00e3o querem que aqueles que ganham acima de 50 mil reais por m\u00eas (1% da popula\u00e7\u00e3o), paguem impostos como os demais brasileiros e brasileiras (99% da popula\u00e7\u00e3o).\u00a0 Veja <a href=\"https:\/\/www.camara.leg.br\/presenca-comissoes\/votacao-portal?reuniao=62583&amp;itemVotacao=9968\">aqui<\/a> como votou cada congressista.<\/p>\n<p>Esse \u00e9 o mesmo Congresso que\u00a0 queria legislar em causa pr\u00f3pria aumentando o n\u00famero de deputados dos atuais 513 para 531 deputados federais. Um projeto barrado pelo Presidente da Rep\u00fablica. O gasto anual extra seria de 65 milh\u00f5es de reais. J\u00e1 o governo federal esperava arrecadar cerca de $20,5 bilh\u00f5es com o aumento das aliquotas do Imposto sobre Opera\u00e7\u00f5es Financeiras (IOF).<\/p>\n<p>Ter mais 18 pol\u00edticos no Congresso foi considerado mais importante do que a isen\u00e7\u00e3o de quem ganha at\u00e9 5 mil reais ou o fim da escala 6X1. Este \u00e9 um Congresso sem cuidado.<\/p>\n<p>Enquanto aguarda que o Presidente Lula vete o PL da Devasta\u00e7\u00e3o, a sociedade civil segue se organizando. Seja em defesa do meio ambiente e do futuro das novas gera\u00e7\u00f5es, seja em atividades que melhorem hoje a qualidade de vida da popula\u00e7\u00e3o, independente da idade. Um cuidado coletivo que o Congresso Nacional n\u00e3o demonstra pela popula\u00e7\u00e3o.<\/p>\n<p>O Plebiscito Popular\u00a0 2025 pelo fim da jornada 6X1 e pela taxa\u00e7\u00e3o dos mais ricos j\u00e1 est\u00e1 dispon\u00edvel no formato presencial, nas sedes da Central \u00danica dos Trabalhadores (CUT) e de sindicatos como o dos\u00a0 Banc\u00e1rios e dos Professores em todo o pa\u00eds, inclusive no Distrito Federal. Tamb\u00e9m j\u00e1 foram liberadas urnas online para votar no Plebiscito Popular. Vote\u00a0<a href=\"https:\/\/bit.ly\/Voteplebiscito\">aqui.<\/a><\/p>\n<p>Al\u00e9m disso, est\u00e3o sendo realizadas Confer\u00eancias Livres em todo o pa\u00eds para aprovar propostas de pol\u00edticas p\u00fablicas para as mulheres, para a popula\u00e7\u00e3o idosa e para a popula\u00e7\u00e3o LGBT+. Tamb\u00e9m vai acontecer a primeira Confer\u00eancia Livre das Mulheres Idosas no dia 09\/08, que tem co-coordena\u00e7\u00e3o do Coletivo Filhas da M\u00e3e. A inscri\u00e7\u00e3o pode ser feita\u00a0<a href=\"https:\/\/docs.google.com\/forms\/d\/1SGI2HLmZBQZ6srTP3jWReRewDjvEOMmkfDJvbhX0VKk\/edit\">\u00a0aqui<\/a>.<\/p>\n<p>PS: Neste domingo, dia 20, estaremos mais uma vez\u00a0 praticando autocuidado e cuidado coletivo no Parque da Cidade junto com o projeto UM DIA NO PARQUE. A Caminhadas \u00e9 aberta e gratuita. Encontro \u00e0s 8h45, no Estacionamento 07 e sa\u00edda \u00e0s 9h. Depois da caminhada e do lanche compartilhado, haver\u00e1\u00a0 <strong>Oficina Gratuita de Desenho na Natureza<\/strong> com a professora Jurema Oliveira, do Desenhar Bras\u00edlia. Inscri\u00e7\u00f5es para a\u00a0<a href=\"https:\/\/forms.gle\/P8vf6N8pJVFkbvnp9\">oficina aqui.<\/a><\/p>\n<p>PS1: Na pr\u00f3xima semana estaremos divulgando link para\u00a0 inscri\u00e7\u00f5es em Confer\u00eancias Livres dos Direitos das Pessoas Idosas.<\/p>\n<p>&nbsp;<\/p>\n","protected":false},"excerpt":{"rendered":"<p>Cosette Castro Bras\u00edlia &#8211; Esta semana mais uma vez uma parcela importante do Congresso Nacional mostrou que n\u00e3o se importa com o futuro do Brasil, da popula\u00e7\u00e3o e da natureza. Este \u00e9 um Congresso sem cuidado. Na quinta-feira, 17, na calada do noite, 267 deputados federais aprovaram o Projeto de Lei\u00a0\u00a0n\u00b02159\/21, o chamado PL da Devasta\u00e7\u00e3o. Eles aceitaram desmontar a [&hellip;]<\/p>\n","protected":false},"author":126,"featured_media":0,"comment_status":"open","ping_status":"open","sticky":false,"template":"","format":"standard","meta":{"footnotes":""},"categories":[1642],"tags":[1643,1644,1648,5,1647,4,632,1645,1646,1587,1640],"class_list":["post-3325","post","type-post","status-publish","format-standard","hentry","category-congresso-nacional","tag-c","tag-conferencias-livres","tag-desenhar-brasilia","tag-envelhecimento","tag-jurema-oliveira","tag-mulheres","tag-mulheres-idosas","tag-oficina-gratuita-de-desenho","tag-parque-da-cidade","tag-pl-da-devastacao","tag-projeto-um-dia-no-parque"],"_links":{"self":[{"href":"https:\/\/blogs.correiobraziliense.com.br\/coletivo-filhas-da-mae\/wp-json\/wp\/v2\/posts\/3325","targetHints":{"allow":["GET"]}}],"collection":[{"href":"https:\/\/blogs.correiobraziliense.com.br\/coletivo-filhas-da-mae\/wp-json\/wp\/v2\/posts"}],"about":[{"href":"https:\/\/blogs.correiobraziliense.com.br\/coletivo-filhas-da-mae\/wp-json\/wp\/v2\/types\/post"}],"author":[{"embeddable":true,"href":"https:\/\/blogs.correiobraziliense.com.br\/coletivo-filhas-da-mae\/wp-json\/wp\/v2\/users\/126"}],"replies":[{"embeddable":true,"href":"https:\/\/blogs.correiobraziliense.com.br\/coletivo-filhas-da-mae\/wp-json\/wp\/v2\/comments?post=3325"}],"version-history":[{"count":8,"href":"https:\/\/blogs.correiobraziliense.com.br\/coletivo-filhas-da-mae\/wp-json\/wp\/v2\/posts\/3325\/revisions"}],"predecessor-version":[{"id":3333,"href":"https:\/\/blogs.correiobraziliense.com.br\/coletivo-filhas-da-mae\/wp-json\/wp\/v2\/posts\/3325\/revisions\/3333"}],"wp:attachment":[{"href":"https:\/\/blogs.correiobraziliense.com.br\/coletivo-filhas-da-mae\/wp-json\/wp\/v2\/media?parent=3325"}],"wp:term":[{"taxonomy":"category","embeddable":true,"href":"https:\/\/blogs.correiobraziliense.com.br\/coletivo-filhas-da-mae\/wp-json\/wp\/v2\/categories?post=3325"},{"taxonomy":"post_tag","embeddable":true,"href":"https:\/\/blogs.correiobraziliense.com.br\/coletivo-filhas-da-mae\/wp-json\/wp\/v2\/tags?post=3325"}],"curies":[{"name":"wp","href":"https:\/\/api.w.org\/{rel}","templated":true}]}}