{"id":3317,"date":"2025-07-14T09:01:25","date_gmt":"2025-07-14T12:01:25","guid":{"rendered":"https:\/\/blogs.correiobraziliense.com.br\/coletivo-filhas-da-mae\/?p=3317"},"modified":"2025-07-14T09:05:57","modified_gmt":"2025-07-14T12:05:57","slug":"vem-ai-i-projeto-um-dia-no-parque","status":"publish","type":"post","link":"https:\/\/blogs.correiobraziliense.com.br\/coletivo-filhas-da-mae\/2025\/07\/14\/vem-ai-i-projeto-um-dia-no-parque\/","title":{"rendered":"Vem A\u00ed o Projeto Um Dia no Parque"},"content":{"rendered":"<p>Cosette Castro<\/p>\n<p>Bras\u00edlia &#8211; No inverno, com dias nublados, vento e temperaturas mais baixas, a vontade de sair da cama para caminhar \u00e9 drasticamente reduzida.\u00a0D\u00e1 vontade de ficar sob os cobertores. No quentinho. Lendo, dormindo, assistindo um filme ou s\u00e9rie. D\u00e1 vontade de hibernar e se proteger, como no tempo das cavernas<\/p>\n<p>Ainda assim, \u00e9 preciso levantar para trabalhar de forma remunerada ou trabalhar cuidando sem remunera\u00e7\u00e3o.<\/p>\n<p>Sair para caminhar v\u00e1rias vezes na semana n\u00e3o \u00e9 f\u00e1cil, mesmo que a maior parte das pessoas levante da cama todos os dias e caminhe.\u00a0Em geral,\u00a0 as pessoas caminham &#8220;no autom\u00e1tico&#8221;. Nem se d\u00e3o conta que o corpo precisa desses movimentos para exercitar os m\u00fasculos, ativar a circula\u00e7\u00e3o e se autoproteger.<\/p>\n<p>H\u00e1 tamb\u00e9m aquelas pessoas que levantam da cama, desafiam o frio e saem a caminhar. Sozinhas ou em grupo.\u00a0Al\u00e9m do exerc\u00edcio, elas querem se movimentar, conhecer parques, encontrar pessoas, estar na natureza e se conectar.<\/p>\n<p>Toda caminhada, ainda que ocorra no mesmo local, \u00e9 diferente. Seja pelo conhecimento compartilhado sobre o parque, sobre \u00e1rvores, plantas, frutas, sobre animais ou p\u00e1ssaros, seja pelas pessoas e suas hist\u00f3rias. Ou pela possibilidade de perceber novas cores, sons e cheiros durante o percurso.<\/p>\n<p>Em 2023 o Coletivo Filhas da M\u00e3e criou o projeto Caminhantes visitando diferentes parques todos os domingos pela manh\u00e3. A proposta \u00e9 estimular pessoas que cuidam fam\u00edliares com dem\u00eancia (inclusive outras doen\u00e7as), amigas e vizinhas, assim como pessoas em processo de envelhecimento, a sair de casa. Os encontros s\u00e3o abertos e gratuitos para a popula\u00e7\u00e3o.<\/p>\n<p>Este ano vamos participar mais uma vez do projeto &#8220;Um Dia no Parque&#8221; que acontecer\u00e1 no pr\u00f3ximo domingo, 20 de julho. A proposta \u00e9 celebrar o Dia da amiga e do amigo e os 25 anos do Sistema Nacional de Unidades de Conserva\u00e7\u00e3o (SNUC).<\/p>\n<p>O tema de 2025 \u00e9 &#8220;Protegendo o que nos conecta&#8221;, com foco em visitas a Unidades de Conserva\u00e7\u00e3o e atividades ao ar livre. E tamb\u00e9m chamar aten\u00e7\u00e3o sobre a import\u00e2ncia do cuidado e manuten\u00e7\u00e3o das \u00e1reas protegidas.<\/p>\n<p>No domingo, 20\/07, o Coletivo Filhas da M\u00e3e estar\u00e1 no Parque da Cidade, com encontro \u00e0s 8h45 no estacionamento 07 e sa\u00edda \u00e0s 9h.<\/p>\n<p>Depois da caminhada e do lanche compartilhado ser\u00e1 realizada uma oficina gratuita de Aproxima\u00e7\u00e3o ao Desenho da Natureza, sob a coordena\u00e7\u00e3o da professora Jurema Oliveira, do Desenhar Bras\u00edlia. Sempre \u00e9 tempo de aprender ou desenvolver novas habilidades.<\/p>\n<p><strong>Aten\u00e7\u00e3o:<\/strong> Hoje, dia 14, \u00e9 o \u00faltimo dia para votar na Consulta P\u00fablica CONITEC n\u00ba 51\/2025\u00a0que trata sobre o novo Protocolo Cl\u00ednico e Diretrizes Terap\u00eauticas (PCDT) para o tratamento do Alzheimer no SUS. Para participar, 1. entre na plataforma e-gov (<a href=\"https:\/\/www.gov.br\/participamaisbrasil\/consulta-publica-conitec-sectics-n-51-2025-pcdt-alzheimer\">AQUI)<\/a>, 2.crie ou digite a sua senha, 3. conhe\u00e7a o relat\u00f3rio <a href=\"https:\/\/www.gov.br\/conitec\/pt-br\/midias\/consultas\/relatorios\/2025\/relatorio-preliminar-pcdt-da-doenca-de-alzheimer-cp-51\">(AQUI),<\/a> 4.responda o formul\u00e1rio online e 5. sugira melhorias \u00e0 proposta. Conhe\u00e7a <a href=\"https:\/\/docs.google.com\/document\/d\/1VfrtN9R1ojEOltEpe7xxojiFRVb-kx5p\/edit?usp=sharing&amp;ouid=116000504106464652242&amp;rtpof=true&amp;sd=true\">AQUI<\/a> as sugest\u00f5es do Coletivo.<\/p>\n<p>PS: Conhe\u00e7a as fotos e v\u00eddeos\u00a0produzidos no domingo, 13, no Parque Ecol\u00f3gico Ezechias Heringer no Guar\u00e1 2. \u00a0<a href=\"https:\/\/photos.app.goo.gl\/NLipZpfE7h6BDssN7\">AQUI.<\/a><\/p>\n","protected":false},"excerpt":{"rendered":"<p>Cosette Castro Bras\u00edlia &#8211; No inverno, com dias nublados, vento e temperaturas mais baixas, a vontade de sair da cama para caminhar \u00e9 drasticamente reduzida.\u00a0D\u00e1 vontade de ficar sob os cobertores. No quentinho. Lendo, dormindo, assistindo um filme ou s\u00e9rie. D\u00e1 vontade de hibernar e se proteger, como no tempo das cavernas Ainda assim, \u00e9 preciso levantar para trabalhar de [&hellip;]<\/p>\n","protected":false},"author":126,"featured_media":0,"comment_status":"open","ping_status":"open","sticky":false,"template":"","format":"standard","meta":{"footnotes":""},"categories":[11],"tags":[8,1638,7,1639,1637,1640,1641,42],"class_list":["post-3317","post","type-post","status-publish","format-standard","hentry","category-cuidado-e-autocuidado","tag-alzheimer","tag-consulta-publica-conitec-no-51-2025","tag-demencias","tag-guara-2","tag-parque-ecologico-ezechias-heringer","tag-projeto-um-dia-no-parque","tag-sistema-nacional-de-unidades-de-conservacao","tag-sus"],"_links":{"self":[{"href":"https:\/\/blogs.correiobraziliense.com.br\/coletivo-filhas-da-mae\/wp-json\/wp\/v2\/posts\/3317","targetHints":{"allow":["GET"]}}],"collection":[{"href":"https:\/\/blogs.correiobraziliense.com.br\/coletivo-filhas-da-mae\/wp-json\/wp\/v2\/posts"}],"about":[{"href":"https:\/\/blogs.correiobraziliense.com.br\/coletivo-filhas-da-mae\/wp-json\/wp\/v2\/types\/post"}],"author":[{"embeddable":true,"href":"https:\/\/blogs.correiobraziliense.com.br\/coletivo-filhas-da-mae\/wp-json\/wp\/v2\/users\/126"}],"replies":[{"embeddable":true,"href":"https:\/\/blogs.correiobraziliense.com.br\/coletivo-filhas-da-mae\/wp-json\/wp\/v2\/comments?post=3317"}],"version-history":[{"count":7,"href":"https:\/\/blogs.correiobraziliense.com.br\/coletivo-filhas-da-mae\/wp-json\/wp\/v2\/posts\/3317\/revisions"}],"predecessor-version":[{"id":3324,"href":"https:\/\/blogs.correiobraziliense.com.br\/coletivo-filhas-da-mae\/wp-json\/wp\/v2\/posts\/3317\/revisions\/3324"}],"wp:attachment":[{"href":"https:\/\/blogs.correiobraziliense.com.br\/coletivo-filhas-da-mae\/wp-json\/wp\/v2\/media?parent=3317"}],"wp:term":[{"taxonomy":"category","embeddable":true,"href":"https:\/\/blogs.correiobraziliense.com.br\/coletivo-filhas-da-mae\/wp-json\/wp\/v2\/categories?post=3317"},{"taxonomy":"post_tag","embeddable":true,"href":"https:\/\/blogs.correiobraziliense.com.br\/coletivo-filhas-da-mae\/wp-json\/wp\/v2\/tags?post=3317"}],"curies":[{"name":"wp","href":"https:\/\/api.w.org\/{rel}","templated":true}]}}