{"id":3260,"date":"2025-06-23T08:30:25","date_gmt":"2025-06-23T11:30:25","guid":{"rendered":"https:\/\/blogs.correiobraziliense.com.br\/coletivo-filhas-da-mae\/?p=3260"},"modified":"2025-06-23T11:16:40","modified_gmt":"2025-06-23T14:16:40","slug":"o-futuro-comeca-com-o-reconhecimento","status":"publish","type":"post","link":"https:\/\/blogs.correiobraziliense.com.br\/coletivo-filhas-da-mae\/2025\/06\/23\/o-futuro-comeca-com-o-reconhecimento\/","title":{"rendered":"O Futuro Come\u00e7a com o Reconhecimento"},"content":{"rendered":"<p>Cosette Castro<\/p>\n<p>Bras\u00edlia &#8211; Ontem foi mais do que um domingo de sol. Em S\u00e3o Paulo 4 milh\u00f5es de pessoas participaram da 29a. Parada LGBT+ na maior cidade do pa\u00eds.<\/p>\n<p>Em termos populacionais, a cifra corresponde a cidades como Fortaleza com 4,2 milh\u00f5es ou Porto Alegre, com 4,1 milh\u00f5es de habitantes.<span class=\"pjBG2e\"><span class=\"UV3uM\">\u00a0A sigla\u00a0 LGBT+ significa l\u00e9sbicas, gays, bissexuais, pessoas trans e travestis. E o s\u00edmbolo + inclui todos os demais grupos que est\u00e3o contemplados nesse espectro.<\/span><\/span><\/p>\n<p>Considerada a maior Parada do Orgulho LGBT+ do mundo, o encontro de 2025 trouxe um tema importante para a popula\u00e7\u00e3o brasileira: o envelhecimento populacional.\u00a0A Marcha de S\u00e3o Paulo \u00e9 uma refer\u00eancia mundial na defesa dos direitos civis e da visibilidade da comunidade LGBT+. E vai al\u00e9m de uma grande festa que mobiliza tamb\u00e9m apoiadores, amigos e familiares.<\/p>\n<p>Para al\u00e9m da festa, que come\u00e7ou \u00e0s 13h, houve manifesta\u00e7\u00e3o: 1. em defesa da vida, 2. da diversidade, 3. pelo direito ao envelhecimento da popula\u00e7\u00e3o LGBT+ e 4. por pol\u00edticas p\u00fablicas que atendam a esse grupo populacional.<\/p>\n<p>Durante toda a tarde foram exibidas as cores do arco \u00edris e tamb\u00e9m a bandeira trans (azul, rosa e branco). O azul representa os homens trans e o rosa as mulheres trans. J\u00e1 o branco eu representa pessoas n\u00e3o-bin\u00e1rias, em transi\u00e7\u00e3o ou que n\u00e3o se identificam com o g\u00eanero bin\u00e1rio (masculino ou feminino).<\/p>\n<p>A defesa da vida e do envelhecimento saud\u00e1vel e ativo s\u00e3o pautas importantes para a comunidade LGBT+. Ainda mais no Brasil, o pa\u00eds que mais mata a popula\u00e7\u00e3o trans no mundo, muitas vezes com requinte de crueldade.<\/p>\n<p>A maior parte dos assassinatos s\u00e3o contra mulheres trans e se repetem h\u00e1 17 anos. Sobre o tema, cabe a pergunta: al\u00e9m do preconceito e do fundamentalismo religioso: o que incomoda tanto no outro, se a vida e o direito de existir pertence a outra pessoa?<\/p>\n<p>No Coletivo Filhas da M\u00e3e reconhecemos e respeitamos o direito a todas as vidas, assim como o direito ao envelhecimento saud\u00e1vel e ativo da popula\u00e7\u00e3o LGBT+.<\/p>\n<p><strong>Uma Semana com Agenda Completa<\/strong><\/p>\n<p><img loading=\"lazy\" decoding=\"async\" class=\"size-medium wp-image-3261 aligncenter\" src=\"https:\/\/blogs.correiobraziliense.com.br\/coletivo-filhas-da-mae\/wp-content\/uploads\/sites\/60\/2025\/06\/Marcia-Abrah\u00e3o-300x252.jpg\" alt=\"\" width=\"300\" height=\"252\" srcset=\"https:\/\/blogs.correiobraziliense.com.br\/coletivo-filhas-da-mae\/wp-content\/uploads\/sites\/60\/2025\/06\/Marcia-Abrah\u00e3o-300x252.jpg 300w, https:\/\/blogs.correiobraziliense.com.br\/coletivo-filhas-da-mae\/wp-content\/uploads\/sites\/60\/2025\/06\/Marcia-Abrah\u00e3o-768x645.jpg 768w, https:\/\/blogs.correiobraziliense.com.br\/coletivo-filhas-da-mae\/wp-content\/uploads\/sites\/60\/2025\/06\/Marcia-Abrah\u00e3o-800x672.jpg 800w, https:\/\/blogs.correiobraziliense.com.br\/coletivo-filhas-da-mae\/wp-content\/uploads\/sites\/60\/2025\/06\/Marcia-Abrah\u00e3o-550x462.jpg 550w, https:\/\/blogs.correiobraziliense.com.br\/coletivo-filhas-da-mae\/wp-content\/uploads\/sites\/60\/2025\/06\/Marcia-Abrah\u00e3o-230x193.jpg 230w, https:\/\/blogs.correiobraziliense.com.br\/coletivo-filhas-da-mae\/wp-content\/uploads\/sites\/60\/2025\/06\/Marcia-Abrah\u00e3o.jpg 1016w\" sizes=\"auto, (max-width: 300px) 100vw, 300px\" \/><\/p>\n<p style=\"text-align: center\">Marcia Abrah\u00e3o, ex-reitora da UnB<\/p>\n<p><strong>Segunda- feira,<\/strong> 23, 9h, presencial<br \/>\nPalestra sobre preven\u00e7\u00e3o de quedas Gepafi\/UnB<br \/>\nLocal: Centro Ol\u00edmpico da UnB<br \/>\nO evento ocorre em comemora\u00e7\u00e3o ao dia mundial de preven\u00e7\u00e3o de quedas, 24\/06<\/p>\n<p><strong>Ter\u00e7a-feira<\/strong>, 24, online, das 19 \u00e0s 20h<br \/>\nPrograma de Entrevistas <strong>Terceiras Inten\u00e7\u00f5es<\/strong> ao vivo pelo canal do YouTube Coletivo Filhas da M\u00e3e.<br \/>\nEm junho, a convidada \u00e9 a ex- reitora da UnB, M\u00e1rcia Abrah\u00e3o. O programa apresentado por M\u00f4nica Carvalho tem como tema Desafios e Projetos para o Envelhecimento Ativo e Saud\u00e1vel. <a href=\"https:\/\/www.youtube.com\/live\/m5xMnNR9d2A?si=qldAunWghJIHIhMA\">Link aqui<\/a><\/p>\n<p><strong>Toda semana<\/strong> &#8211; Festival Orgulho Bras\u00edlia 2025<br \/>\nLocal: Hotel Mercure, com programa\u00e7\u00e3o variada at\u00e9 o dia 06 de julho. Mais informa\u00e7\u00f5es @bras\u00edliaorgulho<\/p>\n<p><strong>Sexta-feira<\/strong>, 27, presencial, das das 8 \u00e0s 18h<br \/>\n6a. Confer\u00eancia do Conselho dos Direitos das Pessoas Idosas &#8211; DF<br \/>\nLocal: Centro Cultural da ADUnB, na UnB. Inscri\u00e7\u00f5es <a href=\"https:\/\/cddpidf.sejus.df.gov.br\/\">Aqui<\/a><\/p>\n<p>PS: Sobre o tema preven\u00e7\u00e3o de quedas, veja texto do Blog <a href=\"https:\/\/blogs.correiobraziliense.com.br\/coletivo-filhas-da-mae\/2021\/10\/18\/529\/\">Aqui<\/a><\/p>\n","protected":false},"excerpt":{"rendered":"<p>Cosette Castro Bras\u00edlia &#8211; Ontem foi mais do que um domingo de sol. Em S\u00e3o Paulo 4 milh\u00f5es de pessoas participaram da 29a. Parada LGBT+ na maior cidade do pa\u00eds. Em termos populacionais, a cifra corresponde a cidades como Fortaleza com 4,2 milh\u00f5es ou Porto Alegre, com 4,1 milh\u00f5es de habitantes.\u00a0A sigla\u00a0 LGBT+ significa l\u00e9sbicas, gays, bissexuais, pessoas trans e [&hellip;]<\/p>\n","protected":false},"author":126,"featured_media":0,"comment_status":"open","ping_status":"open","sticky":false,"template":"","format":"standard","meta":{"footnotes":""},"categories":[9],"tags":[1611,1610,1608,5,1612,1609,73,1038,553],"class_list":["post-3260","post","type-post","status-publish","format-standard","hentry","category-envelhecimento","tag-29a-parada-lgbt-sao-paulo","tag-6a-conferencia-do-conselho-dos-direitos-das-pessoas-idosas-df","tag-dia-mundial-de-prevencao-de-quedas","tag-envelhecimento","tag-envelhecimento-lgbt","tag-festival-orgulho-brasilia","tag-gepafi","tag-marcia-abrahao","tag-programa-terceiras-intencoes"],"_links":{"self":[{"href":"https:\/\/blogs.correiobraziliense.com.br\/coletivo-filhas-da-mae\/wp-json\/wp\/v2\/posts\/3260","targetHints":{"allow":["GET"]}}],"collection":[{"href":"https:\/\/blogs.correiobraziliense.com.br\/coletivo-filhas-da-mae\/wp-json\/wp\/v2\/posts"}],"about":[{"href":"https:\/\/blogs.correiobraziliense.com.br\/coletivo-filhas-da-mae\/wp-json\/wp\/v2\/types\/post"}],"author":[{"embeddable":true,"href":"https:\/\/blogs.correiobraziliense.com.br\/coletivo-filhas-da-mae\/wp-json\/wp\/v2\/users\/126"}],"replies":[{"embeddable":true,"href":"https:\/\/blogs.correiobraziliense.com.br\/coletivo-filhas-da-mae\/wp-json\/wp\/v2\/comments?post=3260"}],"version-history":[{"count":10,"href":"https:\/\/blogs.correiobraziliense.com.br\/coletivo-filhas-da-mae\/wp-json\/wp\/v2\/posts\/3260\/revisions"}],"predecessor-version":[{"id":3271,"href":"https:\/\/blogs.correiobraziliense.com.br\/coletivo-filhas-da-mae\/wp-json\/wp\/v2\/posts\/3260\/revisions\/3271"}],"wp:attachment":[{"href":"https:\/\/blogs.correiobraziliense.com.br\/coletivo-filhas-da-mae\/wp-json\/wp\/v2\/media?parent=3260"}],"wp:term":[{"taxonomy":"category","embeddable":true,"href":"https:\/\/blogs.correiobraziliense.com.br\/coletivo-filhas-da-mae\/wp-json\/wp\/v2\/categories?post=3260"},{"taxonomy":"post_tag","embeddable":true,"href":"https:\/\/blogs.correiobraziliense.com.br\/coletivo-filhas-da-mae\/wp-json\/wp\/v2\/tags?post=3260"}],"curies":[{"name":"wp","href":"https:\/\/api.w.org\/{rel}","templated":true}]}}