{"id":3242,"date":"2025-06-16T19:23:16","date_gmt":"2025-06-16T22:23:16","guid":{"rendered":"https:\/\/blogs.correiobraziliense.com.br\/coletivo-filhas-da-mae\/?p=3242"},"modified":"2025-06-16T19:23:16","modified_gmt":"2025-06-16T22:23:16","slug":"pessoas-idosas-merecem-qualidade-de-vida","status":"publish","type":"post","link":"https:\/\/blogs.correiobraziliense.com.br\/coletivo-filhas-da-mae\/2025\/06\/16\/pessoas-idosas-merecem-qualidade-de-vida\/","title":{"rendered":"Pessoas Idosas Merecem Qualidade de Vida"},"content":{"rendered":"<p>Cosette Castro<\/p>\n<p>Bras\u00edlia- Em tempos de envelhecimento acelerado da popula\u00e7\u00e3o latino-americana, o Brasil se tornou o pa\u00eds l\u00edder na Regi\u00e3o. No ranking do envelhecimento, em segundo lugar est\u00e1 o M\u00e9xico, com 12,2%, e em terceiro \u00a0a Colombia, com 12,6% da popula\u00e7\u00e3o com 60 anos ou mais.<\/p>\n<p>A compara\u00e7\u00e3o foi feita em dezembro de 2024, a partir dos dados do Censo 2022 do Instituto Brasileiro de Geografia e Estat\u00edstica (IBGE) quando o Brasil tinha 32 milh\u00f5es de pessoas idosas. Ou seja, 15,8% da popula\u00e7\u00e3o.<\/p>\n<p>Atualmente h\u00e1 35 milh\u00f5es de pessoas brasileiras com 60 anos ou +,o que representa 16% da popula\u00e7\u00e3o. O aumento da expectativa de vida, principalmente nas classes m\u00e9dia e alta, e a redu\u00e7\u00e3o da taxa de fecundidade s\u00e3o os principais fatores que contribuem para esse fen\u00f4meno.<span>\u00a0 <\/span><\/p>\n<p><span>A m\u00e9dia de vida da popula\u00e7\u00e3o \u00e9 de 73 anos para homens e 79 anos para mulheres, no entanto, nas periferias, a m\u00e9dia de vida cai para 50 anos. N\u00e3o por acaso entre as pessoas idosas apenas 48,8% s\u00e3o negras (MDHC, 2025).<\/span><\/p>\n<p>Rio Grande do Sul, Rio de Janeiro e Minas Gerais no Sul e Sudeste do pa\u00eds s\u00e3o os estados com mais pessoas idosas.<\/p>\n<p>De acordo com o Censo do IBGE (2022), o Rio Grande do Sul tem 80,4 \u00a0pessoas idosas para cada 100 crian\u00e7as, seguido do Rio de Janeiro com 75,9 pessoas idosas para cada 100 crian\u00e7as e de Minas Gerais com 70 pessoas idosas para cada 100 crian\u00e7as. No Distrito Federal tamb\u00e9m est\u00e1 ocorrendo envelhecimento populacional. Em 2022 havia 46,5 pessoas idosas para cada 100 crian\u00e7as.<\/p>\n<p>No junho violeta, cujo dia mundial de conscientiza\u00e7\u00e3o da viol\u00eancia contra as pessoas idosas ocorreu no domingo, dia 15, \u00e9 preciso dar visibilidade \u00e0 viol\u00eancia todos os dias.<\/p>\n<p>\u00c9 preciso escrever, falar, cantar ou gritar contra o empobrecimento, o endividamento e o adoecimento das pessoas idosas, em especial das mulheres com 60 anos ou mais. E cobrar as leis aprovadas que at\u00e9 agora n\u00e3o sairam do papel. Al\u00e9m disso, as baixas aposentadorias e pens\u00f5es seguem sob a mira de congressistas que querem obrigar o governo federal a fazer cortes nas \u00e1reas sociais. Daqueles que mais necessitam.<\/p>\n<p>Diferentes dos pa\u00edses desenvolvidos, o Brasil tem uma popula\u00e7\u00e3o marcada pela desigualdade social e digital, pelo etarismo (preconceito por idade), pelo racismo, pelo machismo. E pela LGBTfobia, onde uma parte das pessoas trans e travestis n\u00e3o consegue passar da m\u00e9dia de 35 anos de vida.<\/p>\n<p>A viol\u00eancia contra as mulheres hetero ou bisexuais\u00a0 se estende, majoritariamente, para jovens trans negras (93% dos casos), empobrecidas, nordestinas, assassinadas em espa\u00e7os p\u00fablicos. Inclusive no m\u00eas de junho, quando \u00e9 celebrado o orgulho LGBTQIAP+.<\/p>\n<p>Os dados sobre os absurdos \u00edndices de viol\u00eancia e assassinatos existentes no Brasil, que h\u00e1 17 anos \u00e9 o pa\u00eds que mais mata pessoas trans e travestis no mundo, constam da 8\u00aa edi\u00e7\u00e3o do Dossi\u00ea Assassinatos e Viol\u00eancias contra Travestis e Transexuais Brasileiras. O documento \u00a0(<a href=\"https:\/\/antrabrasil.org\/wp-content\/uploads\/2025\/01\/dossie-antra-2025.pdf\">Leia aqui<\/a>) foi \u00a0lan\u00e7ado pela Associa\u00e7\u00e3o Nacional de Travestis e Transexuais (Antra, 2025).<\/p>\n<p>No m\u00eas de junho e em todos os meses do ano o Coletivo Filhas da M\u00e3e defende a qualidade de vida de brasileiras e brasileiros de todas as idades, respeitando a diversidade,\u00a0 para que possam chegar a uma velhice ativa e saud\u00e1vel. Como preconiza a Organiza\u00e7\u00e3o Mundial da Sa\u00fade (OMS).<\/p>\n<p>&nbsp;<\/p>\n<p>&nbsp;<\/p>\n<p>&nbsp;<\/p>\n","protected":false},"excerpt":{"rendered":"<p>Cosette Castro Bras\u00edlia- Em tempos de envelhecimento acelerado da popula\u00e7\u00e3o latino-americana, o Brasil se tornou o pa\u00eds l\u00edder na Regi\u00e3o. No ranking do envelhecimento, em segundo lugar est\u00e1 o M\u00e9xico, com 12,2%, e em terceiro \u00a0a Colombia, com 12,6% da popula\u00e7\u00e3o com 60 anos ou mais. A compara\u00e7\u00e3o foi feita em dezembro de 2024, a partir dos dados do Censo [&hellip;]<\/p>\n","protected":false},"author":126,"featured_media":0,"comment_status":"open","ping_status":"open","sticky":false,"template":"","format":"standard","meta":{"footnotes":""},"categories":[1600],"tags":[1602,1603,1601,5,376,1235,1605,1598,161,939,1604,1607,1606],"class_list":["post-3242","post","type-post","status-publish","format-standard","hentry","category-qualidade-de-vida","tag-antra","tag-associacao-nacional-de-travestis-e-transexuais","tag-dossie-assassinatos-e-violencias-contra-travestis-e-transexuais-brasileiras","tag-envelhecimento","tag-ibge","tag-junho-violeta","tag-lgbtfobia","tag-mdhc","tag-oms","tag-organizacao-mundial-da-saude","tag-orgulho-lgbtqiap","tag-transexuais-e-travestis","tag-violencia-contra-a-pessoa-idosa"],"_links":{"self":[{"href":"https:\/\/blogs.correiobraziliense.com.br\/coletivo-filhas-da-mae\/wp-json\/wp\/v2\/posts\/3242","targetHints":{"allow":["GET"]}}],"collection":[{"href":"https:\/\/blogs.correiobraziliense.com.br\/coletivo-filhas-da-mae\/wp-json\/wp\/v2\/posts"}],"about":[{"href":"https:\/\/blogs.correiobraziliense.com.br\/coletivo-filhas-da-mae\/wp-json\/wp\/v2\/types\/post"}],"author":[{"embeddable":true,"href":"https:\/\/blogs.correiobraziliense.com.br\/coletivo-filhas-da-mae\/wp-json\/wp\/v2\/users\/126"}],"replies":[{"embeddable":true,"href":"https:\/\/blogs.correiobraziliense.com.br\/coletivo-filhas-da-mae\/wp-json\/wp\/v2\/comments?post=3242"}],"version-history":[{"count":7,"href":"https:\/\/blogs.correiobraziliense.com.br\/coletivo-filhas-da-mae\/wp-json\/wp\/v2\/posts\/3242\/revisions"}],"predecessor-version":[{"id":3249,"href":"https:\/\/blogs.correiobraziliense.com.br\/coletivo-filhas-da-mae\/wp-json\/wp\/v2\/posts\/3242\/revisions\/3249"}],"wp:attachment":[{"href":"https:\/\/blogs.correiobraziliense.com.br\/coletivo-filhas-da-mae\/wp-json\/wp\/v2\/media?parent=3242"}],"wp:term":[{"taxonomy":"category","embeddable":true,"href":"https:\/\/blogs.correiobraziliense.com.br\/coletivo-filhas-da-mae\/wp-json\/wp\/v2\/categories?post=3242"},{"taxonomy":"post_tag","embeddable":true,"href":"https:\/\/blogs.correiobraziliense.com.br\/coletivo-filhas-da-mae\/wp-json\/wp\/v2\/tags?post=3242"}],"curies":[{"name":"wp","href":"https:\/\/api.w.org\/{rel}","templated":true}]}}