{"id":3239,"date":"2025-06-13T16:47:58","date_gmt":"2025-06-13T19:47:58","guid":{"rendered":"https:\/\/blogs.correiobraziliense.com.br\/coletivo-filhas-da-mae\/?p=3239"},"modified":"2025-06-13T16:47:58","modified_gmt":"2025-06-13T19:47:58","slug":"em-brasilia-todo-junho-e-violeta","status":"publish","type":"post","link":"https:\/\/blogs.correiobraziliense.com.br\/coletivo-filhas-da-mae\/2025\/06\/13\/em-brasilia-todo-junho-e-violeta\/","title":{"rendered":"Em Bras\u00edlia Todo Junho \u00e9  Violeta"},"content":{"rendered":"<p>Cosette Castro &amp; Natalia Duarte<\/p>\n<p>Bras\u00edlia \u2013 No domingo, 15 de junho, n\u00e3o h\u00e1 o que comemorar. No Dia Mundial de Conscientiza\u00e7\u00e3o da Viol\u00eancia Contra a Pessoa Idosa, os dados do Minist\u00e9rio dos Direitos Humanos e Cidadania (MDHC, 2024) mostram que aumentou em 22% os diferentes tipos de viol\u00eancia contra as pessoas idosas no Brasil.\u00a0A maioria das v\u00edtimas s\u00e3o mulheres.<\/p>\n<p>Para escrever sobre o tema, a convidada desta edi\u00e7\u00e3o \u00e9 a professora da UnB, Natalia Duarte, uma das Coordenadoras do Coletivo Filhas da M\u00e3e.<\/p>\n<p>Nat\u00e1lia Duarte \u2013 \u201cEstabelecido pela(ONU) em 2006, a data pretende chamar a aten\u00e7\u00e3o para os diversos tipos de viol\u00eancia que atingem as pessoas idosas.<\/p>\n<p>O Coletivo tem tradi\u00e7\u00e3o nesse tema e h\u00e1 cinco anos promove diferentes atividades para promover essa consci\u00eancia. Dentre elas oficinas de leitura e escrita criativa aberta para popula\u00e7\u00e3o, caminhadas, rodas de conversa, palestras sobre envelhecimento e intergeracionalidade. E participa ativamente em confer\u00eancias distritais e nacionais apresentando propostas para melhorar a qualidade de vida das pessoas com 60 anos ou mais.<\/p>\n<p>Quando se fala em viol\u00eancia, \u00e9 importante pensar que ela se manifesta de m\u00faltiplas formas para poder enfrent\u00e1-la. H\u00e1 viol\u00eancia f\u00edsica, psicol\u00f3gica, emocional e financeira. E sexual contra mulheres idosas, embora sobre isso quase nem se fale. \u00a0Tamb\u00e9m h\u00e1 neglig\u00eancia e abandono, especialmente de pessoas idosas com dem\u00eancia. Nesse caso, h\u00e1 comportamentos associados a condi\u00e7\u00e3o da dem\u00eancia, entre elas o Alzheimer, que podem ser mal interpretados como rigidez, teimosia, falta de educa\u00e7\u00e3o, o que pode gerar viol\u00eancia.<\/p>\n<p>O Dia Mundial de Conscientiza\u00e7\u00e3o da Viol\u00eancia Contra a Pessoa Idosa faz parte da campanha Junho Violeta, que busca sensibilizar a sociedade sobre a import\u00e2ncia de proteger e respeitar os direitos das pessoas idosas e de suas cuidadoras, familiares ou profissionais.<\/p>\n<p>Estes foram temas tratados na V Confer\u00eancia Livre sobre os Direitos das Pessoas Idosas &#8211; DF, realizada na semana passada. E s\u00e3o temas da 6\u00aa Confer\u00eancia Distrital dos Direitos da Pessoa Idosa, convocada pelo Conselho Distrital dos Direitos do Idoso (CDI-DF), que acontecer\u00e1 no pr\u00f3ximo dia 27 de junho no Centro Cultural da ADUnB\/DF, Campus Darcy Ribeiro, em Bras\u00edlia.<\/p>\n<p>A conscientiza\u00e7\u00e3o sobre a viol\u00eancia contra a pessoa idosa \u00e9 essencial em um pa\u00eds que envelhece aceleradamente. Enfrentar uma viol\u00eancia fortalece o enfrentamento de todas as viol\u00eancias, inclusive a institucional.<\/p>\n<p>O Coletivo Filhas da M\u00e3e se v\u00ea obrigado a afirmar que o Governo do Distrito Federal (GDF) promove viol\u00eancia institucional contra pessoas idosas e contra pessoas que cuidam, com ou sem remunera\u00e7\u00e3o, por ina\u00e7\u00e3o. Em quatro anos o GDF n\u00e3o avan\u00e7ou em uma proposta sequer da, aprovada por unanimidade na C\u00e2mara Legislativa do Distrito Federal (CLDF). N\u00e3o implementou nenhum dos programas ou pol\u00edticas previstas na Lei.<\/p>\n<p>Como se fosse pouco, n\u00e3o existe uma Secretaria pr\u00f3pria para a pessoa idosa, n\u00e3o h\u00e1 or\u00e7amento para projetos e a\u00e7\u00f5es para as mais de 400 mil pessoas com 60 anos ou mais que vivem no DF.<\/p>\n<p>Construir consci\u00eancias que enfrentem a viol\u00eancia \u00e9 tamb\u00e9m apontar viol\u00eancias institucionais e reivindicar pol\u00edticas p\u00fablicas j\u00e1 aprovadas e a\u00e7\u00f5es comunit\u00e1rias que promovam o conv\u00edvio intergeracional, fortalecendo la\u00e7os, promovendo cuidados e prevenindo o isolamento social. \u00c9 construir condi\u00e7\u00f5es para uma Sociedade do Cuidado em que todas as fases da vida tenham respeito e aten\u00e7\u00e3o, inclusive a velhice.<\/p>\n<p>O Coletivo tamb\u00e9m aponta outra viol\u00eancia institucional do GDF. Cuidadoras familiares ou profissionais de pessoas idosas dependem da escola p\u00fablica funcionando para que possam exercer o papel de cuidadoras.<\/p>\n<p>Entretanto, as escolas p\u00fablicas do DF est\u00e3o fechadas em fun\u00e7\u00e3o da greve das professoras e professores. Infelizmente, o GDF encerrou as negocia\u00e7\u00f5es e ainda amea\u00e7ou a categoria de diversas formas. Amea\u00e7a tamb\u00e9m \u00e9 viol\u00eancia. Com amea\u00e7a n\u00e3o h\u00e1 possibilidade de cuidado coletivo.<\/p>\n<p>N\u00e3o h\u00e1 Sociedade do Cuidado sem professoras e professores valorizados e escolas p\u00fablicas bem estruturadas e equipadas. N\u00e3o h\u00e1 o trabalho de cuidado da pessoa idosa sem que o filho ou filha da cuidadora, com ou sem remunera\u00e7\u00e3o, esteja na escola.<\/p>\n<p>O Coletivo segue esperan\u00e7ando que a Sociedade do Cuidado seja constru\u00edda com participa\u00e7\u00e3o social e que as viol\u00eancias contra as pessoas idosas e\u00a0 outras viol\u00eancias institucionais cessem o mais r\u00e1pido poss\u00edvel\u201d.<\/p>\n<p>O Junho Violeta refor\u00e7a a import\u00e2ncia de construirmos juntas e juntos uma Sociedade do Cuidado.<\/p>\n<p>PS: No domingo, 15, estaremos juntas e juntos na Caminhada de Conscientiza\u00e7\u00e3o da Viol\u00eancia Contra Pessoa Idosa que vai acontecer no Eix\u00e3o Norte, saindo da Quadra 207, \u00e0s 9h. Depois haver\u00e1 atividades promovidas pela Sub- Secretaria da Pessoa Idosa.<\/p>\n","protected":false},"excerpt":{"rendered":"<p>Cosette Castro &amp; Natalia Duarte Bras\u00edlia \u2013 No domingo, 15 de junho, n\u00e3o h\u00e1 o que comemorar. No Dia Mundial de Conscientiza\u00e7\u00e3o da Viol\u00eancia Contra a Pessoa Idosa, os dados do Minist\u00e9rio dos Direitos Humanos e Cidadania (MDHC, 2024) mostram que aumentou em 22% os diferentes tipos de viol\u00eancia contra as pessoas idosas no Brasil.\u00a0A maioria das v\u00edtimas s\u00e3o mulheres. [&hellip;]<\/p>\n","protected":false},"author":126,"featured_media":0,"comment_status":"open","ping_status":"open","sticky":false,"template":"","format":"standard","meta":{"footnotes":""},"categories":[1594],"tags":[444,20,24,21,97,1597,5,1599,1596,1598,870,1099,905,1595],"class_list":["post-3239","post","type-post","status-publish","format-standard","hentry","category-violencia-contra-pessoas-idosas","tag-15-de-junho","tag-cuidadoras-familiares","tag-cuidadoras-profissionais","tag-cuidadores-familiares","tag-cuidadores-nao-remunerados","tag-dia-mundial-de-conscientizacao-da-violencia-contra-a-pessoa-idosa","tag-envelhecimento","tag-greve-dos-professores-df","tag-lei-distrital-6926-2021","tag-mdhc","tag-natalia-duarte","tag-organizacao-das-nacoes-unidas","tag-sociedade-do-cuidado","tag-violencia-institucional"],"_links":{"self":[{"href":"https:\/\/blogs.correiobraziliense.com.br\/coletivo-filhas-da-mae\/wp-json\/wp\/v2\/posts\/3239","targetHints":{"allow":["GET"]}}],"collection":[{"href":"https:\/\/blogs.correiobraziliense.com.br\/coletivo-filhas-da-mae\/wp-json\/wp\/v2\/posts"}],"about":[{"href":"https:\/\/blogs.correiobraziliense.com.br\/coletivo-filhas-da-mae\/wp-json\/wp\/v2\/types\/post"}],"author":[{"embeddable":true,"href":"https:\/\/blogs.correiobraziliense.com.br\/coletivo-filhas-da-mae\/wp-json\/wp\/v2\/users\/126"}],"replies":[{"embeddable":true,"href":"https:\/\/blogs.correiobraziliense.com.br\/coletivo-filhas-da-mae\/wp-json\/wp\/v2\/comments?post=3239"}],"version-history":[{"count":2,"href":"https:\/\/blogs.correiobraziliense.com.br\/coletivo-filhas-da-mae\/wp-json\/wp\/v2\/posts\/3239\/revisions"}],"predecessor-version":[{"id":3241,"href":"https:\/\/blogs.correiobraziliense.com.br\/coletivo-filhas-da-mae\/wp-json\/wp\/v2\/posts\/3239\/revisions\/3241"}],"wp:attachment":[{"href":"https:\/\/blogs.correiobraziliense.com.br\/coletivo-filhas-da-mae\/wp-json\/wp\/v2\/media?parent=3239"}],"wp:term":[{"taxonomy":"category","embeddable":true,"href":"https:\/\/blogs.correiobraziliense.com.br\/coletivo-filhas-da-mae\/wp-json\/wp\/v2\/categories?post=3239"},{"taxonomy":"post_tag","embeddable":true,"href":"https:\/\/blogs.correiobraziliense.com.br\/coletivo-filhas-da-mae\/wp-json\/wp\/v2\/tags?post=3239"}],"curies":[{"name":"wp","href":"https:\/\/api.w.org\/{rel}","templated":true}]}}