{"id":3226,"date":"2025-06-09T07:30:59","date_gmt":"2025-06-09T10:30:59","guid":{"rendered":"https:\/\/blogs.correiobraziliense.com.br\/coletivo-filhas-da-mae\/?p=3226"},"modified":"2025-06-09T08:54:43","modified_gmt":"2025-06-09T11:54:43","slug":"gilberto-gil-e-o-direito-a-envelhecer-com-qualidade-de-vida","status":"publish","type":"post","link":"https:\/\/blogs.correiobraziliense.com.br\/coletivo-filhas-da-mae\/2025\/06\/09\/gilberto-gil-e-o-direito-a-envelhecer-com-qualidade-de-vida\/","title":{"rendered":"Gilberto Gil e o Direito a Envelhecer com Qualidade de Vida"},"content":{"rendered":"<p>Cosette Castro<\/p>\n<p>Bras\u00edlia &#8211; Este foi um fim de semana intenso. Como esperar menos quando a alegria contagiante de Gilberto Gil se expandiu no s\u00e1bado, noite a dentro, na Capital Federal?<\/p>\n<p>O artista baiano, de 82 anos, mostrou\u00a0\u00a0para as cerca de 50 mil pessoas presentes no seu show que existem diferentes tipos de velhice. De corpos e de despedidas.<\/p>\n<p>Com Gil, foi poss\u00edvel se despedir com gra\u00e7a, dan\u00e7a e alegria. Sem sofrimento, principalmente quando h\u00e1 qualidade de vida.\u00a0Mesmo que o tempo seja rei e passe para todos, o cantor mostrou que \u00e9 poss\u00edvel escolher melhores maneiras de viver. De seguir existindo e experimentar a vida.<\/p>\n<p>No espet\u00e1culo &#8220;<a href=\"https:\/\/www.youtube.com\/watch?v=7s0yAJA8AnA\">Tempo Rei<\/a>&#8220;, Gil cantou a sua hist\u00f3ria na m\u00fasica brasileira. Uma hist\u00f3ria que se mescla com a hist\u00f3ria cultural e\u00a0\u00a0pol\u00edtica do pa\u00eds. Ele lembrou dos tempos duros da ditadura civil-militar que assolou o Brasil durante 21 anos, de 1964-1985.\u00a0\u00a0Sem esquecer dos presos pol\u00edticos e dos desaparecidos.<\/p>\n<p>Gilberto Gil cantou &#8220;<a href=\"https:\/\/youtu.be\/9y2xB90A0CY\">C\u00e1lice<\/a>&#8221; escrita por ele e Chico Buarque em 1973, m\u00fasica que foi censurada durante cinco anos. E, com eleg\u00e2ncia, criticou o extremismo pol\u00edtico e o \u00f3dio, lembrando que \u00e9 preciso falar sobre isso para que a hist\u00f3ria n\u00e3o se repita.<\/p>\n<p>Durante quase 03 horas ele cantou sobre sua f\u00e9 na humanidade. Mas tamb\u00e9m sobre\u00a0\u00a0racismo, desigualdade social e direitos humanos.\u00a0Basta prestar aten\u00e7\u00e3o nas letras para saber que Gil \u00e9 amor, respeito aos outros, valoriza\u00e7\u00e3o da ancestralidade e daqueles que n\u00e3o s\u00e3o\u00a0vis\u00edveis socialmente.<\/p>\n<p>Com a diversidade de g\u00eaneros que\u00a0lhe caracteriza desde os anos 60, Gil homenageou a diversidade da m\u00fasica e da cultura brasileira.\u00a0N\u00e3o faltou MPB, reaggae, rock, m\u00fasica afrobrasileira. Nem convite para artistas locais, como Alexandre Carlos, vocalista da banda brasiliense Natiruts. Juntos cantaram a m\u00fasica &#8220;<a href=\"https:\/\/youtu.be\/mh9drfcfPuU\">Extra<\/a>&#8220;, de Gilberto Gil.<\/p>\n<p><strong>Envelhecer com Qualidade de Vida<\/strong><\/p>\n<p>No mesmo s\u00e1bado, dia 07, durante o dia ocorreu V Confer\u00eancia Livre em Defesa dos Direitos da Pessoa, na UnB Ceil\u00e2ndia organizada pelo F\u00f3rum da Sociedade Civil em Defesa das Pessoas Idosas e parceiros, entre eles o Coletivo Filhas da M\u00e3e.<\/p>\n<p>Mais de 200 pessoas\u00a0debateram\u00a0sobre\u00a0 Rede de Prote\u00e7\u00e3o da Pessoa Idosa: &#8220;Defesa dos Direitos, Cuidados, Participa\u00e7\u00e3o e Financiamento&#8221;. Elas e eles apresentaram e aprovaram propostas para melhorar a qualidade de vida das pessoas com\u00a0 60 anos ou mais no Distrito Federal onde\u00a0 vivem cerca de 450 mil pessoas (IPE-DF, 2024).<\/p>\n<p>Quatro grupos refletiram sobre: 1.Rede de Prote\u00e7\u00e3o: Implementa\u00e7\u00e3o na Defesa de Direitos, na Integra\u00e7\u00e3o das Pol\u00edticas Sociais e no Financiamento; 2.\u00a0Cuidados: Modalidades de Aten\u00e7\u00e3o, Sa\u00fade, Assist\u00eancia Social e Direitos de quem \u00e9 cuidado e de quem cuida; 3.\u00a0Envelhecimento Saud\u00e1vel: Educa\u00e7\u00e3o, Participa\u00e7\u00e3o, Mobilidade, Acessibilidade e Atividades F\u00edsicas e 4.Inclus\u00e3o Digital e Intera\u00e7\u00e3o Intergeracional.<\/p>\n<p>Em cada eixo foram aprovadas quatro propostas. Nesta edi\u00e7\u00e3o foram selecionadas uma de cada grupo:<\/p>\n<p>1. Construir um plano integrado para a pessoa idosa, abrangendo as pol\u00edticas sociais: educa\u00e7\u00e3o, sa\u00fade, seguran\u00e7a p\u00fablica, mobilidade urbana e assist\u00eancia social, de forma que fortale\u00e7a a troca intergeracional, intersetorial, as organiza\u00e7\u00f5es da sociedade civil, as associa\u00e7\u00f5es, entidades, coletivos e centros de conviv\u00eancia;<\/p>\n<p>2.\u00a0Cria\u00e7\u00e3o da Pol\u00edtica Distrital de Cuidados, com pol\u00edticas integradas de Estado para mulheres pobres, negras, idosas, pessoas com defici\u00eancia (PcD), p\u00fablico LGBTQIPN+, e outros grupos com fragilidade social;<\/p>\n<p>3. Oferecer\u00a0\u00f4nibus adequados, tratamento respeitoso para pessoas idosas, garantia da prioridade de assentos, fim das cal\u00e7adas e ruas esburacadas para evitar quedas, assim como locais com acessibilidade e oferta de pr\u00e1ticas desportivas que tenham espa\u00e7o qualitativo e perto das\u00a0 resid\u00eancias;<\/p>\n<p>4.\u00a0Implementar oficinas pr\u00e1ticas regulares em centros comunit\u00e1rios, unidades b\u00e1sicas de sa\u00fade, bibliotecas, escolas e pra\u00e7as p\u00fablicas, onde as pessoas idosas possam aprender a utilizar celulares, aplicativos e servi\u00e7os digitais, de maneira articulada com os Pontos de Cultura do DF.<\/p>\n<p>Em tempos de viol\u00eancia institucional contra as pessoas idosas, com a n\u00e3o implementa\u00e7\u00e3o de Leis distritais e nacionais j\u00e1 aprovadas, espera-se que, como na m\u00fasica &#8220;Tempo Rei&#8221;, seja poss\u00edvel transformar as velhas formas de envelhecer no Brasil. E que o envelhecimento saud\u00e1vel e ativo ocorra com pol\u00edticas p\u00fablicas efetivas.<\/p>\n<p>PS: Assim que o relat\u00f3rio da V Confer\u00eancia Livre em Defesa dos Direitos das Pessoas Idosas estiver pronto, ser\u00e1 disponibilizado no Blog.<\/p>\n","protected":false},"excerpt":{"rendered":"<p>Cosette Castro Bras\u00edlia &#8211; Este foi um fim de semana intenso. Como esperar menos quando a alegria contagiante de Gilberto Gil se expandiu no s\u00e1bado, noite a dentro, na Capital Federal? O artista baiano, de 82 anos, mostrou\u00a0\u00a0para as cerca de 50 mil pessoas presentes no seu show que existem diferentes tipos de velhice. De corpos e de despedidas. Com [&hellip;]<\/p>\n","protected":false},"author":126,"featured_media":0,"comment_status":"open","ping_status":"open","sticky":false,"template":"","format":"standard","meta":{"footnotes":""},"categories":[1211],"tags":[1593,1590,1591,1592,1218,1589],"class_list":["post-3226","post","type-post","status-publish","format-standard","hentry","category-pessoas-idosas","tag-alexandre-carlos","tag-forum-da-sociedade-civil-em-defesa-das-pessoas-idosas","tag-gilberto-gil","tag-turne-tempo-rei","tag-unb-ceilandia","tag-v-conferencia-livre-dos-direitos-da-pessoa"],"_links":{"self":[{"href":"https:\/\/blogs.correiobraziliense.com.br\/coletivo-filhas-da-mae\/wp-json\/wp\/v2\/posts\/3226","targetHints":{"allow":["GET"]}}],"collection":[{"href":"https:\/\/blogs.correiobraziliense.com.br\/coletivo-filhas-da-mae\/wp-json\/wp\/v2\/posts"}],"about":[{"href":"https:\/\/blogs.correiobraziliense.com.br\/coletivo-filhas-da-mae\/wp-json\/wp\/v2\/types\/post"}],"author":[{"embeddable":true,"href":"https:\/\/blogs.correiobraziliense.com.br\/coletivo-filhas-da-mae\/wp-json\/wp\/v2\/users\/126"}],"replies":[{"embeddable":true,"href":"https:\/\/blogs.correiobraziliense.com.br\/coletivo-filhas-da-mae\/wp-json\/wp\/v2\/comments?post=3226"}],"version-history":[{"count":11,"href":"https:\/\/blogs.correiobraziliense.com.br\/coletivo-filhas-da-mae\/wp-json\/wp\/v2\/posts\/3226\/revisions"}],"predecessor-version":[{"id":3237,"href":"https:\/\/blogs.correiobraziliense.com.br\/coletivo-filhas-da-mae\/wp-json\/wp\/v2\/posts\/3226\/revisions\/3237"}],"wp:attachment":[{"href":"https:\/\/blogs.correiobraziliense.com.br\/coletivo-filhas-da-mae\/wp-json\/wp\/v2\/media?parent=3226"}],"wp:term":[{"taxonomy":"category","embeddable":true,"href":"https:\/\/blogs.correiobraziliense.com.br\/coletivo-filhas-da-mae\/wp-json\/wp\/v2\/categories?post=3226"},{"taxonomy":"post_tag","embeddable":true,"href":"https:\/\/blogs.correiobraziliense.com.br\/coletivo-filhas-da-mae\/wp-json\/wp\/v2\/tags?post=3226"}],"curies":[{"name":"wp","href":"https:\/\/api.w.org\/{rel}","templated":true}]}}