{"id":3214,"date":"2025-06-02T14:07:30","date_gmt":"2025-06-02T17:07:30","guid":{"rendered":"https:\/\/blogs.correiobraziliense.com.br\/coletivo-filhas-da-mae\/?p=3214"},"modified":"2025-06-02T14:10:06","modified_gmt":"2025-06-02T17:10:06","slug":"o-plebiscito-popular-e-a-vida-das-mulheres","status":"publish","type":"post","link":"https:\/\/blogs.correiobraziliense.com.br\/coletivo-filhas-da-mae\/2025\/06\/02\/o-plebiscito-popular-e-a-vida-das-mulheres\/","title":{"rendered":"O Plebiscito Popular e a Vida das Mulheres"},"content":{"rendered":"<p><span style=\"font-weight: 400\">Cosette Castro<\/span><\/p>\n<p><span style=\"font-weight: 400\">Bras\u00edlia &#8211; Mal come\u00e7ou o m\u00eas de junho e a agenda j\u00e1 est\u00e1 lotada. Principalmente com atividades voltadas para ampliar os direitos e melhorar a qualidade de vida das mulheres e das pessoas idosas.<\/span><\/p>\n<p><span style=\"font-weight: 400\">Este ano os movimentos sociais de todo o pa\u00eds est\u00e3o organizando um Plebiscito Popular para conseguir a redu\u00e7\u00e3o da carga hor\u00e1ria de trabalho 6X1 sem perda salarial,\u00a0 a isen\u00e7\u00e3o do imposto de renda para quem recebe at\u00e9 5 mil reais por m\u00eas e a taxa\u00e7\u00e3o de grandes fortunas. <\/span><\/p>\n<p><span style=\"font-weight: 400\">Para conhecer mais sobre o Plebiscito Popular, a convidada desta edi\u00e7\u00e3o \u00e9 a antrop\u00f3loga Carmela Zigoni, assessora pol\u00edtica do\u00a0Instituto de Estudos Socioecon\u00f4micos (Inesc), com sede em Bras\u00edlia.<\/span><\/p>\n<p><span style=\"font-weight: 400\">Carmela Rigoni &#8211; &#8220;O Plebiscito Popular \u00e9 organizado nacionalmente por diferentes movimentos sociais, entre eles o Inesc, al\u00e9m de contar com o apoio de partidos pol\u00edticos progressistas. O processo prev\u00ea forma\u00e7\u00f5es e atividades de mobiliza\u00e7\u00e3o local, com o objetivo de espalhar as informa\u00e7\u00f5es e construir a agenda a partir dos territ\u00f3rios.\u00a0<\/span><\/p>\n<p><span style=\"font-weight: 400\">Mas por que esta a\u00e7\u00e3o \u00e9 importante, principalmente para as mulheres?\u00a0<\/span><\/p>\n<p><span style=\"font-weight: 400\">Atualmente, as mulheres brasileiras sofrem com a sobrecarga de trabalho, acumulando fun\u00e7\u00f5es dentro e fora de casa. Como<\/span><span style=\"font-weight: 400\"> aponta o <a href=\"https:\/\/www.ipea.gov.br\/portal\/categorias\/45-todas-as-noticias\/noticias\/14024-estudo-aponta-desigualdade-de-genero-no-trabalho-domestico-e-de-cuidados-nao-remunerado-no-brasil\">Instituto\u00a0 de Pesquisa Econ\u00f4mica Aplicada<\/a> (IPEA, 2023)<\/span><span style=\"font-weight: 400\">\u00a0as mulheres dedicam 11 horas a mais por semana do que os homens com o trabalho dom\u00e9stico e\u00a0 com o trabalho\u00a0 n\u00e3o remunerado de cuidado. A atividade de cuidado ocorre com\u00a0 filhos, pessoas doentes, pessoas com defici\u00eancia e com pessoas idosas. <\/span><\/p>\n<p><span style=\"font-weight: 400\">Essas mulheres quando submetidas a empregos com jornada 6&#215;1, muitas vezes entram em processo de adoecimento f\u00edsico e mental. Em sua maioria, elas ganham um sal\u00e1rio m\u00ednimo por m\u00eas. Uma maioria negra ou parda, com direitos sociais reduzidos pela austeridade fiscal e acesso prec\u00e1rios aos servi\u00e7os p\u00fablicos.<\/span><\/p>\n<p><span style=\"font-weight: 400\">Outro problema cr\u00f4nico no Brasil \u00e9 a concentra\u00e7\u00e3o de renda e riqueza, fruto de s\u00e9culos de coloniza\u00e7\u00e3o e de d\u00e9cadas de um sistema tribut\u00e1rio regressivo que penaliza os mais pobres por meio dos impostos sobre o consumo. De acordo com estudos do Inesc (<\/span><a href=\"https:\/\/inesc.org.br\/perfil-da-desigualdade-e-da-injustica-tributaria\/\"><span style=\"font-weight: 400\">2014<\/span><\/a><span style=\"font-weight: 400\">, <\/span><a href=\"https:\/\/inesc.org.br\/wp-content\/uploads\/2023\/06\/estudo-tributacao-raca-genero.pdf?x96134\"><span style=\"font-weight: 400\">2024<\/span><\/a><span style=\"font-weight: 400\">), as mulheres negras e pardas pobres pagam, proporcionalmente, mais impostos sobre o consumo do que homens brancos de classes mais altas.<\/span><\/p>\n<p><span style=\"font-weight: 400\">A mulher que trabalha em jornada 6&#215;1 ganha sal\u00e1rio m\u00ednimo, chega em casa e\u00a0 ainda precisa cuidar da fam\u00edlia e realizar o trabalho dom\u00e9stico. Ou seja, inclusive no seu \u00fanico dia livre, ela segue trabalhando. <\/span><\/p>\n<p><span style=\"font-weight: 400\">Muitas vezes ela est\u00e1 sozinha, j\u00e1 que, segundo o Censo 2022 realizado pelo Instituto Brasileiro de Geografia e Estat\u00edstica (IBGE, 2023),\u00a049,1% das mulheres brasileiras s\u00e3o chefes de fam\u00edlia. Elas con<\/span><span style=\"font-weight: 400\">tribuem para o or\u00e7amento p\u00fablico pagando impostos sobre tudo que consomem, mas n\u00e3o recebem pol\u00edticas p\u00fablicas de qualidade. Do outro lado est\u00e3o os milion\u00e1rios e bilion\u00e1rios que pagam impostos irris\u00f3rios, como se fossem pobres ou classe m\u00e9dia.\u00a0<\/span><\/p>\n<p><span style=\"font-weight: 400\">A isen\u00e7\u00e3o do imposto de renda para pessoas que recebem at\u00e9 5 mil reais por m\u00eas pretende corrigir uma d\u00edvida hist\u00f3rica e ajustar o sistema de pagamento de tributos no Brasil, ainda que tardiamente. Trata-se de uma pol\u00edtica reparat\u00f3ria para as mulheres negras e pardas que sustentaram a constru\u00e7\u00e3o do Brasil com seus corpos desde o per\u00edodo escravocrata. Elas seguem sustentando o pa\u00eds, ainda que na invisibilidade, pois s\u00e3o a maioria na base da pir\u00e2mide social.\u00a0<\/span><\/p>\n<p><span style=\"font-weight: 400\">\u00a0O\u00a0 processo do Plebiscito Popular j\u00e1 come\u00e7ou com cursos de forma\u00e7\u00e3o para multiplicadores. A previs\u00e3o da vota\u00e7\u00e3o est\u00e1 prevista para julho e a entrega das demandas da sociedade civil aos poderes p\u00fablicos, para setembro. Essa grande mobiliza\u00e7\u00e3o social poder\u00e1 pressionar os parlamentares para que votem a favor dessas causas que, por sua vez, ter\u00e3o um impacto enorme na qualidade de vida das mulheres brasileiras, independente da idade.&#8221;\u00a0<\/span><\/p>\n<p>Esta n\u00e3o \u00e9 a primeira vez que um Plebiscito Popular \u00e9 realizado no pa\u00eds.<\/p>\n<p>Em 2002, movimentos sociais rejeitaram a \u00c1rea de Livre Com\u00e9rcio das Am\u00e9ricas (ALCA). Em 2005, houve ampla campanha popular pela regulamenta\u00e7\u00e3o do controle de armas.\u00a0Em 2014, cerca de 7,7 milh\u00f5es votaram por uma\u00a0 nova Constituinte para a reforma pol\u00edtica, ainda que n\u00e3o tenha ocorrido. Em 2025 os movimentos sociais esperam ampliar a discuss\u00e3o chegando a mais pessoas que nos anos anteriores.<\/p>\n<p><span style=\"font-weight: 400\">PS: No pr\u00f3ximo s\u00e1bado, dia 07, acontece a V Confer\u00eancia Livre em Defesa dos Direitos da Pessoa Idosa no Distrito Federal, na UnB da Ceil\u00e2ndia. \u00c9 o momento certo para fazer propostas para melhorar a qualidade de vida das pessoas idosas. Inscri\u00e7\u00f5es gratuitas <a href=\"https:\/\/docs.google.com\/forms\/d\/e\/1FAIpQLSf3aU2l9GogXf1SiBJIwasDFGagnsu2duH9QB6KcdUc66ND2w\/viewform?usp=dialog\">Aqui<\/a>.\u00a0<\/span><\/p>\n<p>&nbsp;<\/p>\n","protected":false},"excerpt":{"rendered":"<p>Cosette Castro Bras\u00edlia &#8211; Mal come\u00e7ou o m\u00eas de junho e a agenda j\u00e1 est\u00e1 lotada. Principalmente com atividades voltadas para ampliar os direitos e melhorar a qualidade de vida das mulheres e das pessoas idosas. Este ano os movimentos sociais de todo o pa\u00eds est\u00e3o organizando um Plebiscito Popular para conseguir a redu\u00e7\u00e3o da carga hor\u00e1ria de trabalho 6X1 [&hellip;]<\/p>\n","protected":false},"author":126,"featured_media":0,"comment_status":"open","ping_status":"open","sticky":false,"template":"","format":"standard","meta":{"footnotes":""},"categories":[1577],"tags":[1501,5,1580,744,1582,1579,4,300,1578,1581,1552],"class_list":["post-3214","post","type-post","status-publish","format-standard","hentry","category-plebiscito-popular","tag-carmela-zigoni","tag-envelhecimento","tag-inesc","tag-ipea","tag-isencao-do-imposto-de-renda","tag-jornada-6x1","tag-mulheres","tag-pessoas-idosas","tag-plebiscito-popular","tag-taxacao-de-grandes-fortunas","tag-v-conferencia-livre-em-defesa-dos-direitos-das-pessoas-idosas"],"_links":{"self":[{"href":"https:\/\/blogs.correiobraziliense.com.br\/coletivo-filhas-da-mae\/wp-json\/wp\/v2\/posts\/3214","targetHints":{"allow":["GET"]}}],"collection":[{"href":"https:\/\/blogs.correiobraziliense.com.br\/coletivo-filhas-da-mae\/wp-json\/wp\/v2\/posts"}],"about":[{"href":"https:\/\/blogs.correiobraziliense.com.br\/coletivo-filhas-da-mae\/wp-json\/wp\/v2\/types\/post"}],"author":[{"embeddable":true,"href":"https:\/\/blogs.correiobraziliense.com.br\/coletivo-filhas-da-mae\/wp-json\/wp\/v2\/users\/126"}],"replies":[{"embeddable":true,"href":"https:\/\/blogs.correiobraziliense.com.br\/coletivo-filhas-da-mae\/wp-json\/wp\/v2\/comments?post=3214"}],"version-history":[{"count":5,"href":"https:\/\/blogs.correiobraziliense.com.br\/coletivo-filhas-da-mae\/wp-json\/wp\/v2\/posts\/3214\/revisions"}],"predecessor-version":[{"id":3219,"href":"https:\/\/blogs.correiobraziliense.com.br\/coletivo-filhas-da-mae\/wp-json\/wp\/v2\/posts\/3214\/revisions\/3219"}],"wp:attachment":[{"href":"https:\/\/blogs.correiobraziliense.com.br\/coletivo-filhas-da-mae\/wp-json\/wp\/v2\/media?parent=3214"}],"wp:term":[{"taxonomy":"category","embeddable":true,"href":"https:\/\/blogs.correiobraziliense.com.br\/coletivo-filhas-da-mae\/wp-json\/wp\/v2\/categories?post=3214"},{"taxonomy":"post_tag","embeddable":true,"href":"https:\/\/blogs.correiobraziliense.com.br\/coletivo-filhas-da-mae\/wp-json\/wp\/v2\/tags?post=3214"}],"curies":[{"name":"wp","href":"https:\/\/api.w.org\/{rel}","templated":true}]}}