{"id":3157,"date":"2025-05-05T17:05:20","date_gmt":"2025-05-05T20:05:20","guid":{"rendered":"https:\/\/blogs.correiobraziliense.com.br\/coletivo-filhas-da-mae\/?p=3157"},"modified":"2025-05-05T17:21:10","modified_gmt":"2025-05-05T20:21:10","slug":"as-mulheres-e-a-vi-conferencia-nacional-das-pessoas-idosas","status":"publish","type":"post","link":"https:\/\/blogs.correiobraziliense.com.br\/coletivo-filhas-da-mae\/2025\/05\/05\/as-mulheres-e-a-vi-conferencia-nacional-das-pessoas-idosas\/","title":{"rendered":"As Mulheres e a VI Confer\u00eancia Nacional das Pessoas Idosas"},"content":{"rendered":"<p>Cosette Castro &amp; Maria do Carmo Guido<\/p>\n<p>Bras\u00edlia &#8211; No ano em que vai acontecer a\u00a0 6\u00aa Confer\u00eancia Nacional dos Direitos da Pessoa Idosa, o tema j\u00e1 est\u00e1 mobilizando as pessoas com 60 anos ou mais\u00a0 em todo Brasil.<\/p>\n<p>A VI Confer\u00eancia Nacional vai ser realizada de 05 a 08 de novembro, em Bras\u00edlia, mas antes disso, acontecer\u00e3o Confer\u00eancia preparat\u00f3rias e Confer\u00eancias Livres de Norte a Sul do pa\u00eds.\u00a0Na Capital Federal, por exemplo, acontecer\u00e3o duas Confer\u00eancia previas.<\/p>\n<p>A primeira \u00e9 a V Confer\u00eancia Livre em Defesa dos Direitos das Pessoas Idosas. Ela \u00e9 coordenada pelo F\u00f3rum Distrital da Sociedade Civil em Defesa das Pessoas Idosas e seus parceiros, entre os quais o Coletivo Filhas da M\u00e3e, e est\u00e1 agendada para o dia 06 de junho.\u00a0 E, em data a ser confirmada, ocorrer\u00e1 a Confer\u00eancia Preparat\u00f3ria coordenada pelo Conselho Distrital dos Direitos das Pessoas Idosa.<\/p>\n<p>Para falar sobre envelhecimento e participa\u00e7\u00e3o das mulheres, convidamos a Soci\u00f3loga Maria do Carmo Guido, que tem p\u00f3s-gradua\u00e7\u00e3o em Gest\u00e3o e Pol\u00edticas P\u00fablicas e estuda economia do envelhecimento. Ela \u00e9 Conselheira dos Direitos da Pessoa Idosa do Munic\u00edpio de S\u00e3o Paulo, a maior cidade do pa\u00eds com 11,8 milh\u00f5es de habitantes.<\/p>\n<p>Maria do Carmo Guido \u2013 \u201cDentre os objetivos da VI Confer\u00eancia Nacional da Pessoa Idosa, ressaltamos o Objetivo II, que real\u00e7a o envelhecimento plural. O processo de envelhecimento tem identidade:\u00a0 classe social,\u00a0 ra\u00e7a\/etnia, g\u00eanero e orienta\u00e7\u00e3o sexual. A mulher idosa carrega o peso desses v\u00e1rios tipos de opress\u00e3o. \u00c9 essencial que as mulheres 60+ sejam protagonistas nos debates da VI Confer\u00eancia.\u00a0 S\u00e3o elas que, na velhice, experimentam as maiores\u00a0 vulnerabilidades.<\/p>\n<p>A transi\u00e7\u00e3o demogr\u00e1fica brasileira resulta no processo acelerado de feminiza\u00e7\u00e3o da velhice. E tamb\u00e9m da sua pobreza.<\/p>\n<p>As mulheres s\u00e3o mais longevas do que os homens em todas as sociedades. No Brasil, segundo o Censo do IBGE de 2022, as mulheres representam 51,1% da popula\u00e7\u00e3o e os homens 48,9%. J\u00e1 as mulheres idosas representam 18,5% da popula\u00e7\u00e3o total de mulheres no Brasil.<\/p>\n<p>Na faixa et\u00e1ria de 60 anos ou mais, 51% dos lares brasileiros s\u00e3o sustentados por mulheres. As av\u00f3s s\u00e3o um desses pilares, de acordo com o Censo 2022. \u00a0S\u00e3o elas que fornecem sustenta\u00e7\u00e3o econ\u00f4mica com suas aposentadorias e pens\u00f5es. E diariamente tamb\u00e9m sustentam o cuidado gratuito, seja ele o cuidado de pessoas ou da casa.<\/p>\n<p>Segundo dados recentes da Pesquisa Nacional por Amostra de Domic\u00edlios (PNAD), 70% dos domic\u00edlios brasileiros dependem da renda das pessoas idosas. Precisamos urgente pensar propostas para reduzir a sobrecarga das pessoas idosas, principalmente das mulheres.<\/p>\n<p>A Pol\u00edtica Nacional de Cuidados (PNC), institu\u00edda atrav\u00e9s da Lei 15.069, foi aprovada em dezembro de 2024 e merece um destaque especial na Confer\u00eancia Nacional.<\/p>\n<p>Um dos objetivos da PNC \u00e9 garantir e implementar pol\u00edticas p\u00fablicas de cuidado com garantias de prote\u00e7\u00e3o \u00e0s mulheres, inclusive as mulheres 60+ cuidadoras sem remunera\u00e7\u00e3o e mantenedoras de outras pessoas idosas, de pessoas com defici\u00eancia, de pessoas doentes e de crian\u00e7as. Elas ainda realizam trabalho de cuidado dom\u00e9stico.<\/p>\n<p>As mulheres idosas, que recebem menores valores nas aposentadorias e pens\u00f5es, \u00a0s\u00e3o o grupo social que mais dependem das pol\u00edticas p\u00fablicas transversais e intersetoriais nas \u00e1reas da sa\u00fade, assist\u00eancia social, previd\u00eancia\/seguridade social, habita\u00e7\u00e3o, educa\u00e7\u00e3o e seguran\u00e7a alimentar.<\/p>\n<p>Especialmente na \u00e1rea da sa\u00fade, \u00e9 importante incentivar o SUS a investir no acolhimento e acompanhamento multidisciplinar da mulher na transi\u00e7\u00e3o para o envelhecimento, para a menopausa, para tratamento da osteoporose e terapias complementares.\u201d<\/p>\n<p>J\u00e1 o\u00a0 Coletivo Filhas da M\u00e3e defende pol\u00edticas p\u00fablicas de promo\u00e7\u00e3o \u00e0 sa\u00fade integral das pessoas idosas com \u00eanfase nas mulheres 60+ que representam o maior grupo de pessoas que cuidam sem remunera\u00e7\u00e3o no Brasil.\u00a0Entre elas, est\u00e3o propostas que reduzam a sobrecarga f\u00edsica e emocional feminina e coloquem em pr\u00e1tica a corresponsabilidade em todos os \u00e2mbitos.<\/p>\n<p>Seja a corresponsabilidade familiar, com incentivo a participa\u00e7\u00e3o masculina no cuidado cotidiano, assim como a co-responsabilidade das empresas, com o fim da discrimina\u00e7\u00e3o por idade e incentivo a equipes intergeracionais. E \u00e0 co-responsabilidade do Estado. \u00c9 urgente a ofertar qualidade ao longo da vida com oferta equipamentos p\u00fablicos como creches, escolas em tempo integral, centros dias, institui\u00e7\u00f5es de longa perman\u00eancia para pessoas idosas, com ou sem dem\u00eancias e casas coletivas que estimulem experi\u00eancias entergeracionais sem \u00f4nus para popula\u00e7\u00e3o.<\/p>\n<p>PS: Na quinta-feira, 08, a partir das 18h vai acontecer a<strong> Roda de Conversa do m\u00eas de Maio,<\/strong> sob a coordena\u00e7\u00e3o de Manoela Dias, no formato online. O tema do m\u00eas ser\u00e1 cuidado dent\u00e1rio e contar\u00e1 com convidado especial.<\/p>\n","protected":false},"excerpt":{"rendered":"<p>Cosette Castro &amp; Maria do Carmo Guido Bras\u00edlia &#8211; No ano em que vai acontecer a\u00a0 6\u00aa Confer\u00eancia Nacional dos Direitos da Pessoa Idosa, o tema j\u00e1 est\u00e1 mobilizando as pessoas com 60 anos ou mais\u00a0 em todo Brasil. A VI Confer\u00eancia Nacional vai ser realizada de 05 a 08 de novembro, em Bras\u00edlia, mas antes disso, acontecer\u00e3o Confer\u00eancia preparat\u00f3rias [&hellip;]<\/p>\n","protected":false},"author":126,"featured_media":0,"comment_status":"open","ping_status":"open","sticky":false,"template":"","format":"standard","meta":{"footnotes":""},"categories":[1550],"tags":[1551,1553,5,361,425,1552],"class_list":["post-3157","post","type-post","status-publish","format-standard","hentry","category-6a-conferencia-nacional-dos-direitos-da-pessoa-idosa","tag-6a-conferencia-nacional-dos-direitos-da-pessoa-idosa","tag-direitos-da-pessoa-idosa","tag-envelhecimento","tag-manoela-dias","tag-roda-de-conversa","tag-v-conferencia-livre-em-defesa-dos-direitos-das-pessoas-idosas"],"_links":{"self":[{"href":"https:\/\/blogs.correiobraziliense.com.br\/coletivo-filhas-da-mae\/wp-json\/wp\/v2\/posts\/3157","targetHints":{"allow":["GET"]}}],"collection":[{"href":"https:\/\/blogs.correiobraziliense.com.br\/coletivo-filhas-da-mae\/wp-json\/wp\/v2\/posts"}],"about":[{"href":"https:\/\/blogs.correiobraziliense.com.br\/coletivo-filhas-da-mae\/wp-json\/wp\/v2\/types\/post"}],"author":[{"embeddable":true,"href":"https:\/\/blogs.correiobraziliense.com.br\/coletivo-filhas-da-mae\/wp-json\/wp\/v2\/users\/126"}],"replies":[{"embeddable":true,"href":"https:\/\/blogs.correiobraziliense.com.br\/coletivo-filhas-da-mae\/wp-json\/wp\/v2\/comments?post=3157"}],"version-history":[{"count":9,"href":"https:\/\/blogs.correiobraziliense.com.br\/coletivo-filhas-da-mae\/wp-json\/wp\/v2\/posts\/3157\/revisions"}],"predecessor-version":[{"id":3166,"href":"https:\/\/blogs.correiobraziliense.com.br\/coletivo-filhas-da-mae\/wp-json\/wp\/v2\/posts\/3157\/revisions\/3166"}],"wp:attachment":[{"href":"https:\/\/blogs.correiobraziliense.com.br\/coletivo-filhas-da-mae\/wp-json\/wp\/v2\/media?parent=3157"}],"wp:term":[{"taxonomy":"category","embeddable":true,"href":"https:\/\/blogs.correiobraziliense.com.br\/coletivo-filhas-da-mae\/wp-json\/wp\/v2\/categories?post=3157"},{"taxonomy":"post_tag","embeddable":true,"href":"https:\/\/blogs.correiobraziliense.com.br\/coletivo-filhas-da-mae\/wp-json\/wp\/v2\/tags?post=3157"}],"curies":[{"name":"wp","href":"https:\/\/api.w.org\/{rel}","templated":true}]}}