{"id":3136,"date":"2025-04-25T13:19:46","date_gmt":"2025-04-25T16:19:46","guid":{"rendered":"https:\/\/blogs.correiobraziliense.com.br\/coletivo-filhas-da-mae\/?p=3136"},"modified":"2025-04-25T13:19:46","modified_gmt":"2025-04-25T16:19:46","slug":"a-flona-o-parque-nacional-de-brasilia-e-o-cuidado-coletivo","status":"publish","type":"post","link":"https:\/\/blogs.correiobraziliense.com.br\/coletivo-filhas-da-mae\/2025\/04\/25\/a-flona-o-parque-nacional-de-brasilia-e-o-cuidado-coletivo\/","title":{"rendered":"A Flona, o Parque Nacional de Bras\u00edlia e o Cuidado Coletivo"},"content":{"rendered":"<p>Cosette Castro &amp; Jo\u00e3o Carlos Machado<\/p>\n<p>Bras\u00edlia \u2013 Depois de um feriado prolongado na Capital Federal, o domingo promete ser agitado para quem gosta de estar na natureza e de desfrutar os parques e a Floresta Nacional de Bras\u00edlia (Flona).<\/p>\n<p>No domingo, dia 27, \u00e0s 8h, grupos de caminhadas, ciclistas, de defesa do meio ambiente e pessoas de todas as idades v\u00e3o se reunir na Flona, localizada em Taguatinga.<\/p>\n<p>A Flonaterapia, como \u00e9 chamada carinhosamente por muitos de seus visitantes e o Parque Nacional de Bras\u00edlia (PNB) correm o risco de se tornarem alvos de concess\u00e3o \u00e0 iniciativa privada. Mesmo sendo espa\u00e7os de cuidado e bem estar coletivo, de lazer e qualidade de vida para a popula\u00e7\u00e3o do Distrito Federal.<\/p>\n<p>Para refletir sobre o tema, o convidado desta edi\u00e7\u00e3o \u00e9 o professor e ambientalista, Jo\u00e3o Carlos Machado. Ele, que coordena o Grupo Caminhadas de Bras\u00edlia (GCB) e o Movimento de Apoio aos Caminhos do Planalto Central conta sobre os riscos que os dois espa\u00e7os\u00a0 p\u00fablicos est\u00e3o sofrendo.<\/p>\n<p><strong>Jo\u00e3o Carlos Machado<\/strong> \u2013 \u201cDesde 2016, com centenas de volunt\u00e1rios, participo de processos de cria\u00e7\u00e3o de trilhas ecol\u00f3gicas pelo Distrito Federal. S\u00e3o trilhas onde fam\u00edlias, grupos de amigos de diferentes idades, jovens e trabalhadores buscam momentos de lazer com mais sa\u00fade de uma forma muito especial: o contato com a natureza.<\/p>\n<p>Dentro da Flona h\u00e1 mais de 150 km de trilhas para ciclistas e caminhantes que beneficiam todo o DF. Especialmente aqueles que vivem na regi\u00e3o de Ceil\u00e2ndia, Taguatinga, Samambaia, Sol Nascente, Brazl\u00e2ndia. E outras Regi\u00f5es Administrativas (RAs), onde vivem cerca 1 milh\u00e3o de pessoas, a maioria formada por fam\u00edlias de baixa renda.<\/p>\n<p>As trilhas foram criadas e s\u00e3o mantidas h\u00e1 quase 10 anos por ciclistas, caminhantes e ambientalistas. S\u00e3o pessoas comprometidas com a conserva\u00e7\u00e3o ambiental e a prote\u00e7\u00e3o desses territ\u00f3rios que trabalham voluntariamente e com recursos pr\u00f3prios. Essas trilhas foram fundamentais para a prote\u00e7\u00e3o da regi\u00e3o contra a especula\u00e7\u00e3o imobili\u00e1ria e a grilagem.<\/p>\n<p>\u00c9 uma alegria enorme ver o resultado da cria\u00e7\u00e3o das trilhas. Segundo o Instituto Chico Mendes de Conserva\u00e7\u00e3o da Biodiversidade (ICMBio), \u00a0entre 2015 e 2024 o n\u00famero de visitantes da Flona saltou de menos de 5 mil para 100 mil pessoas anualmente. E isso tem um valor inestim\u00e1vel.<\/p>\n<p>No entanto estamos muito preocupados diante da proposta de concess\u00e3o privada da Flona e do Parque Nacional de Bras\u00edlia (PNB).<\/p>\n<p>Para defender a manuten\u00e7\u00e3o do uso p\u00fablico da Flona e do PNB, mais de 50 entidades, entre elas o grupo Caminhadas de Bras\u00edlia (GCB), entregou um \u00a0Manifesto (<a href=\"https:\/\/peticaopublica.com.br\/pview.aspx?pi=BR149732\">leia e assine aqui<\/a>) ao ICMBio.<\/p>\n<p>No documento as entidades fazem v\u00e1rios alertas. Elas apontam a incerteza quanto \u00e0 prote\u00e7\u00e3o dos reservat\u00f3rios de Santa Maria e do Descoberto, com riscos \u00e0 disponibilidade e \u00e0 qualidade da \u00e1gua, sobretudo em um cen\u00e1rio de mudan\u00e7as clim\u00e1ticas.<\/p>\n<p>Tamb\u00e9m criticam a cobran\u00e7a de ingressos para acesso \u00e0s trilhas, sendo um grave fator de exclus\u00e3o social, que afetar\u00e1 o direito de milhares de cidad\u00e3os e cidad\u00e3s. O acesso \u00e0s trilhas da Floresta Nacional de Bras\u00edlia e do Parque Nacional de Bras\u00edlia s\u00e3o um direito social que n\u00e3o pode ser retirado.<\/p>\n<p>Vale lembrar que o \u00a0direito social ao lazer foi estabelecido como cl\u00e1usula p\u00e9trea no Art 6\u00ba da Constitui\u00e7\u00e3o Federal (<a href=\"https:\/\/www2.camara.leg.br\/legin\/fed\/consti\/1988\/constituicao-1988-5-outubro-1988-322142-publicacaooriginal-1-pl.html\">leia aqui<\/a>). Ela tamb\u00e9m consagra no Art 225 sobre o princ\u00edpio do meio ambiente como bem de uso comum do povo e essencial \u00e0 sadia qualidade de vida, impondo-se ao Poder P\u00fablico e \u00e0 coletividade o dever de defend\u00ea-lo e preserv\u00e1-lo (<a href=\"https:\/\/www.camara.leg.br\/proposicoesWeb\/prop_mostrarintegra?codteor=318230\">saiba mais aqui<\/a>).<\/p>\n<p>\u00c9 importante dizer que a concess\u00e3o, como est\u00e1 proposta na consulta p\u00fablica (<a href=\"https:\/\/forms.office.com\/pages\/responsepage.aspx?id=VitOwbzFvUOtnECM9sw1YHhZWlSiCRFEoVFRRPIwkXZUNVNUOERISVoxS1I4TUI3V09GRUxFUVcyNy4u&amp;route=shorturl\">leia aqui<\/a>), tamb\u00e9m pode ser lesiva aos cofres p\u00fablicos. Ela prev\u00ea destina\u00e7\u00e3o irris\u00f3ria, estimada em apenas R$ 500 mil por ano, \u00e0s atividades de conserva\u00e7\u00e3o, fiscaliza\u00e7\u00e3o, educa\u00e7\u00e3o ambiental e outras fun\u00e7\u00f5es primordiais para o cuidado da Flona, do PNB e da seguran\u00e7a dos visitantes.<\/p>\n<p>O Manifesto pede ao Minist\u00e9rio do Meio Ambiente e ao ICMBio a suspens\u00e3o da consulta p\u00fablica com abertura de di\u00e1logo que busque alternativas. Levamos em conta a conserva\u00e7\u00e3o e o direito de toda a coletividade ao contato gratuito com a natureza, o direito \u00e0 sa\u00fade e \u00e0 qualidade de vida.\u201d<\/p>\n<p>Em abril de 2025 o Minist\u00e9rio P\u00fablico abriu inqu\u00e9rito para investigar a concess\u00e3o privada da Flona e do Parque Nacional. (<a href=\"https:\/\/www.correiobraziliense.com.br\/cidades-df\/2025\/04\/7108008-mpf-apura-concessao-privada-de-servicos-no-parque-nacional-e-na-flona.html\">saiba mais aqui<\/a>).<\/p>\n<p>O Coletivo Filhas da M\u00e3e, parceiro do Grupo Caminhadas de Bras\u00edlia, tamb\u00e9m defende a natureza e o uso gratuito da Flona e do PNB como espa\u00e7os de autocuidado, de cuidado coletivo e qualidade de vida para toda popula\u00e7\u00e3o.<\/p>\n<p>No pr\u00f3ximo domingo, dia 27,\u00a0 estaremos na Flona. Depois, vamos caminhar na trilha Jatob\u00e1\u00a0 (6 km) e fazer lanche compartilhado. Encontro: \u00e0s 8h, no Quiosque dos Mapas.<\/p>\n","protected":false},"excerpt":{"rendered":"<p>Cosette Castro &amp; Jo\u00e3o Carlos Machado Bras\u00edlia \u2013 Depois de um feriado prolongado na Capital Federal, o domingo promete ser agitado para quem gosta de estar na natureza e de desfrutar os parques e a Floresta Nacional de Bras\u00edlia (Flona). No domingo, dia 27, \u00e0s 8h, grupos de caminhadas, ciclistas, de defesa do meio ambiente e pessoas de todas as [&hellip;]<\/p>\n","protected":false},"author":126,"featured_media":0,"comment_status":"open","ping_status":"open","sticky":false,"template":"","format":"standard","meta":{"footnotes":""},"categories":[1541],"tags":[924,1205,849,966,848,1544,1542,1168,1528,1543,1545],"class_list":["post-3136","post","type-post","status-publish","format-standard","hentry","category-meio-ambiente","tag-cuidado-coletivo","tag-flona","tag-floresta-nacional-de-brasilia-flona","tag-gcb","tag-grupo-caminhadas-brasilia-gcb","tag-icmbio","tag-joao-carlos-machado","tag-meio-ambiente","tag-parque-nacional-de-brasilia","tag-pnb","tag-trilha-jatoba"],"_links":{"self":[{"href":"https:\/\/blogs.correiobraziliense.com.br\/coletivo-filhas-da-mae\/wp-json\/wp\/v2\/posts\/3136","targetHints":{"allow":["GET"]}}],"collection":[{"href":"https:\/\/blogs.correiobraziliense.com.br\/coletivo-filhas-da-mae\/wp-json\/wp\/v2\/posts"}],"about":[{"href":"https:\/\/blogs.correiobraziliense.com.br\/coletivo-filhas-da-mae\/wp-json\/wp\/v2\/types\/post"}],"author":[{"embeddable":true,"href":"https:\/\/blogs.correiobraziliense.com.br\/coletivo-filhas-da-mae\/wp-json\/wp\/v2\/users\/126"}],"replies":[{"embeddable":true,"href":"https:\/\/blogs.correiobraziliense.com.br\/coletivo-filhas-da-mae\/wp-json\/wp\/v2\/comments?post=3136"}],"version-history":[{"count":2,"href":"https:\/\/blogs.correiobraziliense.com.br\/coletivo-filhas-da-mae\/wp-json\/wp\/v2\/posts\/3136\/revisions"}],"predecessor-version":[{"id":3138,"href":"https:\/\/blogs.correiobraziliense.com.br\/coletivo-filhas-da-mae\/wp-json\/wp\/v2\/posts\/3136\/revisions\/3138"}],"wp:attachment":[{"href":"https:\/\/blogs.correiobraziliense.com.br\/coletivo-filhas-da-mae\/wp-json\/wp\/v2\/media?parent=3136"}],"wp:term":[{"taxonomy":"category","embeddable":true,"href":"https:\/\/blogs.correiobraziliense.com.br\/coletivo-filhas-da-mae\/wp-json\/wp\/v2\/categories?post=3136"},{"taxonomy":"post_tag","embeddable":true,"href":"https:\/\/blogs.correiobraziliense.com.br\/coletivo-filhas-da-mae\/wp-json\/wp\/v2\/tags?post=3136"}],"curies":[{"name":"wp","href":"https:\/\/api.w.org\/{rel}","templated":true}]}}