{"id":3132,"date":"2025-04-21T14:45:18","date_gmt":"2025-04-21T17:45:18","guid":{"rendered":"https:\/\/blogs.correiobraziliense.com.br\/coletivo-filhas-da-mae\/?p=3132"},"modified":"2025-04-21T14:45:18","modified_gmt":"2025-04-21T17:45:18","slug":"sobre-aniversario-despedidas-e-demencias","status":"publish","type":"post","link":"https:\/\/blogs.correiobraziliense.com.br\/coletivo-filhas-da-mae\/2025\/04\/21\/sobre-aniversario-despedidas-e-demencias\/","title":{"rendered":"Sobre Anivers\u00e1rio, Despedidas e Dem\u00eancias"},"content":{"rendered":"<p>Cosette Castro &amp;\u00a0Luziney Ferreira<\/p>\n<p>Bras\u00edlia &#8211; O dia em que Bras\u00edlia completa 65 anos deveria ser um dia alegre. Mas n\u00e3o \u00e9. H\u00e1 uma como\u00e7\u00e3o mundial pelo falecimento do Papa Francisco que extrapola credos, na\u00e7\u00f5es, l\u00ednguas e continentes.<\/p>\n<p>Francisco, o \u00fanico Papa latino-americano, fez a op\u00e7\u00e3o preferencial pelos pobres, pelas mulheres, pelos refugiados, pela popula\u00e7\u00e3o LGBTQIA+ e pelas pessoas idosas.<\/p>\n<p>Foi o primeiro Papa a falar sobre machismo, a chamar aten\u00e7\u00e3o sobre envelhecimento, a\u00a0 se manifestar publicamente sobre cuidado coletivo indo mais al\u00e9m da religi\u00e3o. Tamb\u00e9m falou sobre solid\u00e3o e sobre a amizade social como uma forma de amor. Algo que no Coletivo Filhas da M\u00e3e chamamos &#8220;fam\u00edlia afetiva&#8221;.<\/p>\n<p>O Papa Francisco estimulou constantemente o di\u00e1logo entre as diferentes religi\u00f5es, pediu pela paz e defendeu a natureza. Quem diria que no s\u00e9culo XXI as pessoas cat\u00f3licas teriam um Papa ecologista?<\/p>\n<p>N\u00e3o apenas isso. O argentino nascido Jorge Mario Bergoglio abalou as estruturas da Curia Romana ampliando a participa\u00e7\u00e3o das mulheres e de populares nas esferas de decis\u00e3o da Igreja Cat\u00f3lica. N\u00e3o por acaso h\u00e1 um ano as alas conservadoras e fundamentalistas da Igreja v\u00eam lan\u00e7ando documentos sobre o que deveria mudar com a chegada de um novo Papa.<\/p>\n<p>No Coletivo Filhas da M\u00e3e n\u00e3o falamos de religi\u00e3o nos grupos de WhatsApp nem em outras redes sociais digitais. Respeitamos todas as religi\u00f5es, inclusive o direito a n\u00e3o ter religi\u00e3o.<\/p>\n<p>No entanto, algumas pessoas, como o\u00a0 Papa Francisco, o Padre Julio Lancellotti e o deputado federal e pastor Henrique Vieira, d\u00e3o exemplo de um humanismo que extrapola igrejas, templos e op\u00e7\u00f5es religiosas. Est\u00e3o entre as pessoas amorosas,\u00a0 cujos caminhos s\u00e3o movidos pela solidariedade e pelo cuidado coletivo.<\/p>\n<p>Neste feriado brasiliense o Blog abre espa\u00e7o para a neuropsic\u00f3loga aposentada Luziney Ferreira contar sua hist\u00f3ria e os desafios com a\u00a0 m\u00e3e, D. Lucia.<\/p>\n<p><strong>Luziney Gon\u00e7alves Alcar\u00e1 Ferreira<\/strong> &#8211;\u00a0 &#8220;Tenho 60 anos e sou m\u00e3e de um casal de filhos. Recentemente nos mudamos do entorno de Bras\u00edlia para o Mato Grosso em fun\u00e7\u00e3o do trabalho do meu esposo. Meus filhos fazem faculdade no Mato Grosso do Sul, cada um em uma cidade.<\/p>\n<p>Venho de uma fam\u00edlia com dois irm\u00e3os e minha m\u00e3e foi diagnosticada com dem\u00eancia precoce\u00a0 aos 59 anos. O diagn\u00f3stico foi Alzheimer. Ela era g\u00eamea e sua irm\u00e3 tamb\u00e9m teve dem\u00eancia, mas faleceu no in\u00edcio dos sintomas.<\/p>\n<p>Elas eram filhas de uma m\u00e3e que tamb\u00e9m teve a doen\u00e7a, mas n\u00e3o foi precoce. Minha av\u00f3 j\u00e1 estava com 80 anos quando foi diagnosticada. Minha m\u00e3e \u00e9 diab\u00e9tica e foi diagnosticada no in\u00edcio da doen\u00e7a. Ela recebeu todo o tratamento dispon\u00edvel para frear o Alzheimer,\u00a0 mas a doen\u00e7a\u00a0 seguiu avan\u00e7ando.<\/p>\n<p>Ela foi ficando cada vez mais esquecida,\u00a0 foi perdendo a capacidade de se comunicar, mesmo fazendo estimula\u00e7\u00e3o cognitiva, fonoterapia, fisioterapia. At\u00e9 parar de falar de vez. Depois ela parou de andar. Hoje, com 80 anos,\u00a0 se encontra em homecare e cuidados paliativos.<\/p>\n<p>Foi uma fase dif\u00edcil para a fam\u00edlia. V\u00edamos nossa m\u00e3e declinar dia a dia. T\u00ednhamos esperan\u00e7a de que a doen\u00e7a estacionasse, mas o decl\u00ednio continuava e n\u00e3o t\u00ednhamos orienta\u00e7\u00e3o de como lidar com as dificuldades que surgiam.<\/p>\n<p>Com poucas informa\u00e7\u00f5es, era preciso muita paci\u00eancia e amor para ir contornando os desafios di\u00e1rios e buscar solu\u00e7\u00f5es para as dificuldades. Se n\u00e3o funcionava de um jeito a gente achava uma maneira diferente de solucionar. E tentava, tentava. Assim acabava dando certo. O mais importante para n\u00f3s era n\u00e3o estress\u00e1-la.<\/p>\n<p>Ela era jovem ainda e n\u00f3s tamb\u00e9m. Nossos filhos ainda eram crian\u00e7as e precisavam de cuidados. E todos est\u00e1vamos\u00a0 trabalhando.\u00a0Foi uma fase desafiadora. Ela demitia a cuidadora todo dia e assim \u00edamos tentando lidar.<\/p>\n<p>Era uma \u00e9poca em que nem os profissionais tinham experi\u00eancia no manejo com esses pacientes e a gente n\u00e3o encontrava muita coisa na literatura. O jeito era usar o bom senso, as nossas experi\u00eancias de vida e nosso amor por ela. Mam\u00e3e sempre foi uma pessoa ativa, dedicada \u00e0 fam\u00edlia, inteligente e a frente do seu tempo.<\/p>\n<p>At\u00e9 hoje minha m\u00e3e recebe todo o cuidado e carinho poss\u00edvel. Eu sou a filha que mora longe. Sou uma co-cuidadora, mas sempre procuro visit\u00e1-la e tamb\u00e9m saber not\u00edcias. Participo de todas as decis\u00f5es e procuramos seguir o que sabemos que ela gostaria.\u00a0Nos tornamos mais unidos e mais fortes ao decidir tudo em conjunto.<\/p>\n<p>Com a dem\u00eancia percebemos a import\u00e2ncia do cuidado com a nossa sa\u00fade f\u00edsica e mental. Estamos sempre trocando informa\u00e7\u00f5es sobre o que \u00e9 bom para nossa sa\u00fade. Meu pai tem 90 anos, \u00e9 saud\u00e1vel e ainda dirige. N\u00f3s cuidamos dele tamb\u00e9m&#8221;.<\/p>\n<p>Na ter\u00e7a-feira, 22, \u00e9 dia do Programa de entrevista online Terceiras Inten\u00e7\u00f5es de abril. Ao vivo das 19 `as 20h. A jornalista M\u00f4nica Carvalho vai receber a Secret\u00e1ria Nacional dos Direitos da Pessoa Idosa, Anna Paula Feminella.\u00a0 Elas v\u00e3o conversar sobre os &#8220;Desafios da Inclus\u00e3o e da Longevidade&#8221;.<a href=\"https:\/\/www.youtube.com\/live\/omrJEZt-5fw?si=sU59E6QCDDzAvl6N\"> Link aqui.<\/a><\/p>\n<p>&nbsp;<\/p>\n","protected":false},"excerpt":{"rendered":"<p>Cosette Castro &amp;\u00a0Luziney Ferreira Bras\u00edlia &#8211; O dia em que Bras\u00edlia completa 65 anos deveria ser um dia alegre. Mas n\u00e3o \u00e9. H\u00e1 uma como\u00e7\u00e3o mundial pelo falecimento do Papa Francisco que extrapola credos, na\u00e7\u00f5es, l\u00ednguas e continentes. Francisco, o \u00fanico Papa latino-americano, fez a op\u00e7\u00e3o preferencial pelos pobres, pelas mulheres, pelos refugiados, pela popula\u00e7\u00e3o LGBTQIA+ e pelas pessoas idosas. [&hellip;]<\/p>\n","protected":false},"author":126,"featured_media":0,"comment_status":"open","ping_status":"open","sticky":false,"template":"","format":"standard","meta":{"footnotes":""},"categories":[1],"tags":[1148,420,499,53,5,1539,1540,1538,1537,1536,1535],"class_list":["post-3132","post","type-post","status-publish","format-standard","hentry","category-sem-categoria","tag-aniversario-de-brasilia","tag-cuidado-familiar","tag-demencia","tag-demencia-precoce","tag-envelhecimento","tag-henrique-vieira","tag-jorge-mario-bergoglio","tag-julio-lancellotti","tag-julio-lancelotti","tag-luziney-ferreira","tag-papa-francisco"],"_links":{"self":[{"href":"https:\/\/blogs.correiobraziliense.com.br\/coletivo-filhas-da-mae\/wp-json\/wp\/v2\/posts\/3132","targetHints":{"allow":["GET"]}}],"collection":[{"href":"https:\/\/blogs.correiobraziliense.com.br\/coletivo-filhas-da-mae\/wp-json\/wp\/v2\/posts"}],"about":[{"href":"https:\/\/blogs.correiobraziliense.com.br\/coletivo-filhas-da-mae\/wp-json\/wp\/v2\/types\/post"}],"author":[{"embeddable":true,"href":"https:\/\/blogs.correiobraziliense.com.br\/coletivo-filhas-da-mae\/wp-json\/wp\/v2\/users\/126"}],"replies":[{"embeddable":true,"href":"https:\/\/blogs.correiobraziliense.com.br\/coletivo-filhas-da-mae\/wp-json\/wp\/v2\/comments?post=3132"}],"version-history":[{"count":2,"href":"https:\/\/blogs.correiobraziliense.com.br\/coletivo-filhas-da-mae\/wp-json\/wp\/v2\/posts\/3132\/revisions"}],"predecessor-version":[{"id":3134,"href":"https:\/\/blogs.correiobraziliense.com.br\/coletivo-filhas-da-mae\/wp-json\/wp\/v2\/posts\/3132\/revisions\/3134"}],"wp:attachment":[{"href":"https:\/\/blogs.correiobraziliense.com.br\/coletivo-filhas-da-mae\/wp-json\/wp\/v2\/media?parent=3132"}],"wp:term":[{"taxonomy":"category","embeddable":true,"href":"https:\/\/blogs.correiobraziliense.com.br\/coletivo-filhas-da-mae\/wp-json\/wp\/v2\/categories?post=3132"},{"taxonomy":"post_tag","embeddable":true,"href":"https:\/\/blogs.correiobraziliense.com.br\/coletivo-filhas-da-mae\/wp-json\/wp\/v2\/tags?post=3132"}],"curies":[{"name":"wp","href":"https:\/\/api.w.org\/{rel}","templated":true}]}}