{"id":3090,"date":"2025-04-04T10:14:44","date_gmt":"2025-04-04T13:14:44","guid":{"rendered":"https:\/\/blogs.correiobraziliense.com.br\/coletivo-filhas-da-mae\/?p=3090"},"modified":"2025-04-04T11:28:17","modified_gmt":"2025-04-04T14:28:17","slug":"onu-na-defesa-das-pessoas-idosas","status":"publish","type":"post","link":"https:\/\/blogs.correiobraziliense.com.br\/coletivo-filhas-da-mae\/2025\/04\/04\/onu-na-defesa-das-pessoas-idosas\/","title":{"rendered":"ONU  na Defesa das Pessoas Idosas"},"content":{"rendered":"<div class=\"adn ads\">\n<div class=\"gs\">\n<div class=\"\">\n<div id=\":oi\" class=\"ii gt\">\n<div id=\":oh\" class=\"a3s aiL \">\n<div dir=\"auto\">\n<p>Cosette Castro<\/p>\n<p>Bras\u00edlia &#8211;\u00a0 O dia 03 abril\u00a0 ficar\u00e1 marcado na hist\u00f3ria dos direitos humanos das pessoas idosas.<\/p>\n<p>Esta semana a Organiza\u00e7\u00e3o das Na\u00e7\u00f5es Unidas (ONU) aprovou por unanimidade a ado\u00e7\u00e3o de um novo grupo de trabalho (GT) intergovernamental. Ele vai redigir documento para refor\u00e7ar os direitos das pessoas idosas e realizar\u00e1 Conven\u00e7\u00e3o Internacional sobre o tema. A primeira reuni\u00e3o do GT dever\u00e1 ser realizada antes do final do ano.<\/p>\n<p>A resolu\u00e7\u00e3o marca o compromisso global de promover e proteger os direitos fundamentais das pessoas idosas atrav\u00e9s de um documento jur\u00eddico vinculativo. Ou seja, o grupo de trabalho redigir\u00e1 e negociar\u00e1 um documento promovendo e vinculando juridicamente os direitos das pessoas idosas ao direito internacional.<\/p>\n<p>Em\u00a0 mundo em processo de envelhecimento, as pessoas idosas ter\u00e3o, juridicamente, mais chance de sair da invisibilidade e ter seus direitos humanos garantidos e respeitados.<\/p>\n<\/div>\n<div dir=\"auto\"><\/div>\n<div dir=\"auto\"><img loading=\"lazy\" decoding=\"async\" class=\"size-medium wp-image-3091 aligncenter\" src=\"https:\/\/blogs.correiobraziliense.com.br\/coletivo-filhas-da-mae\/wp-content\/uploads\/sites\/60\/2025\/04\/caminhada2023.1-297x300.jpg\" alt=\"\" width=\"297\" height=\"300\" srcset=\"https:\/\/blogs.correiobraziliense.com.br\/coletivo-filhas-da-mae\/wp-content\/uploads\/sites\/60\/2025\/04\/caminhada2023.1-297x300.jpg 297w, https:\/\/blogs.correiobraziliense.com.br\/coletivo-filhas-da-mae\/wp-content\/uploads\/sites\/60\/2025\/04\/caminhada2023.1-768x777.jpg 768w, https:\/\/blogs.correiobraziliense.com.br\/coletivo-filhas-da-mae\/wp-content\/uploads\/sites\/60\/2025\/04\/caminhada2023.1-1013x1024.jpg 1013w, https:\/\/blogs.correiobraziliense.com.br\/coletivo-filhas-da-mae\/wp-content\/uploads\/sites\/60\/2025\/04\/caminhada2023.1-800x809.jpg 800w, https:\/\/blogs.correiobraziliense.com.br\/coletivo-filhas-da-mae\/wp-content\/uploads\/sites\/60\/2025\/04\/caminhada2023.1-550x556.jpg 550w, https:\/\/blogs.correiobraziliense.com.br\/coletivo-filhas-da-mae\/wp-content\/uploads\/sites\/60\/2025\/04\/caminhada2023.1-230x233.jpg 230w, https:\/\/blogs.correiobraziliense.com.br\/coletivo-filhas-da-mae\/wp-content\/uploads\/sites\/60\/2025\/04\/caminhada2023.1.jpg 1069w\" sizes=\"auto, (max-width: 297px) 100vw, 297px\" \/><\/div>\n<div dir=\"auto\"><\/div>\n<p dir=\"auto\">Esse documento dever\u00e1 influenciar as pr\u00f3ximas discuss\u00f5es e decis\u00f5es da D\u00e9cada do Envelhecimento Saud\u00e1vel (2021-2030) e da C\u00fapula Mundial do Desenvolvimento Social da ONU que, em 2025, acontecer\u00e1 no Catar.<\/p>\n<p dir=\"auto\">Tamb\u00e9m dever\u00e1 repercutir nas pol\u00edticas p\u00fablicas a serem adotadas nos 47 pa\u00edses que fazem parte da ONU. Entre eles o Brasil, um dos pa\u00edses l\u00edderes na aprova\u00e7\u00e3o da nova resolu\u00e7\u00e3o.<\/p>\n<p>Parab\u00e9ns ao esfor\u00e7o de todos os movimentos sociais que atuam na defesa dos direitos humanos das pessoas idosas. Sejam eles locais, nacionais e internacionais. A\u00e7\u00f5es como campanhas internacionais em defesa das pessoas idosas, entrega de declara\u00e7\u00f5es e realiza\u00e7\u00e3o de reuni\u00f5es paralelas \u00e0s da ONU, contribuiram para essa decis\u00e3o hist\u00f3rica.<\/p>\n<p>Um grande passo foi dado para melhorar a qualidade de vida das pessoas idosas e garantir a dignidade de milh\u00f5es de pessoas. 35 milh\u00f5es delas vivem\u00a0 atualmente no Brasil (IBGE, 2024).<\/p>\n<p>A estimativa do\u00a0<a href=\"https:\/\/brasil.un.org\/pt-br\/277844-relat%C3%B3rio-anual-das-na%C3%A7%C3%B5es-unidas-2023\">Relat\u00f3rio Social 2023 da ONU<\/a> \u00e9 de que, em 2050, haver\u00e1 1,6 bilh\u00f5es de pessoas idosas no mundo. Cerca de 70 milh\u00f5es no Brasil, de acordo com as proje\u00e7\u00f5es do Instituto Brasileiro de Geografia e Estat\u00edstica (IBGE).<\/p>\n<p>As pessoas idosas de hoje e de amanh\u00e3 precisam\u00a0 urgente de respeito e prote\u00e7\u00e3o social.<\/p>\n<p>PS: Neste domingo, 06 de abril, o Coletivo Filhas da M\u00e3e seguir\u00e1 estimulando a sa\u00fade f\u00edsica e mental de quem cuida familiares com dem\u00eancia. A partir das 8h30 acontecer\u00e1 mais uma caminhada no Parque Olhos D\u2019\u00c1gua, na 413 Norte. O encontro ser\u00e1 na entrada do Parque, logo ap\u00f3s os banheiros. A partir das 10h,\u00a0\u00a0 come\u00e7a sess\u00e3o de m\u00fasica gratuita com o grupo Caf\u00e9 com Chorinho.<\/p>\n<p>PS 2: No domingo, 06, \u00e9 comemorado o dia mundial da atividade f\u00edsica. Mais um bom motivo para sair a caminhar no domingo.<\/p>\n<div class=\"yj6qo\"><\/div>\n<div class=\"adL\"><\/div>\n<div class=\"adL\"><\/div>\n<\/div>\n<\/div>\n<div class=\"WhmR8e\"><\/div>\n<\/div>\n<\/div>\n<div class=\"ajx\"><\/div>\n<\/div>\n<div class=\"gA gt acV\">\n<div class=\"gB xu\">\n<div class=\"mVCoBd\"><\/div>\n<div class=\"ip iq\">\n<div id=\":oj\"><\/div>\n<\/div>\n<\/div>\n<\/div>\n","protected":false},"excerpt":{"rendered":"<p>Cosette Castro Bras\u00edlia &#8211;\u00a0 O dia 03 abril\u00a0 ficar\u00e1 marcado na hist\u00f3ria dos direitos humanos das pessoas idosas. Esta semana a Organiza\u00e7\u00e3o das Na\u00e7\u00f5es Unidas (ONU) aprovou por unanimidade a ado\u00e7\u00e3o de um novo grupo de trabalho (GT) intergovernamental. Ele vai redigir documento para refor\u00e7ar os direitos das pessoas idosas e realizar\u00e1 Conven\u00e7\u00e3o Internacional sobre o tema. A primeira reuni\u00e3o [&hellip;]<\/p>\n","protected":false},"author":126,"featured_media":0,"comment_status":"open","ping_status":"open","sticky":false,"template":"","format":"standard","meta":{"footnotes":""},"categories":[756],"tags":[903,1519,5,376,1321,287,1099,904,300],"class_list":["post-3090","post","type-post","status-publish","format-standard","hentry","category-direitos-humanos","tag-cafe-com-chorinho","tag-caminhada","tag-envelhecimento","tag-ibge","tag-instituto-brasileiro-de-geografia-e-estatistica","tag-onu","tag-organizacao-das-nacoes-unidas","tag-parque-olhos-dagua","tag-pessoas-idosas"],"_links":{"self":[{"href":"https:\/\/blogs.correiobraziliense.com.br\/coletivo-filhas-da-mae\/wp-json\/wp\/v2\/posts\/3090","targetHints":{"allow":["GET"]}}],"collection":[{"href":"https:\/\/blogs.correiobraziliense.com.br\/coletivo-filhas-da-mae\/wp-json\/wp\/v2\/posts"}],"about":[{"href":"https:\/\/blogs.correiobraziliense.com.br\/coletivo-filhas-da-mae\/wp-json\/wp\/v2\/types\/post"}],"author":[{"embeddable":true,"href":"https:\/\/blogs.correiobraziliense.com.br\/coletivo-filhas-da-mae\/wp-json\/wp\/v2\/users\/126"}],"replies":[{"embeddable":true,"href":"https:\/\/blogs.correiobraziliense.com.br\/coletivo-filhas-da-mae\/wp-json\/wp\/v2\/comments?post=3090"}],"version-history":[{"count":8,"href":"https:\/\/blogs.correiobraziliense.com.br\/coletivo-filhas-da-mae\/wp-json\/wp\/v2\/posts\/3090\/revisions"}],"predecessor-version":[{"id":3099,"href":"https:\/\/blogs.correiobraziliense.com.br\/coletivo-filhas-da-mae\/wp-json\/wp\/v2\/posts\/3090\/revisions\/3099"}],"wp:attachment":[{"href":"https:\/\/blogs.correiobraziliense.com.br\/coletivo-filhas-da-mae\/wp-json\/wp\/v2\/media?parent=3090"}],"wp:term":[{"taxonomy":"category","embeddable":true,"href":"https:\/\/blogs.correiobraziliense.com.br\/coletivo-filhas-da-mae\/wp-json\/wp\/v2\/categories?post=3090"},{"taxonomy":"post_tag","embeddable":true,"href":"https:\/\/blogs.correiobraziliense.com.br\/coletivo-filhas-da-mae\/wp-json\/wp\/v2\/tags?post=3090"}],"curies":[{"name":"wp","href":"https:\/\/api.w.org\/{rel}","templated":true}]}}