{"id":3080,"date":"2025-03-31T19:04:22","date_gmt":"2025-03-31T22:04:22","guid":{"rendered":"https:\/\/blogs.correiobraziliense.com.br\/coletivo-filhas-da-mae\/?p=3080"},"modified":"2025-04-01T07:44:55","modified_gmt":"2025-04-01T10:44:55","slug":"caminhadas-e-rodas-de-conversa-estimulam-o-autocuidado","status":"publish","type":"post","link":"https:\/\/blogs.correiobraziliense.com.br\/coletivo-filhas-da-mae\/2025\/03\/31\/caminhadas-e-rodas-de-conversa-estimulam-o-autocuidado\/","title":{"rendered":"Caminhadas e Rodas de Conversa Estimulam o Autocuidado"},"content":{"rendered":"<p>Cosette\u00a0 Castro- Este domingo, 30\/03, aconteceu\u00a0 a\u00a03a. edi\u00e7\u00e3o da Trilha Funghi do grupo Caminhantes, um projeto do Coletivo Filhas da M\u00e3e para estimular a sa\u00fade f\u00edsica e mental de quem cuida. A caminhada tem\u00e1tica foi realizada no Parque Olhos D&#8217;\u00e1gua, em Bras\u00edlia, com direito a lanche compartilhado ao final da manh\u00e3 e muitas fotos (<a href=\"https:\/\/photos.app.goo.gl\/4uXJmM8hriCc6CVM8\">Veja aqui<\/a>).<\/p>\n<p><img loading=\"lazy\" decoding=\"async\" class=\" wp-image-3082 aligncenter\" src=\"https:\/\/blogs.correiobraziliense.com.br\/coletivo-filhas-da-mae\/wp-content\/uploads\/sites\/60\/2025\/03\/trilha-Funghi-2025.-foto-lupa-135x300.jpg\" alt=\"\" width=\"129\" height=\"287\" srcset=\"https:\/\/blogs.correiobraziliense.com.br\/coletivo-filhas-da-mae\/wp-content\/uploads\/sites\/60\/2025\/03\/trilha-Funghi-2025.-foto-lupa-135x300.jpg 135w, https:\/\/blogs.correiobraziliense.com.br\/coletivo-filhas-da-mae\/wp-content\/uploads\/sites\/60\/2025\/03\/trilha-Funghi-2025.-foto-lupa-461x1024.jpg 461w, https:\/\/blogs.correiobraziliense.com.br\/coletivo-filhas-da-mae\/wp-content\/uploads\/sites\/60\/2025\/03\/trilha-Funghi-2025.-foto-lupa-550x1222.jpg 550w, https:\/\/blogs.correiobraziliense.com.br\/coletivo-filhas-da-mae\/wp-content\/uploads\/sites\/60\/2025\/03\/trilha-Funghi-2025.-foto-lupa-230x511.jpg 230w, https:\/\/blogs.correiobraziliense.com.br\/coletivo-filhas-da-mae\/wp-content\/uploads\/sites\/60\/2025\/03\/trilha-Funghi-2025.-foto-lupa.jpg 720w\" sizes=\"auto, (max-width: 129px) 100vw, 129px\" \/><\/p>\n<p>A 3a. Trilha Funghi \u00e9 uma parceria com o bi\u00f3logo e educador ambiental Fabio Neves Vieira, especialista em cogumelos\u00a0 comest\u00edveis do Cerrado. O\u00a0 passeio guiado no bosque do Parque Olhos D\u00e1gua \u00e9 um momento de encontro entre pessoas que cuidam familliares e uma oprtunidade para conhecer novas pessoas. Tamb\u00e9m \u00e9 um espa\u00e7o de conex\u00e3o com a natureza para quem participa do Coletivo Filhas da M\u00e3e.<\/p>\n<p><img loading=\"lazy\" decoding=\"async\" class=\" wp-image-3081 aligncenter\" src=\"https:\/\/blogs.correiobraziliense.com.br\/coletivo-filhas-da-mae\/wp-content\/uploads\/sites\/60\/2025\/03\/Trilha-Fungui-2025.-foto-grupo-300x135.jpg\" alt=\"\" width=\"360\" height=\"162\" srcset=\"https:\/\/blogs.correiobraziliense.com.br\/coletivo-filhas-da-mae\/wp-content\/uploads\/sites\/60\/2025\/03\/Trilha-Fungui-2025.-foto-grupo-300x135.jpg 300w, https:\/\/blogs.correiobraziliense.com.br\/coletivo-filhas-da-mae\/wp-content\/uploads\/sites\/60\/2025\/03\/Trilha-Fungui-2025.-foto-grupo-768x346.jpg 768w, https:\/\/blogs.correiobraziliense.com.br\/coletivo-filhas-da-mae\/wp-content\/uploads\/sites\/60\/2025\/03\/Trilha-Fungui-2025.-foto-grupo-1024x461.jpg 1024w, https:\/\/blogs.correiobraziliense.com.br\/coletivo-filhas-da-mae\/wp-content\/uploads\/sites\/60\/2025\/03\/Trilha-Fungui-2025.-foto-grupo-1440x648.jpg 1440w, https:\/\/blogs.correiobraziliense.com.br\/coletivo-filhas-da-mae\/wp-content\/uploads\/sites\/60\/2025\/03\/Trilha-Fungui-2025.-foto-grupo-800x360.jpg 800w, https:\/\/blogs.correiobraziliense.com.br\/coletivo-filhas-da-mae\/wp-content\/uploads\/sites\/60\/2025\/03\/Trilha-Fungui-2025.-foto-grupo-550x248.jpg 550w, https:\/\/blogs.correiobraziliense.com.br\/coletivo-filhas-da-mae\/wp-content\/uploads\/sites\/60\/2025\/03\/Trilha-Fungui-2025.-foto-grupo-230x104.jpg 230w, https:\/\/blogs.correiobraziliense.com.br\/coletivo-filhas-da-mae\/wp-content\/uploads\/sites\/60\/2025\/03\/Trilha-Fungui-2025.-foto-grupo.jpg 1600w\" sizes=\"auto, (max-width: 360px) 100vw, 360px\" \/><\/p>\n<p>Durante a manh\u00e3, Fabio Neves Vieira ati\u00e7ou a curiosidade dos participantes de diferentes idades sobre temas relacionados ao bioma do Cerrado e aos diferentes tipos de cogumelos existentes no Parque. (<a href=\"https:\/\/www.correiobraziliense.com.br\/revista-do-correio\/2025\/01\/7041301-conheca-os-beneficios-das-plantas-alimenticias-nao-convencionais.html\">Saiba mais aqu<\/a>i)<\/p>\n<p>No domingo, 06 de abril, a partir das 8h30, o Grupo Caminhantes estar\u00e1 de volta ao Parque Olhos D&#8217;\u00c1gua, situado na Quadra 413 da Asa Norte. O grupo de caminhadas\u00a0 incentiva atividades coletivas nos parques, o relacionamento entre diferentes gera\u00e7\u00f5es e informa como\u00a0 promover a sa\u00fade para evitar doen\u00e7as, como as dem\u00eancias.<\/p>\n<p>Depois de caminhar e fazer lanche compartilhado, o grupo vai participar da Roda de Choro gratuita do Coletivo Caf\u00e9 com Chorinho que acontece todo primeiro domingo de cada m\u00eas.<\/p>\n<p>Estas n\u00e3o s\u00e3o as \u00fanicas caminhadas tem\u00e1ticas do Coletivo que escolhe diferentes parques para se encontrar a cada\u00a0 domingo. Conhe\u00e7a o calend\u00e1rio de caminhadas fixas realizadas desde 2022 pelo Coletivo Filhas da M\u00e3e e marque na agenda.<\/p>\n<p>1) 3a. Caminhada em Defesa da Vida das Mulheres &#8211; mar\u00e7o (este ano realizada coletivamente no s\u00e1bado, 08\/03)<\/p>\n<p>2) 3a.Trilha Funghi, para conhecer os cogumelos comest\u00edveis do cerrado &#8211; mar\u00e7o<\/p>\n<p>3) 3a. Trilha Urbana\u00a0Os Caminhos de Athos Bulc\u00e3o na Asa NORTE &#8211; maio<\/p>\n<p>4) 3a. Caminhada de Conscientiza\u00e7\u00e3o sobre a Viol\u00eancia Contra as Pessoas Idosas &#8211; junho<\/p>\n<p>5) 4a. Caminhada da Mem\u00f3ria &#8211; setembro<\/p>\n<p>6) 3a. Caminhada\u00a0Em Respeito \u00e0 Pessoa Idosa &#8211; outubro<\/p>\n<p>7) 2a. Trilha Urbana\u00a0Os Caminhos de Athos Bulc\u00e3o na Asa SUL &#8211; outubro<\/p>\n<p>8) 3a. Caminhada pelo Fim da Viol\u00eancia Contra \u00e0s Mulheres &#8211; novembro, no Parque das Gar\u00e7as<\/p>\n<p>9) No 1o. domingo de cada m\u00eas &#8211; caminhada com Roda de Choro no Parque Olhos D\u2019\u00c1gua<\/p>\n<p>Esperamos voc\u00ea na pr\u00f3xima caminhada.<\/p>\n<p>PS: Na quinta-feira, 03\/04, teremos mais uma edi\u00e7\u00e3o da Roda de Conversa 2025, sob a coordena\u00e7\u00e3o da fonoaudi\u00f3loga Manoela Dias. A Roda de Conversa vai ocorrer no formato h\u00edbrido, online e presencial, no <a href=\"https:\/\/longeviverdf.com.br\/\">Espa\u00e7o Longeviver<\/a>, com novo hor\u00e1rio: das 18 \u00e0s 19h30.<\/p>\n<p>PS: Hoje, 31 de mar\u00e7o, \u00e9\u00a0 o dia em que o ex-presidente Jo\u00e3o Gulart foi deposto por um golpe civil-militar h\u00e1 61 anos. Um golpe que durou 21 anos e mudou o Brasil. Somente em 1985, o pa\u00eds voltou \u00e0 democracia, um bem comum que merece ser compartilhado por toda popula\u00e7\u00e3o.<\/p>\n<p>PS 2: Informa\u00e7\u00f5es sobre a Trilha Funghi podem ser encontradas no Instagram @trilhafungi (sem h).<\/p>\n<p>&nbsp;<\/p>\n","protected":false},"excerpt":{"rendered":"<p>Cosette\u00a0 Castro- Este domingo, 30\/03, aconteceu\u00a0 a\u00a03a. edi\u00e7\u00e3o da Trilha Funghi do grupo Caminhantes, um projeto do Coletivo Filhas da M\u00e3e para estimular a sa\u00fade f\u00edsica e mental de quem cuida. A caminhada tem\u00e1tica foi realizada no Parque Olhos D&#8217;\u00e1gua, em Bras\u00edlia, com direito a lanche compartilhado ao final da manh\u00e3 e muitas fotos (Veja aqui). A 3a. Trilha Funghi [&hellip;]<\/p>\n","protected":false},"author":126,"featured_media":0,"comment_status":"open","ping_status":"open","sticky":false,"template":"","format":"standard","meta":{"footnotes":""},"categories":[1],"tags":[],"class_list":["post-3080","post","type-post","status-publish","format-standard","hentry","category-sem-categoria"],"_links":{"self":[{"href":"https:\/\/blogs.correiobraziliense.com.br\/coletivo-filhas-da-mae\/wp-json\/wp\/v2\/posts\/3080","targetHints":{"allow":["GET"]}}],"collection":[{"href":"https:\/\/blogs.correiobraziliense.com.br\/coletivo-filhas-da-mae\/wp-json\/wp\/v2\/posts"}],"about":[{"href":"https:\/\/blogs.correiobraziliense.com.br\/coletivo-filhas-da-mae\/wp-json\/wp\/v2\/types\/post"}],"author":[{"embeddable":true,"href":"https:\/\/blogs.correiobraziliense.com.br\/coletivo-filhas-da-mae\/wp-json\/wp\/v2\/users\/126"}],"replies":[{"embeddable":true,"href":"https:\/\/blogs.correiobraziliense.com.br\/coletivo-filhas-da-mae\/wp-json\/wp\/v2\/comments?post=3080"}],"version-history":[{"count":7,"href":"https:\/\/blogs.correiobraziliense.com.br\/coletivo-filhas-da-mae\/wp-json\/wp\/v2\/posts\/3080\/revisions"}],"predecessor-version":[{"id":3089,"href":"https:\/\/blogs.correiobraziliense.com.br\/coletivo-filhas-da-mae\/wp-json\/wp\/v2\/posts\/3080\/revisions\/3089"}],"wp:attachment":[{"href":"https:\/\/blogs.correiobraziliense.com.br\/coletivo-filhas-da-mae\/wp-json\/wp\/v2\/media?parent=3080"}],"wp:term":[{"taxonomy":"category","embeddable":true,"href":"https:\/\/blogs.correiobraziliense.com.br\/coletivo-filhas-da-mae\/wp-json\/wp\/v2\/categories?post=3080"},{"taxonomy":"post_tag","embeddable":true,"href":"https:\/\/blogs.correiobraziliense.com.br\/coletivo-filhas-da-mae\/wp-json\/wp\/v2\/tags?post=3080"}],"curies":[{"name":"wp","href":"https:\/\/api.w.org\/{rel}","templated":true}]}}