{"id":3075,"date":"2025-03-28T08:00:55","date_gmt":"2025-03-28T11:00:55","guid":{"rendered":"https:\/\/blogs.correiobraziliense.com.br\/coletivo-filhas-da-mae\/?p=3075"},"modified":"2025-03-28T09:12:54","modified_gmt":"2025-03-28T12:12:54","slug":"o-brics-o-stf-e-a-turma-da-monica","status":"publish","type":"post","link":"https:\/\/blogs.correiobraziliense.com.br\/coletivo-filhas-da-mae\/2025\/03\/28\/o-brics-o-stf-e-a-turma-da-monica\/","title":{"rendered":"O BRICS, o STF e a Turma da M\u00f4nica"},"content":{"rendered":"<p>Cosette Castro<\/p>\n<p>Bras\u00edlia &#8211; Esta \u00e9 uma semana hist\u00f3rica para o pa\u00eds na \u00e1rea econ\u00f4mica, pol\u00edtica e cultural.<\/p>\n<p>No exterior, a ex-presidenta Dilma Rousseff foi reconduzida por unanimidade \u00e0 presid\u00eancia do Novo Banco de Desenvolvimento (NBD). O NDB \u00e9 o banco dos BRICS, formado por Brasil, R\u00fassia, \u00cdndia, China, \u00c1frica do Sul, Ir\u00e3, Egito, Emirados \u00c1rabes, Eti\u00f3pia e Ar\u00e1bia Saudita.<\/p>\n<p>Os nove pa\u00edses representam 40% da popula\u00e7\u00e3o mundial e 37% da economia, segundo o crit\u00e9rio do Produto Interno Bruto (PIB) por poder de compra do F\u00f3rum Econ\u00f4mico Mundial. Entre os seus projetos est\u00e3o aqueles voltados para redu\u00e7\u00e3o da pobreza e das desigualdades sociais.<\/p>\n<p>No Brasil, na quarta-feira, 26, a Primeira Turma do Supremo Tribunal Federal (STF) aprovou por unanimidade ind\u00edcios de que o ex-presidente Jair Bolsonaro e seus aliados agiram contra o Brasil e contra a democracia. Bolsonaro \u00e9 o primeiro ex-presidente a ir a julgamento na hist\u00f3ria do pa\u00eds.<\/p>\n<p>Eles s\u00e3o acusados de terem cometido os crimes de organiza\u00e7\u00e3o criminosa armada, tentativa de aboli\u00e7\u00e3o violenta do Estado Democr\u00e1tico de Direito, golpe de Estado, dano qualificado pela viol\u00eancia e grave amea\u00e7a e deteriora\u00e7\u00e3o de patrim\u00f4nio tombado.<\/p>\n<p>Esses atos, que culminaram no 08 de janeiro de 2023, na viol\u00eancia e na destrui\u00e7\u00e3o do patrim\u00f4nio nacional, est\u00e3o gravados. E foram amplamente divulgados nas redes sociais digitais no mundo inteiro.<\/p>\n<p>O ex-presidente Jair Bolsonaro e outros sete aliados (<a href=\"https:\/\/agenciabrasil.ebc.com.br\/justica\/noticia\/2025-03\/por-unanimidade-turma-do-stf-torna-bolsonaro-e-mais-7-reus-por-golpe\">Saiba mais aqui<\/a>) se tornaram r\u00e9us pelos crimes acima citados, mas ainda n\u00e3o h\u00e1 data para o julgamento.<\/p>\n<p>Nesta acusa\u00e7\u00e3o espec\u00edfica, que tratava de tentativa de golpe de Estado,\u00a0n\u00e3o foram inclu\u00eddos outros atos do ex-presidente, que atentaram direta e indiretamente contra a popula\u00e7\u00e3o brasileira durante o seu mandato.<\/p>\n<p>Entre eles est\u00e1 a responsabilidade direta pela campanha antivacina\u00e7\u00e3o no pa\u00eds e a nega\u00e7\u00e3o da pandemia por Covid-19. A consequ\u00eancia foi a morte (oficial) de 700 mil pessoas e a destrui\u00e7\u00e3o de suas fam\u00edlias deixando cerca de 113 mil crian\u00e7as e adolescentes sem pai, m\u00e3e ou cuidadora de refer\u00eancia.<\/p>\n<p>Sem contar o corte de verbas nos Minist\u00e9rios da Sa\u00fade, Educa\u00e7\u00e3o e a extin\u00e7\u00e3o do Minist\u00e9rio da Cultura, logo ap\u00f3s assumir o governo em janeiro de 2019. Com isso, negou \u00e0s brasileiras e brasileiros durante quatro anos o direito constitucional \u00e0 educa\u00e7\u00e3o, \u00e0 sa\u00fade e \u00e0 cultura, \u00e1reas estrat\u00e9gicas para promo\u00e7\u00e3o da qualidade de vida da popula\u00e7\u00e3o.<\/p>\n<p>Com a volta do Minist\u00e9rio da Cultura, a partir de 2023 ocorreu a retomada e valoriza\u00e7\u00e3o da diversidade cultural do pa\u00eds sob o comando da Ministra Margareth Menezes.<\/p>\n<p>Vale a pena conhecer a programa\u00e7\u00e3o cultural gratuita dispon\u00edvel de Norte a Sul para todas as idades. E o papel das institui\u00e7\u00f5es p\u00fablicas no apoio e valoriza\u00e7\u00e3o da cultura com a sele\u00e7\u00e3o de projetos atrav\u00e9s de editais transparentes e de conhecimento p\u00fablico.<\/p>\n<p>Este \u00e9 o caso, por exemplo, da Caixa Cultural (<a href=\"https:\/\/www.caixa.gov.br\/cultura\/Paginas\/default.aspx\">Programa\u00e7\u00e3o aqui<\/a>), do Centro Cultural Banco do Brasil (CCBB)\u00a0(l<a href=\"https:\/\/ccbb.com.br\/\">eia aqui<\/a>) e das bibliotecas p\u00fablicas federais, entre elas a Biblioteca Demonstrativa de Bras\u00edlia (<a href=\"https:\/\/www.instagram.com\/bdbcultural\/\">programa\u00e7\u00e3o aqui<\/a>).<\/p>\n<p>A semana contou tamb\u00e9m com uma importante a\u00e7\u00e3o do Minist\u00e9rio dos Direitos Humanos e Cidadania (MDHC) e da Secretaria Nacional dos Direitos das Pessoas\u00a0Idosas para a promo\u00e7\u00e3o das rela\u00e7\u00f5es intergeracionais entre crian\u00e7as e adolescentes e pessoas idosas.<\/p>\n<p>Atrav\u00e9s de conv\u00eanio com o Instituto Mauricio de Souza foi lan\u00e7ada revista em quadrinhos para ajudar a preparar as novas gera\u00e7\u00f5es para o envelhecimento populacional. Atualmente o Brasil conta com 35 milh\u00f5es de pessoas idosas. E outras 55 milh\u00f5es de pessoas na faixa dos 50 anos mais (IBGE, 2024).<\/p>\n<p>Os quadrinhos passaram a incluir a hist\u00f3ria da personagem Xab\u00e9u e sua av\u00f3, Dona Xepa, em uma jornada de aprendizado sobre o envelhecimento. E poder\u00e3o ser lidos em Portugu\u00eas e Espanhol na vers\u00e3o impressa e online.<\/p>\n<p>A Turma da M\u00f4nica segue mostrando, atrav\u00e9s das hist\u00f3rias em quadrinhos, a diversidade brasileira, incentivando a criatividade de crian\u00e7as e adolescentes e povoando o imagin\u00e1rio de diferentes gera\u00e7\u00f5es. Ali\u00e1s, a M\u00f4nica \u00e9 uma senhora que vai completar 62 anos em 2025.<\/p>\n<p>Bem vinda Xab\u00e9u e Dona Xepa!<\/p>\n<p>PS: Neste domingo, \u00e0s 8h30 o Coletivo Filhas da M\u00e3e vai realizar o segundo encontro do grupo Caminhantes em 2025. Vamos percorrer a <strong>Trilha Funghi\u00a0<\/strong> no Parque Olhos D&#8217;\u00c1gua (Quadra 413\/414 da Asa Norte) e conhecer os cogumelos comest\u00edveis do cerrado. A condu\u00e7\u00e3o est\u00e1 a cargo do bi\u00f3logo Fabio Neves Vieira, especialista no tema.\u00a0 O Encontro\u00a0 ser\u00e1 na entrada do Parque, logo ap\u00f3s os banheiros. Lembre de levar algo para o lanche compartilhado.<\/p>\n","protected":false},"excerpt":{"rendered":"<p>Cosette Castro Bras\u00edlia &#8211; Esta \u00e9 uma semana hist\u00f3rica para o pa\u00eds na \u00e1rea econ\u00f4mica, pol\u00edtica e cultural. No exterior, a ex-presidenta Dilma Rousseff foi reconduzida por unanimidade \u00e0 presid\u00eancia do Novo Banco de Desenvolvimento (NBD). O NDB \u00e9 o banco dos BRICS, formado por Brasil, R\u00fassia, \u00cdndia, China, \u00c1frica do Sul, Ir\u00e3, Egito, Emirados \u00c1rabes, Eti\u00f3pia e Ar\u00e1bia Saudita. [&hellip;]<\/p>\n","protected":false},"author":126,"featured_media":0,"comment_status":"open","ping_status":"open","sticky":false,"template":"","format":"standard","meta":{"footnotes":""},"categories":[1189],"tags":[1012,1515,1029,1506,924,1516,1511,1517,1508,1505,357,1234,1514,1513,1507,1512,1518,1509,1510],"class_list":["post-3075","post","type-post","status-publish","format-standard","hentry","category-cuidado-coletivo","tag-biblioteca-demonstrativa-de-brasilia","tag-brics","tag-caixa-cultural","tag-centro-cultural-banco-do-brasil","tag-cuidado-coletivo","tag-dilma-housseff","tag-donaxepa","tag-fabio-neves-vieira","tag-instituto-mauricio-de-souza","tag-margareth-menezes","tag-ministerio-da-saude","tag-ministerio-dos-direitos-humanos-e-cidadania","tag-nbd","tag-novo-banco-de-desenvolvimento","tag-secretaria-nacional-dos-direitos-das-pessoas-idosas","tag-supremo-tribunal-federal","tag-trilha-funghi","tag-turma-da-monica","tag-xabeu"],"_links":{"self":[{"href":"https:\/\/blogs.correiobraziliense.com.br\/coletivo-filhas-da-mae\/wp-json\/wp\/v2\/posts\/3075","targetHints":{"allow":["GET"]}}],"collection":[{"href":"https:\/\/blogs.correiobraziliense.com.br\/coletivo-filhas-da-mae\/wp-json\/wp\/v2\/posts"}],"about":[{"href":"https:\/\/blogs.correiobraziliense.com.br\/coletivo-filhas-da-mae\/wp-json\/wp\/v2\/types\/post"}],"author":[{"embeddable":true,"href":"https:\/\/blogs.correiobraziliense.com.br\/coletivo-filhas-da-mae\/wp-json\/wp\/v2\/users\/126"}],"replies":[{"embeddable":true,"href":"https:\/\/blogs.correiobraziliense.com.br\/coletivo-filhas-da-mae\/wp-json\/wp\/v2\/comments?post=3075"}],"version-history":[{"count":4,"href":"https:\/\/blogs.correiobraziliense.com.br\/coletivo-filhas-da-mae\/wp-json\/wp\/v2\/posts\/3075\/revisions"}],"predecessor-version":[{"id":3079,"href":"https:\/\/blogs.correiobraziliense.com.br\/coletivo-filhas-da-mae\/wp-json\/wp\/v2\/posts\/3075\/revisions\/3079"}],"wp:attachment":[{"href":"https:\/\/blogs.correiobraziliense.com.br\/coletivo-filhas-da-mae\/wp-json\/wp\/v2\/media?parent=3075"}],"wp:term":[{"taxonomy":"category","embeddable":true,"href":"https:\/\/blogs.correiobraziliense.com.br\/coletivo-filhas-da-mae\/wp-json\/wp\/v2\/categories?post=3075"},{"taxonomy":"post_tag","embeddable":true,"href":"https:\/\/blogs.correiobraziliense.com.br\/coletivo-filhas-da-mae\/wp-json\/wp\/v2\/tags?post=3075"}],"curies":[{"name":"wp","href":"https:\/\/api.w.org\/{rel}","templated":true}]}}