{"id":303,"date":"2021-06-28T07:00:03","date_gmt":"2021-06-28T10:00:03","guid":{"rendered":"https:\/\/blogs.correiobraziliense.com.br\/coletivo-filhas-da-mae\/?p=303"},"modified":"2021-06-28T09:34:01","modified_gmt":"2021-06-28T12:34:01","slug":"queremos-uma-lei-para-pacientes-de-alzheimer-e-cuidadoras","status":"publish","type":"post","link":"https:\/\/blogs.correiobraziliense.com.br\/coletivo-filhas-da-mae\/2021\/06\/28\/queremos-uma-lei-para-pacientes-de-alzheimer-e-cuidadoras\/","title":{"rendered":"Queremos uma lei para Pacientes de Alzheimer e Cuidadoras"},"content":{"rendered":"<p>Ana Castro &amp; Cosette Castro<\/p>\n<p>Bras\u00edlia &#8211;\u00a0 Junho foi um m\u00eas de muitas atividades no Coletivo Filhas da M\u00e3e, principalmente ligadas \u00e0s pol\u00edticas p\u00fablicas.<\/p>\n<p>Uma das linhas de a\u00e7\u00e3o do Coletivo, \u00e9 a defesa de pol\u00edticas p\u00fablicas que contribuam para a sa\u00fade f\u00edsica e mental de toda popula\u00e7\u00e3o, em especial as cuidadoras \u00a0familiares.<\/p>\n<p>Isso n\u00e3o ocorre por acaso. Estamos vivenciando uma pandemia silenciosa, que rouba a mem\u00f3ria e a sa\u00fade f\u00edsica de nossos entes queridos e sobrecarrega f\u00edsica e mentalmente as fam\u00edlias.\u00a0 E n\u00e3o somos preparados para enfrentar as dem\u00eancias.<\/p>\n<p>Tampouco\u00a0 conhecemos ou somos estimulados a tomar medidas de preven\u00e7\u00e3o voltadas para toda fam\u00edlia, formada por pessoas de diferentes gera\u00e7\u00f5es.<\/p>\n<p>Os n\u00fameros sobre o avan\u00e7o das dem\u00eancias no mundo s\u00e3o assustadores: um (01) caso \u00e9 diagnosticado a cada 03 segundos, segundo a Associa\u00e7\u00e3o Internacional de Alzheimer. 68% dos casos ocorrem em pa\u00edses, como o Brasil, com fragilidade econ\u00f4mica e social, sem contar a pandemia por coronavirus.<\/p>\n<p>Mas como pensar em preven\u00e7\u00e3o e tratamento gratuito em um Estado desolado como o Brasil, com mais de 512 mil\u00a0 mortos, somente por Covid-19?<\/p>\n<p>Como pensar na pandemia silenciosa das dem\u00eancias, quando no primeiro semestre de 2021, o IBGE registrou 14,8 milh\u00f5es de desempregados, o maior n\u00famero da s\u00e9rie hist\u00f3rica publicada desde 2012?\u00a0 Se levarmos em conta uma fam\u00edlia de quatro pessoas, o empobrecimento atingiu 59,2 milh\u00f5es de pessoas neste grupo.<\/p>\n<p>A popula\u00e7\u00e3o que se encontra no mercado informal\u00a0 diminuiu; agora h\u00e1 33,9 milh\u00f5es de brasileiros vivendo sem nenhum direito social \u00a0e cada vez mais dependentes dos SUS e das pol\u00edticas p\u00fablicas. Calculando uma fam\u00edlia de quatro pessoas, a instabilidade econ\u00f4mica atingiu 135,6 milh\u00f5es de brasileiras e \u00a0brasileiros.<\/p>\n<p>A situa\u00e7\u00e3o \u00e9 grav\u00edssima. Vivemos em um pa\u00eds aonde a verba para sa\u00fade e educa\u00e7\u00e3o foi congelada por 20 anos (desde o governo Temer) e aonde o or\u00e7amento para o SUS vem sendo reduzido desde 2019.\u00a0 Por outro lado, \u00a0temos 194,8 milh\u00f5es de pessoas, de diferentes faixas et\u00e1rias, que precisam garantir a sobreviv\u00eancia di\u00e1ria.<\/p>\n<p>S\u00e3o motoristas de Uber e outros aplicativos que passam comendo bolachas o dia inteiro para garantir o sustento b\u00e1sico da fam\u00edlia. S\u00e3o diaristas, artistas e outros profissionais que seguem a espera de poder voltar a trabalhar. Que passam o m\u00eas sorteando qual conta v\u00e3o \u00a0pagar em tempos em que ficar conectado tamb\u00e9m \u00e9 essencial.<\/p>\n<p>Neste contexto, o Coletivo Filhas da M\u00e3e em parceria com o F\u00f3rum Distrital em Defesa da Pessoa Idosa e com apoio do gabinete da Deputada Distrital Arlete Sampaio, \u00a0apresentou um <a href=\"https:\/\/drive.google.com\/file\/d\/1MugUYHWP_9f1kOoe2MtZ851Cbw5UPfbZ\/view?usp=sharing\">Substitutivo<\/a> ao Projeto de Lei (PL) 1265\/2020, do Deputado Jos\u00e9 Gomes sobre Alzheimer.<\/p>\n<p>O Substitutivo,\u00a0 escrito a v\u00e1rias m\u00e3os, \u00a0inclui a preven\u00e7\u00e3o e tratamento de doen\u00e7as como o Alzheimer e outras dem\u00eancias. Tamb\u00e9m inclui preven\u00e7\u00e3o e tratamento para familiares e cuidadoras.<\/p>\n<p>Pela primeira vez na hist\u00f3ria do pa\u00eds, caso seja aprovado,\u00a0 uma (futura) lei pretende proteger as pessoas enfermas e tamb\u00e9m inclui quem cuida. Leva-se \u00a0em conta que as dem\u00eancias adoecem tamb\u00e9m os familiares.\u00a0 E, se as fam\u00edlias sofrem fragilidade social e econ\u00f4mica, os riscos s\u00e3o ainda maiores. At\u00e9 ent\u00e3o, a \u00fanica lei aprovada era a da cidade de S\u00e3o Paulo (2021), mas com o olhar voltado apenas para o paciente de Alzheimer.<\/p>\n<p>Na semana passada, vencemos a primeira etapa na C\u00e2mara Legislativa do Distrito Federal ao ser acatado o Substitutivo pelo gabinete do autor do projeto, Deputado Jos\u00e9 Gomes, ap\u00f3s negocia\u00e7\u00e3o entre as equipes parlamentares.<\/p>\n<p>O Substitutivo sobre dem\u00eancias, familiares e cuidadoras foi para plen\u00e1rio nos dias 24 e 25 de junho. Ia entrar em\u00a0 vota\u00e7\u00e3o, mas h\u00e1 um acordo na C\u00e2mara Distrital\u00a0 em que os projetos\u00a0 s\u00e3o votados somente quando o autor est\u00e1 presente no plen\u00e1rio. E nas duas vezes, o Deputado \u00a0Jos\u00e9 Gomes n\u00e3o esteve presente na C\u00e2mara.<\/p>\n<p>A \u00a0boa not\u00edcia \u00e9 que na\u00a0 sexta- feira 26, a C\u00e2mara de L\u00edderes colocou o Substitutivo da Deputada Arlete Sampaio ao PL 1265\/2020 na pauta de vota\u00e7\u00e3o para a pr\u00f3xima ter\u00e7a-feira, 29 de junho, a partir das 15h. Ser\u00e1 o projeto de n\u00famero 166.<\/p>\n<p>Embora a Deputada Distrital\u00a0 tenha apresentado o Substitutivo, \u00e9 preciso que o autor do projeto original, Deputado\u00a0 Jos\u00e9 Gomes, esteja presente no plen\u00e1rio.<\/p>\n<p>Nestes \u00faltimos dias, estamos realizando uma dupla campanha.<\/p>\n<p>1) Estamos \u00a0enviando \u00a0mensagens com pedido da presen\u00e7a de <a href=\"https:\/\/www.josegomesdf.com.br\/\">Jos\u00e9 Gomes<\/a> no dia 29 de junho.<\/p>\n<p>2) enviando mensagens aos demais deputados para que aprovem o\u00a0 Substitutivo da Deputada Arlete Sampaio ao PL 1265\/2020.<\/p>\n<p>Para participar da campanha, envie mensagens aos<a href=\"https:\/\/www.cl.df.gov.br\/web\/guest\/deputados-2019-2022\"> deputados da C\u00e2mara Legislativa\/DF<\/a>. Basta clicar no link ao lado e na foto de cada deputado\/a. As mensagens tamb\u00e9m pode ser\u00a0 enviadas pelas redes sociais digitais ( Facebook, Instagram e Twitter) dos deputado pedindo:<\/p>\n<p>Srs. Deputados, aprovem o\u00a0 Substitutivo da Deputada Arlete Sampaio ao PL 1265\/2020. Os pacientes com dem\u00eancias agradecem. As fam\u00edlias tamb\u00e9m.<\/p>\n<p>PS: A ideia sobre uma lei sobre dem\u00eancias, pacientes, familiares e cuidadoras ganharam for\u00e7a com as conversas com a parceira Miriam Morata.<\/p>\n","protected":false},"excerpt":{"rendered":"<p>Ana Castro &amp; Cosette Castro Bras\u00edlia &#8211;\u00a0 Junho foi um m\u00eas de muitas atividades no Coletivo Filhas da M\u00e3e, principalmente ligadas \u00e0s pol\u00edticas p\u00fablicas. Uma das linhas de a\u00e7\u00e3o do Coletivo, \u00e9 a defesa de pol\u00edticas p\u00fablicas que contribuam para a sa\u00fade f\u00edsica e mental de toda popula\u00e7\u00e3o, em especial as cuidadoras \u00a0familiares. Isso n\u00e3o ocorre por acaso. Estamos vivenciando [&hellip;]<\/p>\n","protected":false},"author":126,"featured_media":0,"comment_status":"open","ping_status":"open","sticky":false,"template":"","format":"standard","meta":{"footnotes":""},"categories":[177],"tags":[8,183,184,118,20,21,7,180,181,182,12,178,179],"class_list":["post-303","post","type-post","status-publish","format-standard","hentry","category-politicas-publicas","tag-alzheimer","tag-camara-legislativa-df","tag-cl-df","tag-coletivo-filhas-da-mae","tag-cuidadoras-familiares","tag-cuidadores-familiares","tag-demencias","tag-deputada-arlete-sampaio","tag-deputado-jose-gomes","tag-pl-1265-2020","tag-politicas-publicas-de-cuidado","tag-projeto-de-lei-1265-2020","tag-substitutivo-ao-pl-1265-2020"],"_links":{"self":[{"href":"https:\/\/blogs.correiobraziliense.com.br\/coletivo-filhas-da-mae\/wp-json\/wp\/v2\/posts\/303","targetHints":{"allow":["GET"]}}],"collection":[{"href":"https:\/\/blogs.correiobraziliense.com.br\/coletivo-filhas-da-mae\/wp-json\/wp\/v2\/posts"}],"about":[{"href":"https:\/\/blogs.correiobraziliense.com.br\/coletivo-filhas-da-mae\/wp-json\/wp\/v2\/types\/post"}],"author":[{"embeddable":true,"href":"https:\/\/blogs.correiobraziliense.com.br\/coletivo-filhas-da-mae\/wp-json\/wp\/v2\/users\/126"}],"replies":[{"embeddable":true,"href":"https:\/\/blogs.correiobraziliense.com.br\/coletivo-filhas-da-mae\/wp-json\/wp\/v2\/comments?post=303"}],"version-history":[{"count":3,"href":"https:\/\/blogs.correiobraziliense.com.br\/coletivo-filhas-da-mae\/wp-json\/wp\/v2\/posts\/303\/revisions"}],"predecessor-version":[{"id":307,"href":"https:\/\/blogs.correiobraziliense.com.br\/coletivo-filhas-da-mae\/wp-json\/wp\/v2\/posts\/303\/revisions\/307"}],"wp:attachment":[{"href":"https:\/\/blogs.correiobraziliense.com.br\/coletivo-filhas-da-mae\/wp-json\/wp\/v2\/media?parent=303"}],"wp:term":[{"taxonomy":"category","embeddable":true,"href":"https:\/\/blogs.correiobraziliense.com.br\/coletivo-filhas-da-mae\/wp-json\/wp\/v2\/categories?post=303"},{"taxonomy":"post_tag","embeddable":true,"href":"https:\/\/blogs.correiobraziliense.com.br\/coletivo-filhas-da-mae\/wp-json\/wp\/v2\/tags?post=303"}],"curies":[{"name":"wp","href":"https:\/\/api.w.org\/{rel}","templated":true}]}}