{"id":3025,"date":"2025-03-10T11:30:45","date_gmt":"2025-03-10T14:30:45","guid":{"rendered":"https:\/\/blogs.correiobraziliense.com.br\/coletivo-filhas-da-mae\/?p=3025"},"modified":"2025-03-10T11:54:51","modified_gmt":"2025-03-10T14:54:51","slug":"depois-do-carnval-tem-roda-de-conversa","status":"publish","type":"post","link":"https:\/\/blogs.correiobraziliense.com.br\/coletivo-filhas-da-mae\/2025\/03\/10\/depois-do-carnval-tem-roda-de-conversa\/","title":{"rendered":"Depois do Carnaval Tem Roda de Conversa"},"content":{"rendered":"<p>Bras\u00edlia &#8211; Este fim de semana o Coletivo Filhas da M\u00e3e participou de intensas atividades no s\u00e1bado e domingo. As duas a\u00e7\u00f5es diziam respeito ao cuidado coletivo e incentivo ao autocuidado das pessoas que cuidam sem remunera\u00e7\u00e3o.<\/p>\n<p>A primeira atividade foi a participa\u00e7\u00e3o na Marcha das Mulheres\u00a0 2025 do Distrito Federal (8MDF) que acontece anualmente no dia 08 de mar\u00e7o. <img loading=\"lazy\" decoding=\"async\" class=\"size-medium wp-image-3027 aligncenter\" src=\"https:\/\/blogs.correiobraziliense.com.br\/coletivo-filhas-da-mae\/wp-content\/uploads\/sites\/60\/2025\/03\/8m2025-300x225.jpg\" alt=\"\" width=\"300\" height=\"225\" srcset=\"https:\/\/blogs.correiobraziliense.com.br\/coletivo-filhas-da-mae\/wp-content\/uploads\/sites\/60\/2025\/03\/8m2025-300x225.jpg 300w, https:\/\/blogs.correiobraziliense.com.br\/coletivo-filhas-da-mae\/wp-content\/uploads\/sites\/60\/2025\/03\/8m2025-768x576.jpg 768w, https:\/\/blogs.correiobraziliense.com.br\/coletivo-filhas-da-mae\/wp-content\/uploads\/sites\/60\/2025\/03\/8m2025-1024x768.jpg 1024w, https:\/\/blogs.correiobraziliense.com.br\/coletivo-filhas-da-mae\/wp-content\/uploads\/sites\/60\/2025\/03\/8m2025-1440x1080.jpg 1440w, https:\/\/blogs.correiobraziliense.com.br\/coletivo-filhas-da-mae\/wp-content\/uploads\/sites\/60\/2025\/03\/8m2025-800x600.jpg 800w, https:\/\/blogs.correiobraziliense.com.br\/coletivo-filhas-da-mae\/wp-content\/uploads\/sites\/60\/2025\/03\/8m2025-550x413.jpg 550w, https:\/\/blogs.correiobraziliense.com.br\/coletivo-filhas-da-mae\/wp-content\/uploads\/sites\/60\/2025\/03\/8m2025-230x173.jpg 230w, https:\/\/blogs.correiobraziliense.com.br\/coletivo-filhas-da-mae\/wp-content\/uploads\/sites\/60\/2025\/03\/8m2025.jpg 1600w\" sizes=\"auto, (max-width: 300px) 100vw, 300px\" \/><\/p>\n<p>Estivemos juntas em defesa da vida em seguran\u00e7a das mulheres de todas as idades e pela constru\u00e7\u00e3o de uma Sociedade do Cuidado sem viol\u00eancia (f\u00edsica, psicol\u00f3gica, sexual, moral e patrimonial) e sem preconceito contra mulheres.<\/p>\n<p>No domingo, dia 09\/03 realizamos a nossa segunda atividade de carnaval.\u00a0Mais uma vez junto com o Bloco do Rivotrio no P\u00f3s-Carnaval 2025. Ao mesmo tempo em que nosso parceiro completou 15 anos em defesa da luta antimanicomial, o Bloco Filhas da M\u00e3e completou 05 anos de acolhimento \u00e0s pessoas que cuidam familiares.<\/p>\n<p><img loading=\"lazy\" decoding=\"async\" class=\" wp-image-3028 aligncenter\" src=\"https:\/\/blogs.correiobraziliense.com.br\/coletivo-filhas-da-mae\/wp-content\/uploads\/sites\/60\/2025\/03\/Cuidadina.-P\u00f3s-Carnaval-2025-135x300.jpg\" alt=\"\" width=\"158\" height=\"351\" srcset=\"https:\/\/blogs.correiobraziliense.com.br\/coletivo-filhas-da-mae\/wp-content\/uploads\/sites\/60\/2025\/03\/Cuidadina.-P\u00f3s-Carnaval-2025-135x300.jpg 135w, https:\/\/blogs.correiobraziliense.com.br\/coletivo-filhas-da-mae\/wp-content\/uploads\/sites\/60\/2025\/03\/Cuidadina.-P\u00f3s-Carnaval-2025-461x1024.jpg 461w, https:\/\/blogs.correiobraziliense.com.br\/coletivo-filhas-da-mae\/wp-content\/uploads\/sites\/60\/2025\/03\/Cuidadina.-P\u00f3s-Carnaval-2025-550x1222.jpg 550w, https:\/\/blogs.correiobraziliense.com.br\/coletivo-filhas-da-mae\/wp-content\/uploads\/sites\/60\/2025\/03\/Cuidadina.-P\u00f3s-Carnaval-2025-230x511.jpg 230w, https:\/\/blogs.correiobraziliense.com.br\/coletivo-filhas-da-mae\/wp-content\/uploads\/sites\/60\/2025\/03\/Cuidadina.-P\u00f3s-Carnaval-2025.jpg 720w\" sizes=\"auto, (max-width: 158px) 100vw, 158px\" \/><\/p>\n<p>Cuidadina, a dinossaura mascote do Bloco Filhas da M\u00e3e, que desde a pr\u00e9-hist\u00f3ria cuida sem remunera\u00e7\u00e3o, veio brincar o Carnaval e conhecer outras pessoas que cuidam seus familiares.<\/p>\n<p>Nossa gratid\u00e3o \u00e0 Co-coordenadora Leandra Lofego que criou a Cuidadina e &#8220;incorporou&#8221; a mascote, apesar do calor.<\/p>\n<p>No Coletivo Filhas da M\u00e3e acreditamos no carnaval como um espa\u00e7o de cultura popular, de ocupa\u00e7\u00e3o da cidade, de encontro (cuidado coletivo), brincadeira e alegria (autocuidado) tanto para quem enfrenta os desafios dos transtornos mentais como para quem cuida familiares adoecidos. Veja aqui \u00e1lbum compartilhado com as<a href=\"https:\/\/photos.app.goo.gl\/35W1iK922JUyJ7vs5\"> fotos e v\u00eddeos<\/a> do P\u00f3s-Carnaval 2025.<\/p>\n<p><img loading=\"lazy\" decoding=\"async\" class=\"size-medium wp-image-3029 aligncenter\" src=\"https:\/\/blogs.correiobraziliense.com.br\/coletivo-filhas-da-mae\/wp-content\/uploads\/sites\/60\/2025\/03\/pos-carnaval-2025.2-300x225.jpg\" alt=\"\" width=\"300\" height=\"225\" srcset=\"https:\/\/blogs.correiobraziliense.com.br\/coletivo-filhas-da-mae\/wp-content\/uploads\/sites\/60\/2025\/03\/pos-carnaval-2025.2-300x225.jpg 300w, https:\/\/blogs.correiobraziliense.com.br\/coletivo-filhas-da-mae\/wp-content\/uploads\/sites\/60\/2025\/03\/pos-carnaval-2025.2-768x576.jpg 768w, https:\/\/blogs.correiobraziliense.com.br\/coletivo-filhas-da-mae\/wp-content\/uploads\/sites\/60\/2025\/03\/pos-carnaval-2025.2-1024x768.jpg 1024w, https:\/\/blogs.correiobraziliense.com.br\/coletivo-filhas-da-mae\/wp-content\/uploads\/sites\/60\/2025\/03\/pos-carnaval-2025.2-1440x1080.jpg 1440w, https:\/\/blogs.correiobraziliense.com.br\/coletivo-filhas-da-mae\/wp-content\/uploads\/sites\/60\/2025\/03\/pos-carnaval-2025.2-800x600.jpg 800w, https:\/\/blogs.correiobraziliense.com.br\/coletivo-filhas-da-mae\/wp-content\/uploads\/sites\/60\/2025\/03\/pos-carnaval-2025.2-550x413.jpg 550w, https:\/\/blogs.correiobraziliense.com.br\/coletivo-filhas-da-mae\/wp-content\/uploads\/sites\/60\/2025\/03\/pos-carnaval-2025.2-230x173.jpg 230w, https:\/\/blogs.correiobraziliense.com.br\/coletivo-filhas-da-mae\/wp-content\/uploads\/sites\/60\/2025\/03\/pos-carnaval-2025.2.jpg 1600w\" sizes=\"auto, (max-width: 300px) 100vw, 300px\" \/><\/p>\n<p>Parte da Comiss\u00e3o Organizadora do Bloco Filhas da M\u00e3e com a Terezinha Ananke, uma das fundadoras do Bloco Rivotrio (terceira da esquerda para direita).<\/p>\n<p>Segundo a Organiza\u00e7\u00e3o Mundial da Sa\u00fade (OMS, 2023), vivemos no pa\u00eds com maior n\u00famero de casos de transtorno de ansiedade do mundo e somos o terceiro em casos de depress\u00e3o. Isso n\u00e3o acontece por acaso. As mulheres sofrem sobrecarga f\u00edsica e emocional di\u00e1ria e n\u00e3o param de trabalhar, com ou sem remunera\u00e7\u00e3o.<\/p>\n<p>S\u00e3o elas que mant\u00e9m financeiramente 49,1% dos lares brasileiros (IBGE (2023). Isso significa 35 milh\u00f5es de fam\u00edlias. A maioria delas se encontra na faixa dos 40 anos e cuidam de crian\u00e7as, familiares doentes e tamb\u00e9m de pessoas idosas.<\/p>\n<p>PS: Nesta quinta-feira, dia 13, acontecer\u00e1 a <strong>Roda de Conversa<\/strong> do m\u00eas de mar\u00e7o coordenada por Manoela Dias. Em 2025, aos encontros passaram para o formato h\u00edbrido: online <a href=\"https:\/\/us06web.zoom.us\/j\/85465872111?pwd=Dwyjgx37qj8oe0sijJlmXLxbjUdkSc.1\">(link aqui<\/a>) e presencial (Espa\u00e7o Longeviver, situado na Quadra 601 da Asa Sul, edif\u00edcio Provid\u00eancia, 2o. andar). Hor\u00e1rio: Das 19 \u00e0s 20h30.\u00a0Lembre de levar uma contribui\u00e7\u00e3o para o lanche.<\/p>\n<p>&nbsp;<\/p>\n","protected":false},"excerpt":{"rendered":"<p>Bras\u00edlia &#8211; Este fim de semana o Coletivo Filhas da M\u00e3e participou de intensas atividades no s\u00e1bado e domingo. As duas a\u00e7\u00f5es diziam respeito ao cuidado coletivo e incentivo ao autocuidado das pessoas que cuidam sem remunera\u00e7\u00e3o. A primeira atividade foi a participa\u00e7\u00e3o na Marcha das Mulheres\u00a0 2025 do Distrito Federal (8MDF) que acontece anualmente no dia 08 de mar\u00e7o. [&hellip;]<\/p>\n","protected":false},"author":126,"featured_media":0,"comment_status":"open","ping_status":"open","sticky":false,"template":"","format":"standard","meta":{"footnotes":""},"categories":[1492,1],"tags":[1493,3,331,696,119,20,7,14,1491,1490,1494],"class_list":["post-3025","post","type-post","status-publish","format-standard","hentry","category-pos-carnaval-2025","category-sem-categoria","tag-8mdf2025","tag-autocuidado","tag-bloco-do-rivotrio","tag-bloco-filhas-da-mae","tag-cuidado-e-autocuidado","tag-cuidadoras-familiares","tag-demencias","tag-direitos-humanos","tag-marcha-das-mulheres-2025","tag-pos-carnaval-2025","tag-rodas-de-conversa"],"_links":{"self":[{"href":"https:\/\/blogs.correiobraziliense.com.br\/coletivo-filhas-da-mae\/wp-json\/wp\/v2\/posts\/3025","targetHints":{"allow":["GET"]}}],"collection":[{"href":"https:\/\/blogs.correiobraziliense.com.br\/coletivo-filhas-da-mae\/wp-json\/wp\/v2\/posts"}],"about":[{"href":"https:\/\/blogs.correiobraziliense.com.br\/coletivo-filhas-da-mae\/wp-json\/wp\/v2\/types\/post"}],"author":[{"embeddable":true,"href":"https:\/\/blogs.correiobraziliense.com.br\/coletivo-filhas-da-mae\/wp-json\/wp\/v2\/users\/126"}],"replies":[{"embeddable":true,"href":"https:\/\/blogs.correiobraziliense.com.br\/coletivo-filhas-da-mae\/wp-json\/wp\/v2\/comments?post=3025"}],"version-history":[{"count":7,"href":"https:\/\/blogs.correiobraziliense.com.br\/coletivo-filhas-da-mae\/wp-json\/wp\/v2\/posts\/3025\/revisions"}],"predecessor-version":[{"id":3035,"href":"https:\/\/blogs.correiobraziliense.com.br\/coletivo-filhas-da-mae\/wp-json\/wp\/v2\/posts\/3025\/revisions\/3035"}],"wp:attachment":[{"href":"https:\/\/blogs.correiobraziliense.com.br\/coletivo-filhas-da-mae\/wp-json\/wp\/v2\/media?parent=3025"}],"wp:term":[{"taxonomy":"category","embeddable":true,"href":"https:\/\/blogs.correiobraziliense.com.br\/coletivo-filhas-da-mae\/wp-json\/wp\/v2\/categories?post=3025"},{"taxonomy":"post_tag","embeddable":true,"href":"https:\/\/blogs.correiobraziliense.com.br\/coletivo-filhas-da-mae\/wp-json\/wp\/v2\/tags?post=3025"}],"curies":[{"name":"wp","href":"https:\/\/api.w.org\/{rel}","templated":true}]}}