{"id":2972,"date":"2025-02-17T21:17:11","date_gmt":"2025-02-18T00:17:11","guid":{"rendered":"https:\/\/blogs.correiobraziliense.com.br\/coletivo-filhas-da-mae\/?p=2972"},"modified":"2025-02-17T22:47:22","modified_gmt":"2025-02-18T01:47:22","slug":"hoje-e-dia-de-gratidao","status":"publish","type":"post","link":"https:\/\/blogs.correiobraziliense.com.br\/coletivo-filhas-da-mae\/2025\/02\/17\/hoje-e-dia-de-gratidao\/","title":{"rendered":"Hoje \u00e9 Dia de Gratid\u00e3o"},"content":{"rendered":"<p>Cosette Castro<\/p>\n<p>Bras\u00edlia &#8211; Hoje \u00e9 dia de gratid\u00e3o. No domingo, 16, o Bloco Filhas da M\u00e3e realizou o seu primeiro Esquenta Carnaval de 2025 e ainda estamos emocionadas.<\/p>\n<p>Este ano a festa aconteceu mais uma vez na Asa Sul. Mudamos o endere\u00e7o, mas a divers\u00e3o, a brincadeira e o encontro seguiram garantidos. Este ano fomos acolhidas pelo Beco da Infinu e deu tudo certo. Nossa gratid\u00e3o ao Cec\u00e9u, ao Miguel e toda equipe.<\/p>\n<p>Tivemos novidades em 2025. Primeiro a Marchinha &#8220;Ningu\u00e9m Solta a M\u00e3o de Ningu\u00e9m&#8221; foi interpretada ao vivo pela cantora e jornalista Ana Pimentah, a primeira pessoa a gravar a m\u00fasica em est\u00fadio ao lado de duas das fundadoras do Coletivo Filhas da M\u00e3e em 2020.<\/p>\n<p>Este tamb\u00e9m foi o primeiro ano que o autor da marchinha, o m\u00fasico e pesquisador Andr\u00e9 Barbosa Filho, teve a oportunidade de cantar com o Bloco Filhas da M\u00e3e a sua composi\u00e7\u00e3o. Foi emo\u00e7\u00e3o dupla no ano que o Coletivo completa 05 anos. E dupla a nossa gratid\u00e3o.<\/p>\n<p>Em 2025 tivemos pela primeira vez uma banca do Bloco com adere\u00e7os de carnaval produzidos pelas cuidadoras e ex-cuidadoras volunt\u00e1rias do Coletivo e tamb\u00e9m camisetas comemorativas.\u00a0 Sem contar a produ\u00e7\u00e3o de cartazes alusivos ao Carnaval 2025.<\/p>\n<p>Todo esse trabalho volunt\u00e1rio e invis\u00edvel\u00a0 que come\u00e7ou em janeiro, \u00e9 realizado para levantar fundos para os projetos do Coletivo Filhas da M\u00e3e. \u00c9 tamb\u00e9m um espa\u00e7o de encontro, muita conversa e novas aprendizagens entre as mulheres cuidadoras e ex-cuidadoras. A todas essas mulheres incr\u00edveis, gratid\u00e3o.<\/p>\n<p>No domingo, as Filhas da M\u00e3e distribuiram flores de papel com mensagens lembrando a import\u00e2ncia da corresponsabilidade do cuidado masculino e do est\u00edmulo \u00e0 cria\u00e7\u00e3o de uma Sociedade do Cuidado. Vejam as fotos e v\u00eddeos no instagram @blocofilhas da m\u00e3e.<\/p>\n<p>As flores foram confeccionadas no s\u00e1bado, dia 15, enquanto um outro grupo de volunt\u00e1rias preparava os cartazes que coloriram a tarde. Elas seguiram produzindo flores no domingo em meio \u00e0 musica e \u00e0 brincadeira.<\/p>\n<p>Entre os cartazes estava &#8220;Eu Te Cuido, Tu Me Cuidas&#8221; e &#8220;Ningu\u00e9m Solta M\u00e3e de Ningu\u00e9m&#8221; lembrando que o Bloco faz parte de uma rede de apoio e solidariedade \u00e0s pessoas que cuidam sem remunera\u00e7\u00e3o e que se expande diariamente. Nossa gratid\u00e3o \u00e0 Maria do Carmo Albuquerque, ex-cuidadora e apoiadora do Coletivo, por ensinar a confeccionar as flores em diferentes oficinas desde 2023.<\/p>\n<p>Al\u00e9m disso, este ano tivemos duas fanfarras que fizeram nosso cora\u00e7\u00e3o transbordar de alegria e gratid\u00e3o.<\/p>\n<p>A primeira a alegrar a tarde de domingo foi a fanfarra inclusiva &#8220;Me Chame Pelo Nome&#8221; que, pela primeira vez, prestigiou o Bloco Filhas da M\u00e3e com a sua\u00a0 arte. E a partir das 16h, tivemos a presen\u00e7a maravilhosa da fanfarra &#8220;Capivareta Repercursiva&#8221; que, em 2025, trouxe sua mascote. Aos dois grupos, a gratid\u00e3o do Bloco e do Coletivo Filhas da M\u00e3e.<\/p>\n<p>Uma das cenas mais bonitas da tarde foi o encontro da mascote da fanfarra Capivareta Repercursiva, conduzida por Hellen Frida, com a mascote\u00a0 do Bloco, a CuidaDina, a dinossaura concebida por Leandra Lofego, da coordena\u00e7\u00e3o do Coletivo e conduzida por seus filhos.\u00a0Para quem ainda n\u00e3o conhece, a Cuidadina vem cuidando sem remunera\u00e7\u00e3o desde a pr\u00e9-historia. A essas pessoas que contagiam expandindo alegria, nossa gratid\u00e3o.<\/p>\n<p>Da pra entender por que hoje o Blog demorou tanto para ser publicado? Foi muita emo\u00e7\u00e3o. Muita alegria.<\/p>\n<p>Ainda estamos desfrutando o encontro com amigos e amigas, com nossos parceiros e parceiras, lembrando que tamb\u00e9m conhecemos novas amigas e amigos no domingo. E contamos com a participa\u00e7\u00e3o de diferentes gera\u00e7\u00f5es de mulheres cuidadoras e suas fam\u00edlias. Inclusive daquelas cujos familiares com dem\u00eancia j\u00e1 faleceram, mas seguem apoiando o Bloco Filhas da M\u00e3e.<\/p>\n<p>PS: Veja as fotos e v\u00eddeos do \u00e1lbum compartilhado &#8211; Esquenta Carnaval 2025 <a href=\"https:\/\/photos.app.goo.gl\/Tg1yW1fRnsAg9CTg6\">AQUI.<\/a><\/p>\n<p>PS 2: Veja tamb\u00e9m as grava\u00e7\u00f5es feitas pela TV Comunit\u00e1ria de Bras\u00edlia. <a href=\"https:\/\/www.facebook.com\/share\/v\/1BNZuhUtU1\/?mibextid=wwXIfr\">Link 1<\/a> e <a href=\"https:\/\/www.facebook.com\/share\/v\/1987sk9wDS\/?mibextid=wwXIfr\">Link 2<\/a>\u00a0no Facebook. Gratid\u00e3o!<\/p>\n<p>&nbsp;<\/p>\n","protected":false},"excerpt":{"rendered":"<p>Cosette Castro Bras\u00edlia &#8211; Hoje \u00e9 dia de gratid\u00e3o. No domingo, 16, o Bloco Filhas da M\u00e3e realizou o seu primeiro Esquenta Carnaval de 2025 e ainda estamos emocionadas. Este ano a festa aconteceu mais uma vez na Asa Sul. Mudamos o endere\u00e7o, mas a divers\u00e3o, a brincadeira e o encontro seguiram garantidos. Este ano fomos acolhidas pelo Beco da [&hellip;]<\/p>\n","protected":false},"author":126,"featured_media":0,"comment_status":"open","ping_status":"open","sticky":false,"template":"","format":"standard","meta":{"footnotes":""},"categories":[1446],"tags":[8,1468,696,119,20,7,5,1467,1466,1465,1469],"class_list":["post-2972","post","type-post","status-publish","format-standard","hentry","category-carnaval-2025","tag-alzheimer","tag-beco-da-infinu","tag-bloco-filhas-da-mae","tag-cuidado-e-autocuidado","tag-cuidadoras-familiares","tag-demencias","tag-envelhecimento","tag-esquenta-carnaval-2025","tag-fanfarra-capivareta-repercursiva","tag-fanfarra-me-chame-pelo-nome","tag-tv-comunitaria-de-brasilia"],"_links":{"self":[{"href":"https:\/\/blogs.correiobraziliense.com.br\/coletivo-filhas-da-mae\/wp-json\/wp\/v2\/posts\/2972","targetHints":{"allow":["GET"]}}],"collection":[{"href":"https:\/\/blogs.correiobraziliense.com.br\/coletivo-filhas-da-mae\/wp-json\/wp\/v2\/posts"}],"about":[{"href":"https:\/\/blogs.correiobraziliense.com.br\/coletivo-filhas-da-mae\/wp-json\/wp\/v2\/types\/post"}],"author":[{"embeddable":true,"href":"https:\/\/blogs.correiobraziliense.com.br\/coletivo-filhas-da-mae\/wp-json\/wp\/v2\/users\/126"}],"replies":[{"embeddable":true,"href":"https:\/\/blogs.correiobraziliense.com.br\/coletivo-filhas-da-mae\/wp-json\/wp\/v2\/comments?post=2972"}],"version-history":[{"count":13,"href":"https:\/\/blogs.correiobraziliense.com.br\/coletivo-filhas-da-mae\/wp-json\/wp\/v2\/posts\/2972\/revisions"}],"predecessor-version":[{"id":2985,"href":"https:\/\/blogs.correiobraziliense.com.br\/coletivo-filhas-da-mae\/wp-json\/wp\/v2\/posts\/2972\/revisions\/2985"}],"wp:attachment":[{"href":"https:\/\/blogs.correiobraziliense.com.br\/coletivo-filhas-da-mae\/wp-json\/wp\/v2\/media?parent=2972"}],"wp:term":[{"taxonomy":"category","embeddable":true,"href":"https:\/\/blogs.correiobraziliense.com.br\/coletivo-filhas-da-mae\/wp-json\/wp\/v2\/categories?post=2972"},{"taxonomy":"post_tag","embeddable":true,"href":"https:\/\/blogs.correiobraziliense.com.br\/coletivo-filhas-da-mae\/wp-json\/wp\/v2\/tags?post=2972"}],"curies":[{"name":"wp","href":"https:\/\/api.w.org\/{rel}","templated":true}]}}