{"id":2960,"date":"2025-02-07T18:18:52","date_gmt":"2025-02-07T21:18:52","guid":{"rendered":"https:\/\/blogs.correiobraziliense.com.br\/coletivo-filhas-da-mae\/?p=2960"},"modified":"2025-02-07T18:18:52","modified_gmt":"2025-02-07T21:18:52","slug":"voce-conhece-o-bloco-filhas-da-mae","status":"publish","type":"post","link":"https:\/\/blogs.correiobraziliense.com.br\/coletivo-filhas-da-mae\/2025\/02\/07\/voce-conhece-o-bloco-filhas-da-mae\/","title":{"rendered":"Voc\u00ea Conhece o Bloco Filhas da M\u00e3e?"},"content":{"rendered":"<p>Cosette Castro<\/p>\n<p>Bras\u00edlia &#8211; Ao completar 05 anos de atividades estimulando uma Sociedade do Cuidado, o Coletivo Filhas da M\u00e3e tem novidades para contar.<\/p>\n<p>Nas horas livres, as cuidadoras familiares, amigas e vizinhas que cuidam sem remunera\u00e7\u00e3o e ex-cuidadoras familiares est\u00e3o se organizando para brincar o Carnaval 2025 em Bras\u00edlia. Todas as pessoas, independente da idade, s\u00e3o bem vindas.<\/p>\n<p>Pode n\u00e3o parecer, mas d\u00e1 trabalho preparar um Bloco de Carnaval informal, sem apoio financeiro. O Bloco Filhas da M\u00e3e foi criado em janeiro de 2020, pouco antes da pandemia. Seguiu virtual durante o Covid-19 e voltou \u00e0s ruas em 2023 e 2024.<\/p>\n<p><img loading=\"lazy\" decoding=\"async\" class=\"size-medium wp-image-2962 aligncenter\" src=\"https:\/\/blogs.correiobraziliense.com.br\/coletivo-filhas-da-mae\/wp-content\/uploads\/sites\/60\/2025\/02\/bloco-Filhas-da-M\u00e3e-estandarte-eu-te-cuido-200x300.jpg\" alt=\"\" width=\"200\" height=\"300\" srcset=\"https:\/\/blogs.correiobraziliense.com.br\/coletivo-filhas-da-mae\/wp-content\/uploads\/sites\/60\/2025\/02\/bloco-Filhas-da-M\u00e3e-estandarte-eu-te-cuido-200x300.jpg 200w, https:\/\/blogs.correiobraziliense.com.br\/coletivo-filhas-da-mae\/wp-content\/uploads\/sites\/60\/2025\/02\/bloco-Filhas-da-M\u00e3e-estandarte-eu-te-cuido-684x1024.jpg 684w, https:\/\/blogs.correiobraziliense.com.br\/coletivo-filhas-da-mae\/wp-content\/uploads\/sites\/60\/2025\/02\/bloco-Filhas-da-M\u00e3e-estandarte-eu-te-cuido-550x824.jpg 550w, https:\/\/blogs.correiobraziliense.com.br\/coletivo-filhas-da-mae\/wp-content\/uploads\/sites\/60\/2025\/02\/bloco-Filhas-da-M\u00e3e-estandarte-eu-te-cuido-230x345.jpg 230w, https:\/\/blogs.correiobraziliense.com.br\/coletivo-filhas-da-mae\/wp-content\/uploads\/sites\/60\/2025\/02\/bloco-Filhas-da-M\u00e3e-estandarte-eu-te-cuido.jpg 755w\" sizes=\"auto, (max-width: 200px) 100vw, 200px\" \/><\/p>\n<p>Cena do P\u00f3s Carnaval em 2024 no Eix\u00e3o Norte em Bras\u00edlia<\/p>\n<p>A proposta foi criar o primeiro Bloco de Carnaval do Brasil para, al\u00e9m de brincar e se divertir,\u00a0 chamar aten\u00e7\u00e3o sobre a invisibilidade do cuidado n\u00e3o remunerado, sobre mem\u00f3ria (individual e coletiva) e sobre dem\u00eancias. E, ao mesmo tempo, ocupar as ruas da Capital Federal em diferentes momentos.<\/p>\n<p>O primeiro momento come\u00e7a dois meses antes do carnaval. E envolve oficinas gratuitas de Samba no P\u00e9, estandarte e materiais de carnaval, como tiaras, ombreiras, camisetas e brincos. Esses materiais est\u00e3o sendo vendidos para apoiar os custos do Carnaval 2025.<\/p>\n<p>O segundo momento, tamb\u00e9m pr\u00e9-carnaval, \u00e9 o ESQUENTA CARNAVAL. Em 2025, o ESQUENTA CARNAVAL do Bloco Filhas da M\u00e3e vai acontecer dia 16 de fevereiro, domingo, no Beco da Infinu, localizado na Quadra 506, da Asa Sul.<\/p>\n<p>A partir das 13h30 ser\u00e3o realizadas oficinas gratuitas, entre elas a de customiza\u00e7\u00e3o de camisetas (leve a sua camiseta). E, a partir das 15h, a Fanfarra da Capivareta Repercussiva vai alegrar os foli\u00f5es.<\/p>\n<p>Em 2020 o Bloco ganhou marchinha pr\u00f3pria, criada por Andr\u00e9 Barbosa Filho. A Marchinha &#8220;Ningu\u00e9m Solta a M\u00e3o de Ningu\u00e9m&#8221; chama a aten\u00e7\u00e3o para Quem Cuida de Quem Cuida em um pa\u00eds em processo de\u00a0envelhecimento. (<a href=\"https:\/\/www.instagram.com\/reel\/DFtPgjwvGds\/?igsh=MTNmcG80dGliNDR6aw==\">Conhe\u00e7a a marchinha aqui<\/a>)<\/p>\n<p>Diferente de outros Blocos de Carnaval, o Filhas da M\u00e3e n\u00e3o sai durante os dias de folia. Volta \u00e0s ruas no domingo P\u00f3s-Carnaval em parceria com o Coletivo dos Blocos da Sa\u00fade Mental do Distrito Federal.<\/p>\n<p>No dia 09 de mar\u00e7o realizar\u00e1 cortejo no Eix\u00e3o Norte com o Coletivo dos Blocos da Sa\u00fade Mental do Distrito Federal, coordenado pelo Bloco do Rivotrio.\u00a0 (Aguarde a programa\u00e7\u00e3o de 2025)<\/p>\n<p>PS: Para acompanhar as atividades do Bloco Filhas da M\u00e3e busque o @blocofilhasdam\u00e3e no Instagram e a p\u00e1gina do Coletivo Filhas da M\u00e3e no Facebook.<\/p>\n","protected":false},"excerpt":{"rendered":"<p>Cosette Castro Bras\u00edlia &#8211; Ao completar 05 anos de atividades estimulando uma Sociedade do Cuidado, o Coletivo Filhas da M\u00e3e tem novidades para contar. Nas horas livres, as cuidadoras familiares, amigas e vizinhas que cuidam sem remunera\u00e7\u00e3o e ex-cuidadoras familiares est\u00e3o se organizando para brincar o Carnaval 2025 em Bras\u00edlia. Todas as pessoas, independente da idade, s\u00e3o bem vindas. Pode [&hellip;]<\/p>\n","protected":false},"author":126,"featured_media":0,"comment_status":"open","ping_status":"open","sticky":false,"template":"","format":"standard","meta":{"footnotes":""},"categories":[1446,1],"tags":[1081,331,696,1461,1460,1459],"class_list":["post-2960","post","type-post","status-publish","format-standard","hentry","category-carnaval-2025","category-sem-categoria","tag-andre-barbosa-filho","tag-bloco-do-rivotrio","tag-bloco-filhas-da-mae","tag-coletivo-de-blocos-da-saude-mental-do-distrito-federal","tag-esqunta-carnaval-2025","tag-infinubsb"],"_links":{"self":[{"href":"https:\/\/blogs.correiobraziliense.com.br\/coletivo-filhas-da-mae\/wp-json\/wp\/v2\/posts\/2960","targetHints":{"allow":["GET"]}}],"collection":[{"href":"https:\/\/blogs.correiobraziliense.com.br\/coletivo-filhas-da-mae\/wp-json\/wp\/v2\/posts"}],"about":[{"href":"https:\/\/blogs.correiobraziliense.com.br\/coletivo-filhas-da-mae\/wp-json\/wp\/v2\/types\/post"}],"author":[{"embeddable":true,"href":"https:\/\/blogs.correiobraziliense.com.br\/coletivo-filhas-da-mae\/wp-json\/wp\/v2\/users\/126"}],"replies":[{"embeddable":true,"href":"https:\/\/blogs.correiobraziliense.com.br\/coletivo-filhas-da-mae\/wp-json\/wp\/v2\/comments?post=2960"}],"version-history":[{"count":2,"href":"https:\/\/blogs.correiobraziliense.com.br\/coletivo-filhas-da-mae\/wp-json\/wp\/v2\/posts\/2960\/revisions"}],"predecessor-version":[{"id":2963,"href":"https:\/\/blogs.correiobraziliense.com.br\/coletivo-filhas-da-mae\/wp-json\/wp\/v2\/posts\/2960\/revisions\/2963"}],"wp:attachment":[{"href":"https:\/\/blogs.correiobraziliense.com.br\/coletivo-filhas-da-mae\/wp-json\/wp\/v2\/media?parent=2960"}],"wp:term":[{"taxonomy":"category","embeddable":true,"href":"https:\/\/blogs.correiobraziliense.com.br\/coletivo-filhas-da-mae\/wp-json\/wp\/v2\/categories?post=2960"},{"taxonomy":"post_tag","embeddable":true,"href":"https:\/\/blogs.correiobraziliense.com.br\/coletivo-filhas-da-mae\/wp-json\/wp\/v2\/tags?post=2960"}],"curies":[{"name":"wp","href":"https:\/\/api.w.org\/{rel}","templated":true}]}}