{"id":2955,"date":"2025-02-03T08:17:37","date_gmt":"2025-02-03T11:17:37","guid":{"rendered":"https:\/\/blogs.correiobraziliense.com.br\/coletivo-filhas-da-mae\/?p=2955"},"modified":"2025-02-03T08:28:38","modified_gmt":"2025-02-03T11:28:38","slug":"quanto-tempo-dura-a-felicidade","status":"publish","type":"post","link":"https:\/\/blogs.correiobraziliense.com.br\/coletivo-filhas-da-mae\/2025\/02\/03\/quanto-tempo-dura-a-felicidade\/","title":{"rendered":"Quanto Tempo Dura a Felicidade?"},"content":{"rendered":"<p>Cosette Castro<\/p>\n<p>Bras\u00edlia &#8211; Est\u00e1 semana abri espa\u00e7o na agenda e fui a uma sess\u00e3o de cinema \u00e0s 16h30 em Bras\u00edlia. Com direito a \u00e1gua e pipoca.<\/p>\n<p>Escolhi um filme iraniano, &#8220;<a href=\"https:\/\/youtu.be\/BrMeEyG682s\">Meu Bolo Favorito<\/a>&#8220;. O filme tem um dos trailers mais convidativos sobre rela\u00e7\u00f5es afetivas dos \u00faltimos tempos. Divertido, alegre e com um bolo lindo. Nada sugere o que vir\u00e1.<\/p>\n<p>Filmes com prepara\u00e7\u00e3o de alimentos, doces e salgados para si ou para outra(s) pessoa(s), tendem a ser amorosos. Compartilhar a mesa e os alimentos \u00e9 uma forma de comunh\u00e3o. De encontro, de prazer e tamb\u00e9m \u00e9 uma oportunidade de criar ou refor\u00e7ar la\u00e7os afetivos.<\/p>\n<p>Ele come\u00e7a com um encontro de amigas em torno de uma mesa. Todas com 60 anos ou mais. Ali, o\u00a0 alimento representa mais do que a sobreviv\u00eancia do corpo ou o encontro social.<\/p>\n<p>Representa tamb\u00e9m o alimento de almas que compartilham o desejo de estar juntas. A cura da alma, ali\u00e1s, \u00e9 um ponto importante para o processo de cura em Psican\u00e1lise. Possibilita desvelar o que sentimos, em geral sentimentos e emo\u00e7\u00f5es escondidos sob o v\u00e9u do inconsciente.<\/p>\n<p>Logo no come\u00e7o do filme, as amigas incentivam a personagem principal, vi\u00fava h\u00e1 30 anos, a buscar uma companhia afetiva. Algo similar ao que acontece no lado ocidental do mundo, mas com diferen\u00e7as marcantes em termos de cultura e costumes. E de pol\u00edcia moral\/religiosa algo que n\u00e3o acontece no Brasil, um pa\u00eds laico.<\/p>\n<p>O filme \u00e9 dirigido por Maryam Moqadam e Behtash Sanaeeha e chegou \u00e0s telas no final de 2024. Tem como personagem principal Mahin (Lili Farhadpour), de 70 anos, cuja filha foi morar com a fam\u00edlia na Europa.<\/p>\n<p>Mahin mora sozinha em Teer\u00e3 e \u00e9 observada de perto por vizinhos que apoiam o Ir\u00e3 p\u00f3s-revolu\u00e7\u00e3o. Seus movimentos s\u00e3o observados. H\u00e1 uma amea\u00e7a constante sobre moral e costumes baseados na religi\u00e3o.<\/p>\n<p>Esse clima de opress\u00e3o que Mahin se nega a aceitar, tamb\u00e9m est\u00e1 presente nas ruas do Ir\u00e3.<\/p>\n<p>Nos parques de Teer\u00e3 a pol\u00edcia religiosa faz uma ca\u00e7a di\u00e1ria em nome da &#8220;moral e dos costumes&#8221;. Ela prende jovens por motivos que no Brasil considerar\u00edamos banais. Entre eles andar de m\u00e3os dadas com namorado ou por n\u00e3o tapar o cabelo &#8220;adequadamente&#8221; sob o v\u00e9u. A repress\u00e3o remete ao assassinato de uma jovem (2022) pela pol\u00edcia religiosa. (<a href=\"https:\/\/www.cnnbrasil.com.br\/internacional\/morte-de-mahsa-amini-sob-custodia-do-ira-foi-ilegal-diz-missao-da-onu\/\">Saiba mais<\/a>)<\/p>\n<p>Mas o tema da repress\u00e3o sobre o vestu\u00e1rio e coer\u00e7\u00e3o dos vizinhos \u00e9 s\u00f3 um ponto do filme, embora importante porque revela os desafios di\u00e1rios impostos \u00e0s mulheres.<\/p>\n<p>A hist\u00f3ria trata sobre envelhecimento, solid\u00e3o e sobre o direito a reconstruir a vida afetiva, independente da idade. E principalmente sobre a ousadia de Mahin ao sair em busca da felicidade.<\/p>\n<p>Embora o Brasil seja um pa\u00eds laico, ainda h\u00e1 muito preconceito sobre o direito de m\u00e3es e av\u00f3s voltarem a amar e (tentar) ser felizes. Mesmo que tenham sido educadas para amar, encontrar um &#8220;pr\u00edncipe&#8221; (que, \u00e0s vezes, vira sapo) e ser felizes &#8220;para sempre&#8221;.\u00a0Como se &#8220;para sempre&#8221; fosse poss\u00edvel, pois a vida \u00e9 intercalada de bons momentos com dores, derrotas e lutos.<\/p>\n<p>Ap\u00f3s ler a sinopse ou assistir o trailer do filme &#8220;Meu Bolo Favorito&#8221; muita gente espera um final feliz. Mesmo que os finais felizes s\u00f3 tenham come\u00e7ado a acontecer na literatura no s\u00e9culo 19.<\/p>\n<p>Para quem vive no s\u00e9culo 21 parece que o amor rom\u00e2ntico sempre existiu. Mera ilus\u00e3o. Basta ler os cl\u00e1ssicos da literatura universal para descobrir que era algo imposs\u00edvel.<\/p>\n<p>Muitas pessoas esperam o mesmo final feliz em s\u00e9ries, webs\u00e9ries e novelas, apesar de todos os percal\u00e7os durante o desenrolar da hist\u00f3ria. \u00c9 quase como um pr\u00eamio. Pode n\u00e3o ocorrer na vida real, mas em algum lugar, ainda que na fic\u00e7\u00e3o, algu\u00e9m alcan\u00e7a &#8220;a felicidade&#8221;. Como se ela dependesse de outra pessoa e n\u00e3o de cada uma de n\u00f3s.<\/p>\n<p>&#8220;Meu Bolo Favorito&#8221; mostra o encontro corajoso, doce e amoroso de Mahin e Faramarz (Esmaeel Mehrabi). E, principalmente mostra que o encontro amoroso e a felicidade que adv\u00e9m dele, pode ser intensa e poss\u00edvel, ainda que n\u00e3o dure toda vida.<\/p>\n<p>Trata-se de um filme impactante. Seja pela alegria, pela felicidade que emana e pela rebeldia amorosa de pessoas idosas. Seja pelo impacto da repress\u00e3o religiosa mais forte ap\u00f3s 2022. Ou pela vida mesma, com seus percal\u00e7os, desafios e reviravoltas. Ainda assim, vale a pena ir ao cinema.<\/p>\n<p>PS: O filme &#8220;<a href=\"https:\/\/www.youtube.com\/watch?v=IAXWFIY0S4Y\">A Semente do Fruto Sagrado<\/a>&#8220;, de Mohammad Rasoulof, que trata do tema da viol\u00eancia religiosa no Ir\u00e3, concorre ao Oscar de Melhor Filme Internacional, ao lado do brasileiro &#8220;Ainda Estou Aqui&#8221;.<\/p>\n<p>&nbsp;<\/p>\n","protected":false},"excerpt":{"rendered":"<p>Cosette Castro Bras\u00edlia &#8211; Est\u00e1 semana abri espa\u00e7o na agenda e fui a uma sess\u00e3o de cinema \u00e0s 16h30 em Bras\u00edlia. Com direito a \u00e1gua e pipoca. Escolhi um filme iraniano, &#8220;Meu Bolo Favorito&#8220;. O filme tem um dos trailers mais convidativos sobre rela\u00e7\u00f5es afetivas dos \u00faltimos tempos. Divertido, alegre e com um bolo lindo. Nada sugere o que vir\u00e1. [&hellip;]<\/p>\n","protected":false},"author":126,"featured_media":0,"comment_status":"open","ping_status":"open","sticky":false,"template":"","format":"standard","meta":{"footnotes":""},"categories":[9,1],"tags":[1456,1365,1453,5,1457,1454,1451,1452,1455,1458,71],"class_list":["post-2955","post","type-post","status-publish","format-standard","hentry","category-envelhecimento","category-sem-categoria","tag-a-semente-do-fruto-sagrado","tag-ainda-estou-aqui","tag-behtash-sanaeeha","tag-envelhecimento","tag-filme-iraniano","tag-lili-farhadpour","tag-maryam-moqadam","tag-meu-bolo-favorito","tag-mohammad-rasoulof","tag-oscar-2025","tag-solidao"],"_links":{"self":[{"href":"https:\/\/blogs.correiobraziliense.com.br\/coletivo-filhas-da-mae\/wp-json\/wp\/v2\/posts\/2955","targetHints":{"allow":["GET"]}}],"collection":[{"href":"https:\/\/blogs.correiobraziliense.com.br\/coletivo-filhas-da-mae\/wp-json\/wp\/v2\/posts"}],"about":[{"href":"https:\/\/blogs.correiobraziliense.com.br\/coletivo-filhas-da-mae\/wp-json\/wp\/v2\/types\/post"}],"author":[{"embeddable":true,"href":"https:\/\/blogs.correiobraziliense.com.br\/coletivo-filhas-da-mae\/wp-json\/wp\/v2\/users\/126"}],"replies":[{"embeddable":true,"href":"https:\/\/blogs.correiobraziliense.com.br\/coletivo-filhas-da-mae\/wp-json\/wp\/v2\/comments?post=2955"}],"version-history":[{"count":3,"href":"https:\/\/blogs.correiobraziliense.com.br\/coletivo-filhas-da-mae\/wp-json\/wp\/v2\/posts\/2955\/revisions"}],"predecessor-version":[{"id":2958,"href":"https:\/\/blogs.correiobraziliense.com.br\/coletivo-filhas-da-mae\/wp-json\/wp\/v2\/posts\/2955\/revisions\/2958"}],"wp:attachment":[{"href":"https:\/\/blogs.correiobraziliense.com.br\/coletivo-filhas-da-mae\/wp-json\/wp\/v2\/media?parent=2955"}],"wp:term":[{"taxonomy":"category","embeddable":true,"href":"https:\/\/blogs.correiobraziliense.com.br\/coletivo-filhas-da-mae\/wp-json\/wp\/v2\/categories?post=2955"},{"taxonomy":"post_tag","embeddable":true,"href":"https:\/\/blogs.correiobraziliense.com.br\/coletivo-filhas-da-mae\/wp-json\/wp\/v2\/tags?post=2955"}],"curies":[{"name":"wp","href":"https:\/\/api.w.org\/{rel}","templated":true}]}}