{"id":2923,"date":"2025-01-24T12:40:59","date_gmt":"2025-01-24T15:40:59","guid":{"rendered":"https:\/\/blogs.correiobraziliense.com.br\/coletivo-filhas-da-mae\/?p=2923"},"modified":"2025-01-24T15:11:54","modified_gmt":"2025-01-24T18:11:54","slug":"nos-tambem-estamos-aqui","status":"publish","type":"post","link":"https:\/\/blogs.correiobraziliense.com.br\/coletivo-filhas-da-mae\/2025\/01\/24\/nos-tambem-estamos-aqui\/","title":{"rendered":"N\u00f3s Tamb\u00e9m Estamos Aqui"},"content":{"rendered":"<p>Cosette Castro<\/p>\n<p>Bras\u00edlia &#8211; Esta \u00e9 uma semana emocionante para o cinema e a cultura nacional. O filme &#8220;Ainda Estou Aqui&#8221; foi indicado em tr\u00eas categorias para o Oscar 2025.\u00a0At\u00e9 hoje, o cinema nacional recebeu cinco indica\u00e7\u00f5es, mas (ainda) n\u00e3o trouxe nenhuma estatueta para casa.<\/p>\n<p>A festa do Oscar, dia 02 de mar\u00e7o, pode trazer boas surpresas. E, mesmo que voltem sem estatuetas na m\u00e3o, o cinema brasileiro e seus representantes j\u00e1 podem se considerar premiados com a ampla divulga\u00e7\u00e3o, avalia\u00e7\u00e3o positiva dos cr\u00edticos internacionais de cinema e assist\u00eancia ao filme em diferentes pa\u00edses.\u00a0Se voc\u00ea ainda n\u00e3o assistiu &#8220;Ainda Estou Aqui&#8221;, veja o trailer <a href=\"https:\/\/www.youtube.com\/watch?v=_NzqP0jmk3o\">Aqui.<\/a><\/p>\n<p>Nos Estados Unidos, Fernanda Torres, vencedora do Globo de Ouro 2025 na categoria de melhor atriz, segue o p\u00e9riplo de programas de entrevistas, divulgando o filme, ao lado do ator Shelton Mello e do diretor Walter Salles. Isso aumenta o conhecimento sobre o filme, sobre a hist\u00f3ria recente do pa\u00eds e sobre a cultura brasileira. No caso de Fernanda Torres, ela tamb\u00e9m d\u00e1 entrevistas em franc\u00eas e italiano, mostrando o quanto \u00e9 importante falar mais de uma l\u00edngua fluentemente para tornar um projeto conhecido.<\/p>\n<p>No Brasil, o filme &#8220;Ainda Estou Aqui&#8221; vendeu mais de 3,5 milh\u00f5es de ingressos, mostrando o potencial do nosso audiovisual. Ali\u00e1s, a ainda pouco conhecida ind\u00fastria do audiovisual, que inclui filmes, novelas e series,\u00a0supera a ind\u00fastria farmac\u00eautica, t\u00eaxtil e de equipamentos eletr\u00f4nicos nacional, segundo apontou estudo divulgado pela Ag\u00eancia Nacional do Cinema (Ancine) em 2020.<\/p>\n<p>Embora parte da popula\u00e7\u00e3o brasileira siga tratando a arte e a cultura como produtos de segunda categoria, em 2019 o impacto direto da ind\u00fastria do audiovisual na economia foi de 24,5 bilh\u00f5es de reais. E n\u00e3o s\u00f3 isso. O audiovisual nacional gerou 657 mil empregos diretos e indiretos.<\/p>\n<p>Isso ocorre porque quase 70% dos gastos de cada produ\u00e7\u00e3o audiovisual s\u00e3o destinados a diferentes \u00e1reas. Entre elas a de constru\u00e7\u00e3o, alimenta\u00e7\u00e3o, hospedagem, transporte, servi\u00e7os jur\u00eddicos e de seguran\u00e7a, conforme aponta estudo da\u00a0consultoria internacional Olsberg SPI. Saiba mais <a href=\"https:\/\/www.uol.com.br\/splash\/colunas\/ricky-hiraoka\/2025\/01\/24\/ainda-estou-aqui-cinema-nacional.htm\">Aqui.<\/a><\/p>\n<p>Mais do que a quest\u00e3o econ\u00f4mica, a arte e a cultura resgatam nossa mem\u00f3ria e ampliam nosso repert\u00f3rio, seja atrav\u00e9s de historias ficcionais, como\u00a0 o filme &#8220;Auto da Compadecida 1 e 2&#8221;, seja atrav\u00e9s de historias ver\u00eddicas, como a da fam\u00edlia Paiva, no filme &#8220;Ainda Estou Aqui&#8221;. E, em muitos casos, trazem de volta essa sensa\u00e7\u00e3o compartilhada de orgulho de ser brasileira e brasileiro, ao disfrutar de vit\u00f3rias n\u00e3o s\u00f3 no esporte, mas tamb\u00e9m produ\u00e7\u00f5es audiovisuais nacionais.<\/p>\n<p><strong>Oficinas Pr\u00e9-Carnaval e o Programa Terceiras Inten\u00e7\u00f5es<\/strong><\/p>\n<p>Na pr\u00f3xima semana come\u00e7am\u00a0 os projetos de arte e cultura popular com as Oficinas gratuitas de Samba no P\u00e9 do Coletivo Filhas da M\u00e3e.\u00a0Uma prepara\u00e7\u00e3o para os festejos carnavalescos.<\/p>\n<p>Ser\u00e3o realizadas duas atividades: 1)\u00a0<strong>Esquenta Carnaval 2025<\/strong>, que vai ocorrer dia 16 de fevereiro no beco da Infinu, na Asa Sul, em Bras\u00edlia, com participa\u00e7\u00e3o da fanfarra da Capivareta Repercussiva<\/p>\n<p>2)\u00a0<strong>Cortejo P\u00f3s-Carnaval<\/strong> que vai acontecer no domingo, dia 09 de mar\u00e7o, na Asa Norte com o Coletivo de Blocos da Sa\u00fade Mental<\/p>\n<p>No Coletivo Filhas da M\u00e3e apostamos na arte, na cultura, na\u00a0 brincadeira, no riso e na alegria como espa\u00e7os de promo\u00e7\u00e3o da sa\u00fade mental.<\/p>\n<p>As Oficinas de Samba no P\u00e9\u00a0 come\u00e7am na ter\u00e7a, dia 28, e v\u00e3o acontecer semanalmente na ter\u00e7as e quintas-feiras, das 10 \u00e0s 12h, no Centro Longeviver, localizado na Quadra 601 da Asa Sul, no 2o. andar do Ed. Provid\u00eancia. Basta chegar e se inscrever na hora. (Aproveite para levar algo para o lanche compartilhado).<\/p>\n<p>Na noite de ter\u00e7a, dia 28, tamb\u00e9m acontecer\u00e1 a primeira edi\u00e7\u00e3o de 2025 do <strong>Programa de Entrevistas Terceiras Inten\u00e7\u00f5es<\/strong>, que entra no seu 4o. ano de atividade.<\/p>\n<p>Em janeiro, a entrevistada \u00e9 a advogada Clarissa Franco, que vai falar sobre Planos de Sa\u00fade. O programa Terceiras Inten\u00e7\u00f5es ocorre ao vivo, das 19 \u00e0s 20h, pelo canal do You Tube FILHAS DA M\u00c3E COLETIVO e \u00e9 apresentado pela jornalista M\u00f4nica Carvalho.<\/p>\n<p>PS: Cuidadoras volunt\u00e1rias do Coletivo est\u00e3o produzindo tiaras, ombreiras e brincos de carnaval que ser\u00e3o vendidos para subsidiar os gastos com o Carnaval 2025.<\/p>\n","protected":false},"excerpt":{"rendered":"<p>Cosette Castro Bras\u00edlia &#8211; Esta \u00e9 uma semana emocionante para o cinema e a cultura nacional. O filme &#8220;Ainda Estou Aqui&#8221; foi indicado em tr\u00eas categorias para o Oscar 2025.\u00a0At\u00e9 hoje, o cinema nacional recebeu cinco indica\u00e7\u00f5es, mas (ainda) n\u00e3o trouxe nenhuma estatueta para casa. A festa do Oscar, dia 02 de mar\u00e7o, pode trazer boas surpresas. E, mesmo que [&hellip;]<\/p>\n","protected":false},"author":126,"featured_media":0,"comment_status":"open","ping_status":"open","sticky":false,"template":"","format":"standard","meta":{"footnotes":""},"categories":[1446],"tags":[1365,1444,2,924,20,1366,553,1448,1447],"class_list":["post-2923","post","type-post","status-publish","format-standard","hentry","category-carnaval-2025","tag-ainda-estou-aqui","tag-carnaval-2025","tag-cuidado","tag-cuidado-coletivo","tag-cuidadoras-familiares","tag-fernanda-torres","tag-programa-terceiras-intencoes","tag-shelton-mello","tag-walter-salles"],"_links":{"self":[{"href":"https:\/\/blogs.correiobraziliense.com.br\/coletivo-filhas-da-mae\/wp-json\/wp\/v2\/posts\/2923","targetHints":{"allow":["GET"]}}],"collection":[{"href":"https:\/\/blogs.correiobraziliense.com.br\/coletivo-filhas-da-mae\/wp-json\/wp\/v2\/posts"}],"about":[{"href":"https:\/\/blogs.correiobraziliense.com.br\/coletivo-filhas-da-mae\/wp-json\/wp\/v2\/types\/post"}],"author":[{"embeddable":true,"href":"https:\/\/blogs.correiobraziliense.com.br\/coletivo-filhas-da-mae\/wp-json\/wp\/v2\/users\/126"}],"replies":[{"embeddable":true,"href":"https:\/\/blogs.correiobraziliense.com.br\/coletivo-filhas-da-mae\/wp-json\/wp\/v2\/comments?post=2923"}],"version-history":[{"count":13,"href":"https:\/\/blogs.correiobraziliense.com.br\/coletivo-filhas-da-mae\/wp-json\/wp\/v2\/posts\/2923\/revisions"}],"predecessor-version":[{"id":2936,"href":"https:\/\/blogs.correiobraziliense.com.br\/coletivo-filhas-da-mae\/wp-json\/wp\/v2\/posts\/2923\/revisions\/2936"}],"wp:attachment":[{"href":"https:\/\/blogs.correiobraziliense.com.br\/coletivo-filhas-da-mae\/wp-json\/wp\/v2\/media?parent=2923"}],"wp:term":[{"taxonomy":"category","embeddable":true,"href":"https:\/\/blogs.correiobraziliense.com.br\/coletivo-filhas-da-mae\/wp-json\/wp\/v2\/categories?post=2923"},{"taxonomy":"post_tag","embeddable":true,"href":"https:\/\/blogs.correiobraziliense.com.br\/coletivo-filhas-da-mae\/wp-json\/wp\/v2\/tags?post=2923"}],"curies":[{"name":"wp","href":"https:\/\/api.w.org\/{rel}","templated":true}]}}