{"id":2899,"date":"2025-01-13T09:20:36","date_gmt":"2025-01-13T12:20:36","guid":{"rendered":"https:\/\/blogs.correiobraziliense.com.br\/coletivo-filhas-da-mae\/?p=2899"},"modified":"2025-01-13T11:00:31","modified_gmt":"2025-01-13T14:00:31","slug":"os-porteiros-e-o-cuidado-indireto-2","status":"publish","type":"post","link":"https:\/\/blogs.correiobraziliense.com.br\/coletivo-filhas-da-mae\/2025\/01\/13\/os-porteiros-e-o-cuidado-indireto-2\/","title":{"rendered":"Os Porteiros e o Cuidado Indireto 2"},"content":{"rendered":"<p style=\"text-align: left\">Cosette Castro<\/p>\n<p>Bras\u00edlia &#8211; O texto de hoje \u00e9 uma homenagem \u00e0s pessoas que trabalham em portarias de pr\u00e9dios residenciais e condom\u00ednios. Eles e elas realizam diariamente um cuidado indireto aos moradores, muito al\u00e9m do que a fun\u00e7\u00e3o exige.<\/p>\n<p>Mas tem gente que n\u00e3o se da conta desse importante trabalho e quer &#8220;economizar&#8221; demitindo funcion\u00e1rios, como mostra o texto abaixo.<\/p>\n<p>&#8220;Com o processo de automa\u00e7\u00e3o, uma das profiss\u00f5es que se encontram em risco de extin\u00e7\u00e3o \u00e9 a de porteiro.<\/p>\n<p>Muita gente pensa nesses profissionais como custo extra\u00a0 ou como peso no or\u00e7amento dos edif\u00edcios residenciais e condom\u00ednios. N\u00e3o levam em considera\u00e7\u00e3o outros fatores que v\u00e3o muito al\u00e9m da quest\u00e3o financeira e do poss\u00edvel aumento na seguran\u00e7a dos pr\u00e9dios.<\/p>\n<p>Porteiros\u00a0 conhecem a rotina de cada morador e moradora dos edif\u00edcios onde trabalham. Mesmo que a pessoa s\u00f3 lhe diga bom dia e boa noite. Ou sequer isso.<\/p>\n<p>Eles sabem a hora que sa\u00edmos para trabalhar, passear com filhos e animais de estima\u00e7\u00e3o. Sabem quem acorda cedo e quem acorda mais tarde. Quem tem h\u00e1bito de fazer exerc\u00edcios e quem \u00e9 sedent\u00e1rio.<\/p>\n<p>Porteiros guardam chaves. Anotam recados e recebem encomendas. Avisam se algu\u00e9m esqueceu o farol do carro ligado. Ajudam no caso de acidentes dom\u00e9sticos e urg\u00eancias de sa\u00fade.<\/p>\n<p>Acompanham o crescimento dos filhos dos moradores, sejam inquilinos ou propriet\u00e1rios. Assistem a chegada de novos casais, casamentos\u00a0 e\u00a0 separa\u00e7\u00f5es que nem sempre ocorrem de forma tranquila. Eles tamb\u00e9m acompanham a fragilidade humana, com suas dores, doen\u00e7as e finitudes.<\/p>\n<p>Porteiros podem ser a \u00fanica rela\u00e7\u00e3o humana cotidiana de pessoas solit\u00e1rias, independente da idade, e de pessoas idosas.<\/p>\n<p>Conhecemos casos de moradores que levam uma t\u00e9rmica com leite e p\u00e3o para tomar caf\u00e9 da manh\u00e3 e bater papo na portaria. Ou que passam diariamente para comentar as not\u00edcias do dia. Da pol\u00edtica ao futebol.<\/p>\n<p>\u00c9 verdade que a terceiriza\u00e7\u00e3o do servi\u00e7o contratando empresas que fazem rod\u00edzio\u00a0 de funcion\u00e1rios na portaria \u00e9, aparentemente, uma economia. E que uma portaria sem funcion\u00e1rios reduz o valor do condom\u00ednio<\/p>\n<p>Para alguns, a informatiza\u00e7\u00e3o, que extingue o servi\u00e7o de portaria presencial passando para uma portaria remota, \u00e9 uma solu\u00e7\u00e3o moderna, mais barata e aparentemente segura. At\u00e9 que caia a rede el\u00e9trica e a internet, que o sistema \u00e0 dist\u00e2ncia apresente problemas. Ou que, em uma emerg\u00eancia, a equipe remota, pequena, impessoal e que atende v\u00e1rios predios ao mesmo tempo, n\u00e3o consiga chegar a tempo.<\/p>\n<p>Essas pessoas n\u00e3o levam em conta o envolvimento humano, os v\u00ednculos afetivos que foram criados e a rela\u00e7\u00e3o de confian\u00e7a que se estabelece entre moradores e porteiros. Isso n\u00e3o tem pre\u00e7o.<\/p>\n<p>Segundo a Rela\u00e7\u00e3o Anual das Informa\u00e7\u00f5es Sociais (RAIS, 2020) h\u00e1 mais de 500 mil porteiros no Brasil. Parte deles atua em pr\u00e9dios residenciais e condom\u00ednios. Este grupo, apesar da pouca forma\u00e7\u00e3o, se caracteriza por ser um cuidador indireto que ajuda\u00a0 pessoas idosas. Eles e elas costumam ficar &#8220;de olho&#8221;. E muitas vezes conhecem mais as necessidades das pessoas 60+ que a pr\u00f3pria fam\u00edlia.<\/p>\n<p>Em 2010, uma pesquisa da Organiza\u00e7\u00e3o Mundial da Sa\u00fade (OMS), inclusive no Brasil, identificou a import\u00e2ncia do papel desses profissionais na qualidade de vida das pessoas idosas. Uma popula\u00e7\u00e3o que cresce rapidamente no pa\u00eds.<\/p>\n<p>Em 2023, a popula\u00e7\u00e3o com 60 anos ou mais chegou a 33 milh\u00f5es de pessoas, segundo o Instituto Brasileiro de Geografia e Estat\u00edstica (IBGE). O dobro de 2020. E as proje\u00e7\u00f5es para 2070 do IBGE indicam que 37,8% da popula\u00e7\u00e3o ser\u00e1 60+.<\/p>\n<p>Segundo a ONU (2022) somos o sexto pa\u00eds do mundo com maior n\u00famero de pessoas idosas. Em tempos de envelhecimento populacional precisamos de pessoas e profissionais que contribuam para o cuidado coletivo e a sa\u00fade f\u00edsica e emocional das pessoas idosas. Porteiros inclu\u00eddos.&#8221;<\/p>\n<p>PS: Este artigo foi publicado em abril de 2023, redigido por Cosette Castro e revisado por Ana Castro, sendo atualizado para esta edi\u00e7\u00e3o.<\/p>\n<p>PS 2: Desde 2020 a RAIS vem sendo substituida gradualmente pelo\u00a0Sistema de Escritura\u00e7\u00e3o Digital das Obriga\u00e7\u00f5es Fiscais, Previdenci\u00e1rias e Trabalhistas (eSocial).<\/p>\n","protected":false},"excerpt":{"rendered":"<p>Cosette Castro Bras\u00edlia &#8211; O texto de hoje \u00e9 uma homenagem \u00e0s pessoas que trabalham em portarias de pr\u00e9dios residenciais e condom\u00ednios. Eles e elas realizam diariamente um cuidado indireto aos moradores, muito al\u00e9m do que a fun\u00e7\u00e3o exige. Mas tem gente que n\u00e3o se da conta desse importante trabalho e quer &#8220;economizar&#8221; demitindo funcion\u00e1rios, como mostra o texto abaixo. [&hellip;]<\/p>\n","protected":false},"author":126,"featured_media":0,"comment_status":"open","ping_status":"open","sticky":false,"template":"","format":"standard","meta":{"footnotes":""},"categories":[1441],"tags":[924,789,376,287,26,1442],"class_list":["post-2899","post","type-post","status-publish","format-standard","hentry","category-cuidado-indireto","tag-cuidado-coletivo","tag-cuidado-indireto","tag-ibge","tag-onu","tag-porteiros","tag-rais"],"_links":{"self":[{"href":"https:\/\/blogs.correiobraziliense.com.br\/coletivo-filhas-da-mae\/wp-json\/wp\/v2\/posts\/2899","targetHints":{"allow":["GET"]}}],"collection":[{"href":"https:\/\/blogs.correiobraziliense.com.br\/coletivo-filhas-da-mae\/wp-json\/wp\/v2\/posts"}],"about":[{"href":"https:\/\/blogs.correiobraziliense.com.br\/coletivo-filhas-da-mae\/wp-json\/wp\/v2\/types\/post"}],"author":[{"embeddable":true,"href":"https:\/\/blogs.correiobraziliense.com.br\/coletivo-filhas-da-mae\/wp-json\/wp\/v2\/users\/126"}],"replies":[{"embeddable":true,"href":"https:\/\/blogs.correiobraziliense.com.br\/coletivo-filhas-da-mae\/wp-json\/wp\/v2\/comments?post=2899"}],"version-history":[{"count":8,"href":"https:\/\/blogs.correiobraziliense.com.br\/coletivo-filhas-da-mae\/wp-json\/wp\/v2\/posts\/2899\/revisions"}],"predecessor-version":[{"id":2907,"href":"https:\/\/blogs.correiobraziliense.com.br\/coletivo-filhas-da-mae\/wp-json\/wp\/v2\/posts\/2899\/revisions\/2907"}],"wp:attachment":[{"href":"https:\/\/blogs.correiobraziliense.com.br\/coletivo-filhas-da-mae\/wp-json\/wp\/v2\/media?parent=2899"}],"wp:term":[{"taxonomy":"category","embeddable":true,"href":"https:\/\/blogs.correiobraziliense.com.br\/coletivo-filhas-da-mae\/wp-json\/wp\/v2\/categories?post=2899"},{"taxonomy":"post_tag","embeddable":true,"href":"https:\/\/blogs.correiobraziliense.com.br\/coletivo-filhas-da-mae\/wp-json\/wp\/v2\/tags?post=2899"}],"curies":[{"name":"wp","href":"https:\/\/api.w.org\/{rel}","templated":true}]}}