{"id":2811,"date":"2024-12-09T13:31:11","date_gmt":"2024-12-09T16:31:11","guid":{"rendered":"https:\/\/blogs.correiobraziliense.com.br\/coletivo-filhas-da-mae\/?p=2811"},"modified":"2024-12-10T09:22:46","modified_gmt":"2024-12-10T12:22:46","slug":"em-05-anos-temos-muito-o-que-contar","status":"publish","type":"post","link":"https:\/\/blogs.correiobraziliense.com.br\/coletivo-filhas-da-mae\/2024\/12\/09\/em-05-anos-temos-muito-o-que-contar\/","title":{"rendered":"Em 05 Anos Temos Muito o Que Contar"},"content":{"rendered":"<p>Cosette Castro<\/p>\n<p>Bras\u00edlia &#8211; No m\u00eas em que comemora 05 anos de atividades, o Coletivo Filhas da M\u00e3e entra no ritmo de comemora\u00e7\u00e3o com\u00a0 atividades presenciais e online.<\/p>\n<p>No domingo, dia 08, dentro do Projeto Caminhantes, realizamos mais uma trilha urbana em Bras\u00edlia: &#8220;Os Caminhos de Athos Bulc\u00e3o na Asa Sul.&#8221; O roteiro, in\u00e9dito, d\u00e1 continuidade, as duas edi\u00e7\u00f5es anteriores em homenagem ao artista pl\u00e1stico e \u00e0 mem\u00f3ria da cidade, realizadas na Asa Norte. (<a href=\"https:\/\/forms.gle\/7Jq1zpFh9LhnrFuC6\">Veja as fotos aqui)<\/a><\/p>\n<p>N\u00e3o caminhamos ao acaso. Al\u00e9m de estar presente todos os domingos em parques da Capital Federal, apostamos em projetos que relacionam meio ambiente, caminhadas e arte como espa\u00e7o de promo\u00e7\u00e3o da sa\u00fade f\u00edsica e mental de quem cuida.<\/p>\n<p>No pr\u00f3ximo domingo, dia 15\/12, ser\u00e1 realizada a\u00a0 \u00faltima trilha de 2024, ano em que realizamos 47 caminhadas. \u00c9 a II Caminhada em Apoio ao Fim da Viol\u00eancia Contra as Mulheres. Mais uma vez estaremos no Parque das Gar\u00e7as, no Lago Norte, \u00e0s 8h30, em parceria com o Grupo Caminhadas de Bras\u00edlia.\u00a0<a href=\"https:\/\/chat.whatsapp.com\/B9ZHr79tC4IDiF0Ocse4LS\">Entrar no grupo aqui<\/a>.<\/p>\n<p>Nestes cinco anos, criamos o primeiro bloco de carnaval no pa\u00eds a ocupar \u00e0s ruas falando e cantando sobre quem cuida de quem cuida, sobre mem\u00f3ria e sobre dem\u00eancias. Inclusive trazendo \u00e0s ruas pessoas de diferentes idades que nunca tinham pulado carnaval.<\/p>\n<p>A ideia, quando criamos o Coletivo Filhas da M\u00e3e, foi chamar a aten\u00e7\u00e3o da popula\u00e7\u00e3o sobre as mulheres, invisibilizadas no trabalho gratuito do cuidado. E tratar sobre temas dif\u00edceis de lidar, principalmente quando se trata de perder diariamente, aos poucos, um familiar, que vai deixando de reconhecer filhas e filhos.<\/p>\n<p>Diante de um tema t\u00e3o pesado, s\u00f3 a leveza e a alegria que o carnaval representa poderia fazer a diferen\u00e7a e alcan\u00e7ar diferentes p\u00fablicos. \u00a0Nunca sozinhas, sempre em parceria. Desta vez com o mais antigo bloco da sa\u00fade mental de Bras\u00edlia, o Rivotrio. Em 2023 criamos o coletivo dos Blocos de Carnaval da Sa\u00fade Mental do Distrito Federal.<\/p>\n<p>Antes do carnaval h\u00e1 muito trabalho invis\u00edvel e volunt\u00e1rio que come\u00e7a ainda em dezembro. Entre eles, os preparativos\u00a0 para oficinas de samba no p\u00e9, estandartes, customiza\u00e7\u00e3o de camisetas e tiaras, al\u00e9m dos eventos de Esquenta Carnaval.\u00a0 S\u00e3o espa\u00e7os para promover o encontro e o v\u00ednculo entre as pessoas que cuidam. E para conversar e dar risada, embora inicialmente sejam risos contidos pelas dificuldades cotidianas do cuidado gratuito de pessoas doentes.<\/p>\n<p>Nossa pergunta de origem ainda \u00e9: <em>Quem Cuida de Quem Cuida?<\/em> Nem sempre as fam\u00edlias est\u00e3o presentes e h\u00e1 uma sensa\u00e7\u00e3o de solid\u00e3o que permeia as cuidadoras familiares de todo o pa\u00eds, independente de quem cuidem e da idade do familiar. Muitas s\u00e3o cuidadoras sanduiches, cuidando de filhos, netos e pais ao mesmo tempo.<\/p>\n<p>Para acolher as cuidadoras sem remunera\u00e7\u00e3o criamos um grupo no Whats App que funciona todos os dias, das 7 \u00e0s 22h. Algo em torno de 23.630 horas de troca de informa\u00e7\u00f5es, dicas e afeto em cinco anos, sem computar este m\u00eas de dezembro.<\/p>\n<p>Em geral, pessoas que cuidam esquecem de si mesmas para cuidar gratuitamente de um ou mais familiares. E muitas vezes, adoecem f\u00edsica e emocionalmente, al\u00e9m de empobrecer, se endividar e ficar esgotadas. Por isso, grupos de acolhimento e rodas de conversa, virtuais e presenciais, s\u00e3o t\u00e3o importantes.<\/p>\n<p>Os projetos do Coletivo Filhas da M\u00e3e s\u00e3o voltados para estimular o autocuidado e o cuidado coletivo e para sair da Sociedade da Viol\u00eancia em que vivemos, principalmente contra as mulheres. O objetivo \u00e9 construir uma Sociedade do Cuidado.<\/p>\n<p>Para isso, precisamos de Leis, como a rec\u00e9m aprovada Pol\u00edtica Nacional de Cuidados, de Planos para aplica\u00e7\u00e3o da Lei, estrat\u00e9gias, or\u00e7amento e campanhas informativas em diferentes \u00e1reas, como sa\u00fade, educa\u00e7\u00e3o e assist\u00eancia social. Tamb\u00e9m \u00e9 preciso informa\u00e7\u00e3o e saber lidar bem com as tecnologias digitais.<\/p>\n<p><img loading=\"lazy\" decoding=\"async\" class=\"size-medium wp-image-2813 aligncenter\" src=\"https:\/\/blogs.correiobraziliense.com.br\/coletivo-filhas-da-mae\/wp-content\/uploads\/sites\/60\/2024\/12\/oficina-com-Fabiana-Sim\u00f5es-300x300.jpg\" alt=\"\" width=\"300\" height=\"300\" srcset=\"https:\/\/blogs.correiobraziliense.com.br\/coletivo-filhas-da-mae\/wp-content\/uploads\/sites\/60\/2024\/12\/oficina-com-Fabiana-Sim\u00f5es-300x300.jpg 300w, https:\/\/blogs.correiobraziliense.com.br\/coletivo-filhas-da-mae\/wp-content\/uploads\/sites\/60\/2024\/12\/oficina-com-Fabiana-Sim\u00f5es-150x150.jpg 150w, https:\/\/blogs.correiobraziliense.com.br\/coletivo-filhas-da-mae\/wp-content\/uploads\/sites\/60\/2024\/12\/oficina-com-Fabiana-Sim\u00f5es-768x768.jpg 768w, https:\/\/blogs.correiobraziliense.com.br\/coletivo-filhas-da-mae\/wp-content\/uploads\/sites\/60\/2024\/12\/oficina-com-Fabiana-Sim\u00f5es-1024x1024.jpg 1024w, https:\/\/blogs.correiobraziliense.com.br\/coletivo-filhas-da-mae\/wp-content\/uploads\/sites\/60\/2024\/12\/oficina-com-Fabiana-Sim\u00f5es-800x800.jpg 800w, https:\/\/blogs.correiobraziliense.com.br\/coletivo-filhas-da-mae\/wp-content\/uploads\/sites\/60\/2024\/12\/oficina-com-Fabiana-Sim\u00f5es-550x550.jpg 550w, https:\/\/blogs.correiobraziliense.com.br\/coletivo-filhas-da-mae\/wp-content\/uploads\/sites\/60\/2024\/12\/oficina-com-Fabiana-Sim\u00f5es-230x230.jpg 230w, https:\/\/blogs.correiobraziliense.com.br\/coletivo-filhas-da-mae\/wp-content\/uploads\/sites\/60\/2024\/12\/oficina-com-Fabiana-Sim\u00f5es.jpg 1280w\" sizes=\"auto, (max-width: 300px) 100vw, 300px\" \/><\/p>\n<p>Pensando nisso, o Coletivo Filhas da M\u00e3e vai realizar na quinta-feira, dia 12, Oficina presencial gratuita sobre os usos do celular com a professora Fabiana Sim\u00f5es, em Bras\u00edlia. \u00c9 um bom momento para tirar d\u00favidas e aprender mais. <a href=\"https:\/\/forms.gle\/7Jq1zpFh9LhnrFuC6\">Inscri\u00e7\u00f5es aqui<\/a><\/p>\n<p>PS: Ter\u00e7a-feira, 10\/12, \u00e9 o dia internacional dos Direitos Humanos, cuja Declara\u00e7\u00e3o Universal foi criada h\u00e1 76 anos. Em 2023, o\u00a0 Coletivo Filhas da M\u00e3e recebeu o Pr\u00eamio Marielle Franco de Defesa dos Direitos Humanos\/CLDF.<\/p>\n<p>PS 2: A partir desta semana estaremos vendendo camiseta\u00a0 comemorativa de cinco anos. Apoie o Coletivo Filhas da M\u00e3e. <a href=\"https:\/\/chat.whatsapp.com\/LAM2cEjcm954EtK1NztaQQ\">Link para compra aqui<\/a>.<\/p>\n","protected":false},"excerpt":{"rendered":"<p>Cosette Castro Bras\u00edlia &#8211; No m\u00eas em que comemora 05 anos de atividades, o Coletivo Filhas da M\u00e3e entra no ritmo de comemora\u00e7\u00e3o com\u00a0 atividades presenciais e online. No domingo, dia 08, dentro do Projeto Caminhantes, realizamos mais uma trilha urbana em Bras\u00edlia: &#8220;Os Caminhos de Athos Bulc\u00e3o na Asa Sul.&#8221; O roteiro, in\u00e9dito, d\u00e1 continuidade, as duas edi\u00e7\u00f5es anteriores [&hellip;]<\/p>\n","protected":false},"author":126,"featured_media":0,"comment_status":"open","ping_status":"open","sticky":false,"template":"","format":"standard","meta":{"footnotes":""},"categories":[11,1],"tags":[1396,848,1414,1413,977],"class_list":["post-2811","post","type-post","status-publish","format-standard","hentry","category-cuidado-e-autocuidado","category-sem-categoria","tag-fabiana-simoes","tag-grupo-caminhadas-brasilia-gcb","tag-i-caminhada-em-apoio-ao-fim-da-violencia-contra-as-mulheres","tag-oficina-descobrindo-os-usos-do-celular","tag-parque-das-garcas"],"_links":{"self":[{"href":"https:\/\/blogs.correiobraziliense.com.br\/coletivo-filhas-da-mae\/wp-json\/wp\/v2\/posts\/2811","targetHints":{"allow":["GET"]}}],"collection":[{"href":"https:\/\/blogs.correiobraziliense.com.br\/coletivo-filhas-da-mae\/wp-json\/wp\/v2\/posts"}],"about":[{"href":"https:\/\/blogs.correiobraziliense.com.br\/coletivo-filhas-da-mae\/wp-json\/wp\/v2\/types\/post"}],"author":[{"embeddable":true,"href":"https:\/\/blogs.correiobraziliense.com.br\/coletivo-filhas-da-mae\/wp-json\/wp\/v2\/users\/126"}],"replies":[{"embeddable":true,"href":"https:\/\/blogs.correiobraziliense.com.br\/coletivo-filhas-da-mae\/wp-json\/wp\/v2\/comments?post=2811"}],"version-history":[{"count":7,"href":"https:\/\/blogs.correiobraziliense.com.br\/coletivo-filhas-da-mae\/wp-json\/wp\/v2\/posts\/2811\/revisions"}],"predecessor-version":[{"id":2820,"href":"https:\/\/blogs.correiobraziliense.com.br\/coletivo-filhas-da-mae\/wp-json\/wp\/v2\/posts\/2811\/revisions\/2820"}],"wp:attachment":[{"href":"https:\/\/blogs.correiobraziliense.com.br\/coletivo-filhas-da-mae\/wp-json\/wp\/v2\/media?parent=2811"}],"wp:term":[{"taxonomy":"category","embeddable":true,"href":"https:\/\/blogs.correiobraziliense.com.br\/coletivo-filhas-da-mae\/wp-json\/wp\/v2\/categories?post=2811"},{"taxonomy":"post_tag","embeddable":true,"href":"https:\/\/blogs.correiobraziliense.com.br\/coletivo-filhas-da-mae\/wp-json\/wp\/v2\/tags?post=2811"}],"curies":[{"name":"wp","href":"https:\/\/api.w.org\/{rel}","templated":true}]}}